{"id":127026,"date":"2025-05-25T13:31:46","date_gmt":"2025-05-25T13:31:46","guid":{"rendered":"https:\/\/www.europesays.com\/fr\/127026\/"},"modified":"2025-05-25T13:31:46","modified_gmt":"2025-05-25T13:31:46","slug":"on-prend-cher-cette-annee-et-ce-nest-pas-pret-de-sarreter","status":"publish","type":"post","link":"https:\/\/www.europesays.com\/fr\/127026\/","title":{"rendered":"on prend cher cette ann\u00e9e, et ce n&rsquo;est pas pr\u00eat de s&rsquo;arr\u00eater"},"content":{"rendered":"<p><b>Depuis plusieurs semaines, Strasbourg est en alerte rouge pour le pollen, et tout particuli\u00e8rement les gramin\u00e9es. Le r\u00e9sultat du tout nouvel \u00ab Indice Pollen \u00bb d\u2019Atmo Grand Est, qui est d\u00e9sormais charg\u00e9 de surveiller nos nez qui coulent. Un indice utile, alors que l\u2019OMS estime que 50 % de la population sera touch\u00e9e par au moins une maladie allergique en 2050.<\/b><\/p>\n<p class=\"p1\">Alerte nez qui coulent, yeux qui piquent et gorges qui grattent \u00e0 Strasbourg. <b>Ces derni\u00e8res semaines, avec le retour des beaux jours et des hautes temp\u00e9ratures, nombreux\/ses ont \u00e9t\u00e9 les Strasbourgeois(es) touch\u00e9(e)s par les allergies<\/b>.<\/p>\n<p class=\"p1\">Car avec les bourgeons et le beau temps, vient g\u00e9n\u00e9ralement le vent, qui transporte les minuscules grains produits par les plantes pour se reproduire vers nos yeux, nos gorges et nos poumons. <b>Un ph\u00e9nom\u00e8ne qui touche aujourd\u2019hui en France 20\u00a0% des enfants \u00e0 partir de 9 ans et de 30\u00a0% des adultes<\/b>, tandis que 6 millions de Fran\u00e7ais(es) souffrent d\u2019asthme. Des chiffres en constante augmentation.<\/p>\n<p>    <img width=\"800\" height=\"533\" src=\"https:\/\/www.europesays.com\/fr\/wp-content\/uploads\/2025\/05\/vegetaux-quais-4-800x533.jpg\" class=\"attachment-image-size-L size-image-size-L\" alt=\"V\u00e9g\u00e9taux quais (4) plantes fleurs\" decoding=\"async\" loading=\"lazy\"  \/>         \u00a9 Marie Goehner-David \/ Pokaa <\/p>\n<p>Un nouvel indice pour surveiller la concentration de pollen \u00e0 Strasbourg et en France<\/p>\n<p class=\"p1\">Heureusement, un nouvel outil est pr\u00e9sent depuis avril pour mesurer la concentration de pollen \u00e0 Strasbourg et en France : <b>l\u2019indice pollen national<\/b>. Il se substitue au R\u00e9seau national de surveillance a\u00e9robiologique\u00a0(RNSA), association charg\u00e9e depuis trente ans de produire des bulletins polliniques et des alertes, qui a \u00e9t\u00e9 plac\u00e9 en liquidation judiciaire, le 26\u00a0mars dernier.<\/p>\n<p class=\"p1\"><b>Utilisant l\u2019IA, il pr\u00e9voit la concentration de six esp\u00e8ces allergisantes majeures (dont gramin\u00e9es, ambroisie, bouleau\u2026) jusqu\u2019\u00e0 J+2 \u00e0 l\u2019\u00e9chelle de chaque commune<\/b>. Un compl\u00e9ment essentiel aux 7 capteurs d\u00e9j\u00e0 install\u00e9s par Atmo Grand Est dans la r\u00e9gion, dont un \u00e0 Strasbourg sur le toit des H\u00f4pitaux universitaires.<\/p>\n<p>    <img width=\"800\" height=\"406\" src=\"https:\/\/www.europesays.com\/fr\/wp-content\/uploads\/2025\/05\/capture-decran-2025-05-20-a-112237-800x406.png\" class=\"attachment-image-size-L size-image-size-L\" alt=\"pollen carte\" decoding=\"async\" loading=\"lazy\"  \/>         \u00a9 ATMO France \/ Capture d&rsquo;\u00e9cran <\/p>\n<p>Pr\u00e9sent\u00e9 sous forme d\u2019une carte, <a href=\"https:\/\/www.atmo-france.org\/\" target=\"_blank\" rel=\"noopener nofollow\">accessible ici<\/a>, on peut ainsi rechercher la concentration de pollen de n\u2019importe quelle commune. <b>Dans le cas de Strasbourg, on peut ainsi remarquer que notre ville est en alerte rouge <\/b><b>ce 21 mai <\/b>[date \u00e0 laquelle cet article a \u00e9t\u00e9 r\u00e9dig\u00e9, ndlr], tout particuli\u00e8rement au niveau des gramin\u00e9es qui vivent leur meilleure vie. Un seuil qui signifie que le niveau de gramin\u00e9es est \u00e9lev\u00e9, \u00e9tant le 5e plus grave sur les 7, sur une \u00e9chelle allant du bleu cyan (tr\u00e8s faible) au violet (extr\u00eamement \u00e9lev\u00e9).<\/p>\n<p>    <img width=\"800\" height=\"533\" src=\"https:\/\/www.europesays.com\/fr\/wp-content\/uploads\/2025\/05\/dsc00046-copie-800x533.jpg\" class=\"attachment-image-size-L size-image-size-L\" alt=\"fleur\" decoding=\"async\" loading=\"lazy\"  \/>         \u00a9 Anthony Jilli \/ Pokaa <\/p>\n<p>Pourquoi est-ce que l\u2019on prend plus cher, ann\u00e9e apr\u00e8s ann\u00e9e ?<\/p>\n<p class=\"p1\">La r\u00e9ponse est simple : le changement climatique. Pour exemple, <b>l\u2019hiver 2024 a \u00e9t\u00e9 anormalement doux, le mois de f\u00e9vrier ayant \u00e9t\u00e9 le deuxi\u00e8me mois de f\u00e9vrier le plus chaud jamais enregistr\u00e9 apr\u00e8s 1990, avec une anomalie thermique de +3,6 \u00b0C<\/b>. On pouvait presque \u00e0 des moment sortir en t-shirt \u00e0 Strasbourg.<\/p>\n<p class=\"p1\">Cette douceur a ainsi acc\u00e9l\u00e9r\u00e9 la floraison des noisetiers et des aulnes, avec une production de pollens record \u00e0 la mi-f\u00e9vrier. Plus globalement, les saisons polliniques s\u2019allongent, certaines esp\u00e8ces (comme l\u2019ambroisie) devenant plus envahissantes. <b>Pour ne rien arranger, les effets du pollen sont exacerb\u00e9s par la pollution de l\u2019air, r\u00e9sultant en un v\u00e9ritable enjeu de sant\u00e9 publique<\/b>. Des ph\u00e9nom\u00e8nes qui, malheureusement, ne sont pas partis pour s\u2019arranger<\/p>\n<p>    <img width=\"800\" height=\"533\" src=\"https:\/\/www.europesays.com\/fr\/wp-content\/uploads\/2025\/05\/details-vegetaux-8-800x533.jpg\" class=\"attachment-image-size-L size-image-size-L\" alt=\"D\u00e9tails v\u00e9g\u00e9taux (8) quais fleurs\" decoding=\"async\" loading=\"lazy\"  \/>         \u00a9 Marie Goehner-David \/ Pokaa <\/p>\n<p>On peut faire quelque chose pour moins souffrir ?<\/p>\n<p class=\"p1\">Alors que le pollen ne semble pas parti pour s\u2019effacer de nos vies et de nos narines, il existe quelques conseils pour essayer de se pr\u00e9munir au mieux de la gorge qui gratte. <b>En int\u00e9rieur, ne pas h\u00e9siter \u00e0 se laver les cheveux le soir, a\u00e9rer au moins 10 min par jour, de pr\u00e9f\u00e9rence avant le lever et apr\u00e8s le coucher du soleil<\/b>, et \u00e9viter les facteurs irritants comme la cigarette, les produits d\u2019entretien ou les bougies.<\/p>\n<p class=\"p1\">\u00c0 l\u2019ext\u00e9rieur, <b>\u00e9viter de faire s\u00e9cher le linge \u00e0 l\u2019ext\u00e9rieur, garder les vitres ferm\u00e9es en cas de d\u00e9placements en voiture ou les activit\u00e9s sportives ou tonte du gazon<\/b>, qui entra\u00eenent une surexposition aux pollens.<\/p>\n<p>    <img width=\"450\" height=\"600\" src=\"https:\/\/www.europesays.com\/fr\/wp-content\/uploads\/2025\/05\/274846664_490878309233258_9014374667168811246_n.jpg\" class=\"attachment-image-size-M size-image-size-M\" alt=\"printemps fleurs nature\" decoding=\"async\" loading=\"lazy\"  \/>         \u00a9 Coraline Lafon \/ Pokaa <\/p>\n<p>Enfin, si vous voulez profiter de vos allergies pour vous faire un peu de sous, <a href=\"https:\/\/www.alyatec.com\/\" target=\"_blank\" rel=\"noopener nofollow\">Alyatec est l\u00e0 pour vous<\/a>. <b>Le centre de recherche clinique strasbourgeois, qui r\u00e9alise des \u00e9tudes sur l\u2019allergie, l\u2019asthme, la rhinite et la conjonctivite, lance r\u00e9guli\u00e8rement des essais cliniques pour continuer de trouver des solutions aux allergies et \u00e0 l\u2019asthme<\/b>. Il n\u2019y a pas de raison que les allergies empoisonnent nos vies, sans qu\u2019on ne puisse en retirer quelque chose.<\/p>\n","protected":false},"excerpt":{"rendered":"Depuis plusieurs semaines, Strasbourg est en alerte rouge pour le pollen, et tout particuli\u00e8rement les gramin\u00e9es. Le r\u00e9sultat&hellip;\n","protected":false},"author":2,"featured_media":127027,"comment_status":"","ping_status":"","sticky":false,"template":"","format":"standard","meta":{"footnotes":""},"categories":[2820],"tags":[1111,11,25059,1777,674,1011,27,775,12,13415,25,640],"class_list":{"0":"post-127026","1":"post","2":"type-post","3":"status-publish","4":"format-standard","5":"has-post-thumbnail","7":"category-strasbourg","8":"tag-actu","9":"tag-actualites","10":"tag-allergie","11":"tag-eu","12":"tag-europe","13":"tag-fr","14":"tag-france","15":"tag-grand-est","16":"tag-news","17":"tag-pollen","18":"tag-republique-francaise","19":"tag-strasbourg"},"share_on_mastodon":{"url":"https:\/\/pubeurope.com\/@fr\/114568723637241347","error":""},"_links":{"self":[{"href":"https:\/\/www.europesays.com\/fr\/wp-json\/wp\/v2\/posts\/127026","targetHints":{"allow":["GET"]}}],"collection":[{"href":"https:\/\/www.europesays.com\/fr\/wp-json\/wp\/v2\/posts"}],"about":[{"href":"https:\/\/www.europesays.com\/fr\/wp-json\/wp\/v2\/types\/post"}],"author":[{"embeddable":true,"href":"https:\/\/www.europesays.com\/fr\/wp-json\/wp\/v2\/users\/2"}],"replies":[{"embeddable":true,"href":"https:\/\/www.europesays.com\/fr\/wp-json\/wp\/v2\/comments?post=127026"}],"version-history":[{"count":0,"href":"https:\/\/www.europesays.com\/fr\/wp-json\/wp\/v2\/posts\/127026\/revisions"}],"wp:featuredmedia":[{"embeddable":true,"href":"https:\/\/www.europesays.com\/fr\/wp-json\/wp\/v2\/media\/127027"}],"wp:attachment":[{"href":"https:\/\/www.europesays.com\/fr\/wp-json\/wp\/v2\/media?parent=127026"}],"wp:term":[{"taxonomy":"category","embeddable":true,"href":"https:\/\/www.europesays.com\/fr\/wp-json\/wp\/v2\/categories?post=127026"},{"taxonomy":"post_tag","embeddable":true,"href":"https:\/\/www.europesays.com\/fr\/wp-json\/wp\/v2\/tags?post=127026"}],"curies":[{"name":"wp","href":"https:\/\/api.w.org\/{rel}","templated":true}]}}