{"id":127034,"date":"2025-05-25T13:35:21","date_gmt":"2025-05-25T13:35:21","guid":{"rendered":"https:\/\/www.europesays.com\/fr\/127034\/"},"modified":"2025-05-25T13:35:21","modified_gmt":"2025-05-25T13:35:21","slug":"saint-sebastien-sur-loire-defi-mobilite-en-famille-reussi","status":"publish","type":"post","link":"https:\/\/www.europesays.com\/fr\/127034\/","title":{"rendered":"Saint-S\u00e9bastien-sur-Loire. D\u00e9fi mobilit\u00e9 en famille r\u00e9ussi"},"content":{"rendered":"<p>L\u2019association \u00ab\u00a0Nos rues demain\u00a0\u00bb, en partenariat aec la Ville, avait comme tous les ans organis\u00e9 une sortie dominicale \u00e0 v\u00e9lo en famille \u00e0 travers les rues de la ville.<\/p>\n<p>Au programme, un parcours avec d\u00e9part de la place des Libert\u00e9s de 10\u00a0km environ, s\u00e9curis\u00e9 par la police municipale et des b\u00e9n\u00e9voles de l\u2019association. Avant le d\u00e9part, Camille Nobilet, adjointe \u00e0 l\u2019environnement, a rappel\u00e9 les efforts faits par la Ville en termes d\u2019am\u00e9nagements de pistes cyclables, de v\u00e9g\u00e9talisation. Cerise sur le g\u00e2teau, l\u2019arriv\u00e9e se situait \u00e0 la station Nuage\u00a0: rafra\u00eechissements, g\u00e2teaux, le tout suivi d\u2019un concert gratuit anim\u00e9 par le groupe supermarket (rock d\u00e9cal\u00e9 pour enfants)<\/p>\n<p>Mieux conna\u00eetre son v\u00e9lo<\/p>\n<p>Le but de cette sortie \u00e9tait d\u2019encourager les enfants \u00e0 venir \u00e0 l\u2019\u00e9cole \u00e0 pied, \u00e0 v\u00e9lo, trottinette, et aussi d\u2019\u00eatre capable de mieux conna\u00eetre les diff\u00e9rentes parties d\u2019une bicyclette et aussi\u00a0de le r\u00e9parer. Pour cela, l\u2019association \u00ab\u00a0Nos rues demain\u00a0\u00bb sera pr\u00e9sente dans toutes les \u00e9coles publiques et \u00e0 la fin un contr\u00f4le technique sera pratiqu\u00e9.<\/p>\n<p>\u00a0<\/p>\n","protected":false},"excerpt":{"rendered":"L\u2019association \u00ab\u00a0Nos rues demain\u00a0\u00bb, en partenariat aec la Ville, avait comme tous les ans organis\u00e9 une sortie dominicale&hellip;\n","protected":false},"author":2,"featured_media":127035,"comment_status":"","ping_status":"","sticky":false,"template":"","format":"standard","meta":{"footnotes":""},"categories":[2818],"tags":[1111,11,3750,1777,674,652,1011,27,1137,766,12,2636,25,7530,3272,3524],"class_list":{"0":"post-127034","1":"post","2":"type-post","3":"status-publish","4":"format-standard","5":"has-post-thumbnail","7":"category-nantes","8":"tag-actu","9":"tag-actualites","10":"tag-defi","11":"tag-eu","12":"tag-europe","13":"tag-famille","14":"tag-fr","15":"tag-france","16":"tag-mobilite","17":"tag-nantes","18":"tag-news","19":"tag-pays-de-la-loire","20":"tag-republique-francaise","21":"tag-reussi","22":"tag-saint-nazaire","23":"tag-saint-sebastien-sur-loire"},"share_on_mastodon":{"url":"https:\/\/pubeurope.com\/@fr\/114568739680517052","error":""},"_links":{"self":[{"href":"https:\/\/www.europesays.com\/fr\/wp-json\/wp\/v2\/posts\/127034","targetHints":{"allow":["GET"]}}],"collection":[{"href":"https:\/\/www.europesays.com\/fr\/wp-json\/wp\/v2\/posts"}],"about":[{"href":"https:\/\/www.europesays.com\/fr\/wp-json\/wp\/v2\/types\/post"}],"author":[{"embeddable":true,"href":"https:\/\/www.europesays.com\/fr\/wp-json\/wp\/v2\/users\/2"}],"replies":[{"embeddable":true,"href":"https:\/\/www.europesays.com\/fr\/wp-json\/wp\/v2\/comments?post=127034"}],"version-history":[{"count":0,"href":"https:\/\/www.europesays.com\/fr\/wp-json\/wp\/v2\/posts\/127034\/revisions"}],"wp:featuredmedia":[{"embeddable":true,"href":"https:\/\/www.europesays.com\/fr\/wp-json\/wp\/v2\/media\/127035"}],"wp:attachment":[{"href":"https:\/\/www.europesays.com\/fr\/wp-json\/wp\/v2\/media?parent=127034"}],"wp:term":[{"taxonomy":"category","embeddable":true,"href":"https:\/\/www.europesays.com\/fr\/wp-json\/wp\/v2\/categories?post=127034"},{"taxonomy":"post_tag","embeddable":true,"href":"https:\/\/www.europesays.com\/fr\/wp-json\/wp\/v2\/tags?post=127034"}],"curies":[{"name":"wp","href":"https:\/\/api.w.org\/{rel}","templated":true}]}}