{"id":127036,"date":"2025-05-25T13:36:11","date_gmt":"2025-05-25T13:36:11","guid":{"rendered":"https:\/\/www.europesays.com\/fr\/127036\/"},"modified":"2025-05-25T13:36:11","modified_gmt":"2025-05-25T13:36:11","slug":"cest-un-peu-le-metier-de-lombre-originaire-de-nantes-sacha-est-ramasseur-de-balles","status":"publish","type":"post","link":"https:\/\/www.europesays.com\/fr\/127036\/","title":{"rendered":"\u00ab\u00a0C&rsquo;est un peu le m\u00e9tier de l&rsquo;ombre\u00a0\u00bb, originaire de Nantes, Sacha est ramasseur de balles"},"content":{"rendered":"<p>            Par<br \/>\n        <strong><br \/>\n            <a href=\"https:\/\/actu.fr\/auteur\/clemence-pays02-actu-fr\" title=\"Consulter tous les articles de Cl\u00e9mence Pays\" target=\"_blank\" rel=\"noopener\">Cl\u00e9mence Pays<\/a><br \/>\n        <\/strong><\/p>\n<p>        Publi\u00e9 le<\/p>\n<p>            25 mai 2025 \u00e0 14h52        <\/p>\n<p>\u00c0 16\u00a0ans, <strong>Sacha Piveteau,<\/strong> licenci\u00e9 au <strong>SNUC Tennis<\/strong> \u00e0 <a href=\"https:\/\/actu.fr\/nantes\/\" target=\"_blank\" rel=\"noopener\">Nantes<\/a>, a \u00e9t\u00e9 s\u00e9lectionn\u00e9 pour \u00eatre <strong>ramasseur de balles<\/strong> lors du <a href=\"https:\/\/actu.fr\/tag\/tournoi-roland-garros\" target=\"_blank\" rel=\"noopener\">tournoi de Roland-Garros<\/a>, qui se d\u00e9roule du 19\u00a0mai au 8\u00a0juin 2025. Depuis Paris, le jeune tennisman nantais \u2013 comp\u00e9titeur dans l\u2019\u00e2me et class\u00e9 2\/6 \u2013 revient sur sa premi\u00e8re semaine pass\u00e9e sur la terre battue.<\/p>\n<p>La Ball Kids Academy<\/p>\n<p>\u00c0 l\u2019occasion de l\u2019\u00e9dition 2025 de Roland-Garros, We Are Tennis par BNP Paribas lance la \u00ab Ball Kids Academy \u00bb, un programme de web-r\u00e9alit\u00e9 qui retrace les aventures des ramasseurs de balles du tournoi, \u00e0 travers le quotidien de six jeunes s\u00e9lectionn\u00e9s sur les 300 \u00ab\u00a0ballos\u00a0\u00bb. <br \/>La s\u00e9rie sera diffus\u00e9e du 26 mai au 8 juin, sur les r\u00e9seaux sociaux de We Are Tennis (Instagram, Tik Tok et Youtube).<\/p>\n<p>\u00ab\u2009Le plus important\u2009? C\u2019est d\u2019\u00eatre discret\u2009\u00bb<\/p>\n<p class=\"ac-article-content__question wall-content\"><strong class=\"color-primary\">Actu : <\/strong>Est-ce la premi\u00e8re fois que tu es ramasseur de balles \u00e0 Roland-Garros ? <\/p>\n<p class=\" wall-content\"><strong class=\"color-primary\">Sacha Piveteau : <\/strong>Oui, c&rsquo;est la premi\u00e8re ann\u00e9e. J&rsquo;ai commenc\u00e9 un peu \u00e0 apprendre ce m\u00e9tier dans l&rsquo;ombre. Il y a un an. J\u2019avais tent\u00e9 une premi\u00e8re fois les s\u00e9lections mais je n&rsquo;\u00e9tais pas trop dedans encore. Et je n\u2019ai pas r\u00e9ussi. L&rsquo;ann\u00e9e suivante, j&rsquo;ai fait un challenger 125 \u00e0 c\u00f4t\u00e9 de chez moi, pour me pr\u00e9parer \u00e0 l\u2019Open de Vend\u00e9e. Du coup, j&rsquo;ai r\u00e9ussi les s\u00e9lections et j&rsquo;ai m\u00eame fait la finale du tournoi. Ensuite, j&rsquo;ai retent\u00e9 une s\u00e9lection de Roland-Garros et j&rsquo;ai \u00e9t\u00e9 pris. <\/p>\n<p class=\"ac-article-content__question wall-content\">La s\u00e9lection est difficile pour \u00eatre ramasseur de balle ?  <\/p>\n<p class=\" wall-content\"><strong class=\"color-primary\">S.P. : <\/strong>Oui. Il y a une premi\u00e8re s\u00e9lection qui dure une demi-journ\u00e9e. Il y a eu entre 18 et 20 personnes de prises. Et ensuite, il y a une deuxi\u00e8me s\u00e9lection, c&rsquo;est un stage de formation o\u00f9 on \u00e9tait 55. Il y en a 39 qui ont \u00e9t\u00e9 pris. <\/p>\n<blockquote class=\"ac-article-quote wall-content\">\n<p>Le tennis, c&rsquo;est de famille.<\/p>\n<p>    <strong>Sacha Piveteau<\/strong><br \/>\n        Ramasseur de balles \u00e0 Roland-Garros    <\/p><\/blockquote>\n<p class=\"ac-article-content__question wall-content\">Et quelles qualit\u00e9s faut-il avoir pour \u00eatre en bon ramasseur de balles ? <\/p>\n<p class=\" wall-content\"><strong class=\"color-primary\">S.P. : <\/strong>Le plus important, c&rsquo;est d&rsquo;\u00eatre discret. Ne jamais g\u00eaner le joueur. Et surtout, c&rsquo;est de suivre le score. <\/p>\n<p class=\"ac-article-content__question wall-content\">Le tournoi de Roland-Garros a d\u00e9but\u00e9, comment tu te sens jusqu&rsquo;\u00e0 pr\u00e9sent ? <\/p>\n<p class=\" wall-content\"><strong class=\"color-primary\">S.P. : <\/strong>Je suis ramasseur depuis lundi dernier et le d\u00e9but des qualifications. J&rsquo;ai h\u00e2te que le tournoi du tableau principal commence. Dimanche, je fais la premi\u00e8re night session. \u00c7a va \u00eatre sympa. Pour l\u2019instant on prend ses marques. On se permet encore de progresser, de monter en puissance au fur et \u00e0 mesure du tournoi. Au niveau technique par exemple, on va commencer \u00e0 pouvoir acc\u00e9l\u00e9rer les rouler, se perfectionner encore dans la technique. Et il faut toujours \u00eatre concentr\u00e9 sur le score et toujours se donner \u00e0 fond. <\/p>\n<p class=\"ac-article-content__question wall-content\">Depuis combien de temps pratiques-tu le tennis ? <\/p>\n<p class=\" wall-content\"><strong class=\"color-primary\">S.P. : <\/strong>J&rsquo;ai commenc\u00e9 quand j&rsquo;avais 4 ans, donc \u00e7a fait 12 ans. C\u2019est de famille. Mes parents jouaient, mes s\u0153urs jouaient aussi. J&rsquo;ai essay\u00e9 et je n&rsquo;ai pas arr\u00eat\u00e9. <\/p>\n<p class=\" wall-content\"><a href=\"https:\/\/www.instagram.com\/p\/DJ6_oiuM1G3\/embed\" title=\"Ouvrir le lien sur Instagram\" target=\"_blank\" rel=\"noopener\">Visualiser le contenu sur Instagram<\/a><\/p>\n<p>\u00abStan Wawrinka\u2009? Il est incroyablement gentil\u2009\u00bb<\/p>\n<p class=\"ac-article-content__question wall-content\">En parall\u00e8le de ton exp\u00e9rience de ramasseur de balles \u00e0 Roland Garros, tu as \u00e9t\u00e9 s\u00e9lectionn\u00e9 pour participer \u00e0 la web-r\u00e9alit\u00e9 Ball Kids Academy. Comment cela s\u2019est fait ? <\/p>\n<p class=\" wall-content\"><strong class=\"color-primary\">S.P. : <\/strong>\u00c0 la s\u00e9lection de Nantes, ils ne m\u2019ont pas appel\u00e9, comme si je n&rsquo;\u00e9tais pas pris. Ensuite, deux semaines plus tard, ils m&rsquo;ont fait venir \u00e0 Roland en disant qu&rsquo;il y avait soi-disant une s\u00e9ance de rattrapage. Et quand je suis arriv\u00e9 \u00e0 Roland, on m&rsquo;a fait un peu visiter le stade, je suis arriv\u00e9 au niveau des vestiaires des ramasseurs. Et donc \u00e0 ce moment-l\u00e0, on m&rsquo;a montr\u00e9 une vid\u00e9o de Stan Wawrinka qui m&rsquo;a dit que j\u2019\u00e9tais pris. Et en m\u00eame temps, j\u2019ai appris que j\u2019allais faire la Ball Kids Academy. Au d\u00e9but, je n&rsquo;ai pas eu trop d&rsquo;\u00e9motions, le temps que l&rsquo;info monte. Apr\u00e8s, j&rsquo;\u00e9tais super content. C\u2019est juste \u00e9norme d\u2019\u00eatre pris \u00e0 Roland annonc\u00e9 par Stan Wawrinka. <\/p>\n<p class=\"ac-article-content__question wall-content\">Le tournage a d\u00e9marr\u00e9. Ce n&rsquo;est pas trop d\u00e9stabilisant de savoir qu&rsquo;on est film\u00e9 et suivi comme \u00e7a ?  <\/p>\n<p class=\" wall-content\"><strong class=\"color-primary\">S.P. : <\/strong>Si, c\u2019est un peu stressant parce qu\u2019on sait qu\u2019on est avec toutes ces cam\u00e9ras, tous les micros et tout&#8230; On est un peu dans la lumi\u00e8re, alors qu&rsquo;\u00e0 la base, c&rsquo;est un peu le m\u00e9tier de l\u2019ombre. On reste discret, on essaie de pas se faire voir. Donc c&rsquo;est forc\u00e9ment un peu stressant. Mais c&rsquo;est aussi tr\u00e8s excitant de pouvoir continuer la s\u00e9rie tout en montrant aux gens ce qu&rsquo;on sait faire. <\/p>\n<blockquote class=\"ac-article-quote wall-content\">\n<p>On est un peu dans la lumi\u00e8re, alors qu&rsquo;\u00e0 la base, c&rsquo;est un peu le m\u00e9tier de l\u2019ombre.<\/p>\n<p>    <strong>Sacha Piveteau<\/strong><br \/>\n        Ramasseur de balles \u00e0 Roland-Garros    <\/p><\/blockquote>\n<p class=\"ac-article-content__question wall-content\">Stan Wawrinka est le parrain de la Ball Kids Academy. Tu as pu le rencontrer \u00e0 deux reprises.<\/p>\n<p class=\" wall-content\"><strong class=\"color-primary\">S.P. : <\/strong>Il sera pr\u00e9sent tout au long de la s\u00e9rie. Et puis, il a une vraie relation avec les ramasseurs de balles. Sur le terrain, il est incroyablement gentil. Il va nous accompagner et on va bien s&rsquo;amuser tous ensemble.<\/p>\n<p>    <img   decoding=\"async\" loading=\"lazy\" src=\"https:\/\/www.europesays.com\/fr\/wp-content\/uploads\/2025\/05\/we-are-tennis-roland-garros-ramasseurs-de-balles-960x640.jpg\" alt=\"Jeudi 22 mai 2025, Sacha Piveteau et ces cinq camarades ont \u00e9chang\u00e9 avec le tennisman suisse Stan Wawrinka, parrain de la Ball Kids Academy.\" width=\"960\" height=\"640\"\/><br \/>\n    Jeudi 22\u00a0mai 2025, Sacha Piveteau et ces cinq camarades ont \u00e9chang\u00e9 avec le tennisman suisse Stan Wawrinka, parrain de la Ball Kids Academy. (\u00a9Laurent Zabulon\/Transmis \u00e0 actu Nantes)<\/p>\n<p class=\"ac-article-content__question wall-content\">Qu&rsquo;est-ce qu&rsquo;on peut te souhaiter pour la suite de Roland-Garros ? <\/p>\n<p class=\" wall-content\"><strong class=\"color-primary\">S.P. : <\/strong>D&rsquo;aller en finale homme ! Il faut savoir que sur We are tennis (o\u00f9 est diffus\u00e9e la web-r\u00e9alit\u00e9, N.D.L.R.), ceux qui regardent la s\u00e9rie peuvent voter pour un gars et une fille pour remettre les troph\u00e9es aux vainqueurs.<\/p>\n<p class=\"ac-article-content__question wall-content\">Donc il faut voter pour toi !<\/p>\n<p class=\" wall-content\"><strong class=\"color-primary\">S.P. : <\/strong>C&rsquo;est \u00e7a, merci !<\/p>\n<p class=\" wall-content\">Suivez toute l\u2019actualit\u00e9 de vos villes et m\u00e9dias favoris en vous inscrivant \u00e0 <a href=\"https:\/\/moncompte.actu.fr\" title=\"D\u00e9couvez Mon Actu\" rel=\"nofollow noopener\" data-trk=\"{&quot;cta&quot;:{&quot;action&quot;:&quot;https:\\\/\\\/moncompte.actu.fr&quot;,&quot;category&quot;:&quot;mon compte&quot;,&quot;from&quot;:&quot;article footer&quot;,&quot;name&quot;:&quot;Mon actu&quot;,&quot;type&quot;:&quot;cta&quot;}}\" target=\"_blank\">Mon Actu<\/a>.<\/p>\n<p>                    <script async src=\"\/\/www.instagram.com\/embed.js\"><\/script><\/p>\n","protected":false},"excerpt":{"rendered":"Par Cl\u00e9mence Pays Publi\u00e9 le 25 mai 2025 \u00e0 14h52 \u00c0 16\u00a0ans, Sacha Piveteau, licenci\u00e9 au SNUC Tennis&hellip;\n","protected":false},"author":2,"featured_media":127037,"comment_status":"","ping_status":"","sticky":false,"template":"","format":"standard","meta":{"footnotes":""},"categories":[2818],"tags":[1111,11,1777,674,1011,27,766,12,2636,9026,25,4171,104,240],"class_list":{"0":"post-127036","1":"post","2":"type-post","3":"status-publish","4":"format-standard","5":"has-post-thumbnail","7":"category-nantes","8":"tag-actu","9":"tag-actualites","10":"tag-eu","11":"tag-europe","12":"tag-fr","13":"tag-france","14":"tag-nantes","15":"tag-news","16":"tag-pays-de-la-loire","17":"tag-portrait","18":"tag-republique-francaise","19":"tag-roland-garros","20":"tag-societe","21":"tag-temoignage"},"share_on_mastodon":{"url":"https:\/\/pubeurope.com\/@fr\/114568743155095971","error":""},"_links":{"self":[{"href":"https:\/\/www.europesays.com\/fr\/wp-json\/wp\/v2\/posts\/127036","targetHints":{"allow":["GET"]}}],"collection":[{"href":"https:\/\/www.europesays.com\/fr\/wp-json\/wp\/v2\/posts"}],"about":[{"href":"https:\/\/www.europesays.com\/fr\/wp-json\/wp\/v2\/types\/post"}],"author":[{"embeddable":true,"href":"https:\/\/www.europesays.com\/fr\/wp-json\/wp\/v2\/users\/2"}],"replies":[{"embeddable":true,"href":"https:\/\/www.europesays.com\/fr\/wp-json\/wp\/v2\/comments?post=127036"}],"version-history":[{"count":0,"href":"https:\/\/www.europesays.com\/fr\/wp-json\/wp\/v2\/posts\/127036\/revisions"}],"wp:featuredmedia":[{"embeddable":true,"href":"https:\/\/www.europesays.com\/fr\/wp-json\/wp\/v2\/media\/127037"}],"wp:attachment":[{"href":"https:\/\/www.europesays.com\/fr\/wp-json\/wp\/v2\/media?parent=127036"}],"wp:term":[{"taxonomy":"category","embeddable":true,"href":"https:\/\/www.europesays.com\/fr\/wp-json\/wp\/v2\/categories?post=127036"},{"taxonomy":"post_tag","embeddable":true,"href":"https:\/\/www.europesays.com\/fr\/wp-json\/wp\/v2\/tags?post=127036"}],"curies":[{"name":"wp","href":"https:\/\/api.w.org\/{rel}","templated":true}]}}