{"id":127038,"date":"2025-05-25T13:37:16","date_gmt":"2025-05-25T13:37:16","guid":{"rendered":"https:\/\/www.europesays.com\/fr\/127038\/"},"modified":"2025-05-25T13:37:16","modified_gmt":"2025-05-25T13:37:16","slug":"une-des-rares-boutiques-de-la-galerie-bordelaise-ferme-definitivement-ses-portes","status":"publish","type":"post","link":"https:\/\/www.europesays.com\/fr\/127038\/","title":{"rendered":"une des rares boutiques de la Galerie bordelaise ferme d\u00e9finitivement ses portes"},"content":{"rendered":"<p>            Par<br \/>\n        <strong><br \/>\n            <a href=\"https:\/\/actu.fr\/auteur\/sports33\" title=\"Consulter tous les articles de Nicolas Gosselin\" target=\"_blank\" rel=\"noopener\">Nicolas Gosselin<\/a><br \/>\n        <\/strong><\/p>\n<p>        Publi\u00e9 le<\/p>\n<p>            25 mai 2025 \u00e0 13h20        <\/p>\n<p>La <strong>Galerie bordelaise<\/strong> va sonner encore plus creux\u2026 Install\u00e9e depuis des ann\u00e9es dans cette galerie commer\u00e7ante situ\u00e9e dans l\u2019hypercentre de Bordeaux, la <strong>boutique Box Office<\/strong> d\u00e9serte bient\u00f4t les lieux.<\/p>\n<p class=\" wall-content\">La billetterie de spectacles a annonc\u00e9 sa <strong>fermeture d\u00e9finitive<\/strong> \u00e0 partir du mercredi 28 mai 2025, au soir. Contact\u00e9e par actu Bordeaux, l\u2019enseigne pr\u00e9cise que <strong>\u00ab\u00a0les bureaux seront transf\u00e9r\u00e9s\u00a0\u00bb<\/strong> sans toutefois donner plus de pr\u00e9cisions.<\/p>\n<p>Un nouveau magasin dans la Galerie bordelaise<\/p>\n<p class=\" wall-content\">Depuis plusieurs ann\u00e9es, la Galerie bordelaise a du mal \u00e0 \u00eatre attractive et attirer de <a href=\"https:\/\/actu.fr\/tag\/commerce\" target=\"_blank\" rel=\"noopener\">nouveaux commerces<\/a>. Heureusement, Colas Michard essaye de la redynamiser.<\/p>\n<p class=\" wall-content\">Le patron de <a href=\"https:\/\/actu.fr\/nouvelle-aquitaine\/bordeaux_33063\/un-magasin-historique-de-chaussures-a-bordeaux-en-liquidation-des-milliers-de-paires-vendues-a-prix-casses_61983123.html\" target=\"_blank\" rel=\"noopener\">la boutique historique de chaussures Michard Ardillier<\/a> vient d\u2019y ouvrir un magasin de chaussures pour enfants le 15 mai dernier.\u00a0<\/p>\n<p>Vid\u00e9os : en ce moment sur Actu<\/p>\n<p class=\" wall-content\">Suivez toute l\u2019actualit\u00e9 de vos villes et m\u00e9dias favoris en vous inscrivant \u00e0 <a href=\"https:\/\/moncompte.actu.fr\" title=\"D\u00e9couvez Mon Actu\" rel=\"nofollow noopener\" data-trk=\"{&quot;cta&quot;:{&quot;action&quot;:&quot;https:\\\/\\\/moncompte.actu.fr&quot;,&quot;category&quot;:&quot;mon compte&quot;,&quot;from&quot;:&quot;article footer&quot;,&quot;name&quot;:&quot;Mon actu&quot;,&quot;type&quot;:&quot;cta&quot;}}\" target=\"_blank\">Mon Actu<\/a>.<\/p>\n<ul class=\"ac-article-tag wall-content\">\n<li><a href=\"https:\/\/actu.fr\/tag\/commerce\" data-trk=\"{&quot;cta&quot;:{&quot;action&quot;:&quot;Commerce&quot;,&quot;category&quot;:&quot;tag&quot;,&quot;from&quot;:&quot;article footer&quot;,&quot;name&quot;:&quot;Commerce&quot;,&quot;type&quot;:&quot;cta&quot;}}\" target=\"_blank\" rel=\"noopener\">#Commerce<\/a><\/li>\n<li><a href=\"https:\/\/actu.fr\/tag\/nouveaux-commerces\" data-trk=\"{&quot;cta&quot;:{&quot;action&quot;:&quot;Nouveaux commerces&quot;,&quot;category&quot;:&quot;tag&quot;,&quot;from&quot;:&quot;article footer&quot;,&quot;name&quot;:&quot;Nouveaux commerces&quot;,&quot;type&quot;:&quot;cta&quot;}}\" target=\"_blank\" rel=\"noopener\">#Nouveaux commerces<\/a><\/li>\n<\/ul>\n","protected":false},"excerpt":{"rendered":"Par Nicolas Gosselin Publi\u00e9 le 25 mai 2025 \u00e0 13h20 La Galerie bordelaise va sonner encore plus creux\u2026&hellip;\n","protected":false},"author":2,"featured_media":127039,"comment_status":"","ping_status":"","sticky":false,"template":"","format":"standard","meta":{"footnotes":""},"categories":[2817],"tags":[1111,11,1997,215,1777,674,1011,27,12,3147,2219,25,104],"class_list":{"0":"post-127038","1":"post","2":"type-post","3":"status-publish","4":"format-standard","5":"has-post-thumbnail","7":"category-bordeaux","8":"tag-actu","9":"tag-actualites","10":"tag-bordeaux","11":"tag-commerce","12":"tag-eu","13":"tag-europe","14":"tag-fr","15":"tag-france","16":"tag-news","17":"tag-nouveaux-commerces","18":"tag-nouvelle-aquitaine","19":"tag-republique-francaise","20":"tag-societe"},"share_on_mastodon":{"url":"https:\/\/pubeurope.com\/@fr\/114568747184515783","error":""},"_links":{"self":[{"href":"https:\/\/www.europesays.com\/fr\/wp-json\/wp\/v2\/posts\/127038","targetHints":{"allow":["GET"]}}],"collection":[{"href":"https:\/\/www.europesays.com\/fr\/wp-json\/wp\/v2\/posts"}],"about":[{"href":"https:\/\/www.europesays.com\/fr\/wp-json\/wp\/v2\/types\/post"}],"author":[{"embeddable":true,"href":"https:\/\/www.europesays.com\/fr\/wp-json\/wp\/v2\/users\/2"}],"replies":[{"embeddable":true,"href":"https:\/\/www.europesays.com\/fr\/wp-json\/wp\/v2\/comments?post=127038"}],"version-history":[{"count":0,"href":"https:\/\/www.europesays.com\/fr\/wp-json\/wp\/v2\/posts\/127038\/revisions"}],"wp:featuredmedia":[{"embeddable":true,"href":"https:\/\/www.europesays.com\/fr\/wp-json\/wp\/v2\/media\/127039"}],"wp:attachment":[{"href":"https:\/\/www.europesays.com\/fr\/wp-json\/wp\/v2\/media?parent=127038"}],"wp:term":[{"taxonomy":"category","embeddable":true,"href":"https:\/\/www.europesays.com\/fr\/wp-json\/wp\/v2\/categories?post=127038"},{"taxonomy":"post_tag","embeddable":true,"href":"https:\/\/www.europesays.com\/fr\/wp-json\/wp\/v2\/tags?post=127038"}],"curies":[{"name":"wp","href":"https:\/\/api.w.org\/{rel}","templated":true}]}}