{"id":127048,"date":"2025-05-25T13:43:08","date_gmt":"2025-05-25T13:43:08","guid":{"rendered":"https:\/\/www.europesays.com\/fr\/127048\/"},"modified":"2025-05-25T13:43:08","modified_gmt":"2025-05-25T13:43:08","slug":"cinema-netflix-investit-des-millions-dans-deux-projets-a-marseille-voici-lesquels","status":"publish","type":"post","link":"https:\/\/www.europesays.com\/fr\/127048\/","title":{"rendered":"Cin\u00e9ma. Netflix investit des millions dans deux projets \u00e0 Marseille, voici lesquels"},"content":{"rendered":"<p>            Par<br \/>\n        <strong><br \/>\n            <a href=\"https:\/\/actu.fr\/auteur\/thibault-nadal-actu-fr\" title=\"Consulter tous les articles de Thibault Nadal\" target=\"_blank\" rel=\"noopener\">Thibault Nadal<\/a><br \/>\n        <\/strong><\/p>\n<p>        Publi\u00e9 le<\/p>\n<p>            25 mai 2025 \u00e0 6h44        <\/p>\n<p><a href=\"https:\/\/actu.fr\/tag\/netflix\" target=\"_blank\" rel=\"noopener\">Netflix<\/a> aime <a href=\"https:\/\/actu.fr\/marseille\/\" target=\"_blank\" rel=\"noopener\">Marseille<\/a>. <strong>Pr\u00e8s de dix ans apr\u00e8s<\/strong> <a href=\"https:\/\/actu.fr\/provence-alpes-cote-d-azur\/marseille_13055\/lettres-marseille-facon-hollywood-connaissez-vous-leur-veritable-signification_51529764.html\" target=\"_blank\" rel=\"noopener\">l\u2019installation des \u00ab\u2009grandes lettres\u2009\u00bb<\/a> dans le nord de la ville, la plateforme de streaming am\u00e9ricaine s\u2019appr\u00eate \u00e0 effectuer un retour tonitruant.<\/p>\n<p class=\" wall-content\">\u00c0 l\u2019occasion de <a href=\"https:\/\/actu.fr\/economie\/choose-france-netflix-amazon-prologis-37-milliards-d-euros-investis-dans-les-mois-a-venir-voici-ou_62654993.html\" target=\"_blank\" rel=\"noopener\">la 8e \u00e9dition sommet Choose France<\/a> qui se tient \u00e0 Versailles depuis ce lundi 19\u00a0mai 2025, Netflix a promis <strong>250\u00a0millions d\u2019euros d\u2019investissements <\/strong>dans la production fran\u00e7aise.<\/p>\n<p class=\" wall-content\">Avec deux projets phares pour Marseille. Voici lesquels.<\/p>\n<p>Une cin\u00e9math\u00e8que \u00e0 Marseille et un soutien \u00e0 une \u00e9cole de cin\u00e9ma<\/p>\n<p class=\" wall-content\">Dans un communiqu\u00e9, Netflix explique \u00ab\u2009<strong>renforcer son engagement \u00e0 Marseille<\/strong> avec deux initiatives\u2009\u00bb.<\/p>\n<p class=\" wall-content\">Un partenariat a \u00e9t\u00e9 nou\u00e9 avec \u00ab\u2009La Cin\u00e9math\u00e8que Fran\u00e7aise pour <strong>cr\u00e9er la Cin\u00e9math\u00e8que Marseille<\/strong>, offrant ainsi un lieu d\u00e9di\u00e9 au patrimoine cin\u00e9matographique dans cette ville\u2009\u00bb.<\/p>\n<p class=\" wall-content\">L\u2019autre projet concerne <strong>un \u00ab\u2009soutien \u00e0 Kourtrajm\u00e9 Marseille<\/strong> pour \u00e9liminer les barri\u00e8res d\u2019entr\u00e9e pour les nouveaux talents\u2009\u00bb. Une r\u00e9ponse \u00e0 la r\u00e9cente pol\u00e9mique qui a \u00e9clabouss\u00e9 l\u2019\u00e9cole du 3e arrondissement qui forme gratuitement aux m\u00e9tiers du cin\u00e9ma et de l\u2019audiovisuel des jeunes en situation de pr\u00e9carit\u00e9.<\/p>\n<p class=\" wall-content\">En avril, la r\u00e9gion a en effet d\u00e9cider de retirer ses subventions pour les ann\u00e9es\u00a02025 et\u00a02026. La raison\u2009? L\u2019\u00e9cole <strong>utilise l\u2019\u00e9criture inclusive<\/strong>, ce que combat Renaud Muselier. Avec ce vote, elle a ainsi \u00e9t\u00e9 priv\u00e9e de <strong>75\u2009000\u00a0euros<\/strong>, rapportait <a href=\"https:\/\/france3-regions.franceinfo.fr\/provence-alpes-cote-d-azur\/bouches-du-rhone\/marseille\/faut-il-se-plier-a-la-museliere-la-region-paca-interdit-l-ecriture-inclusive-jugee-wokiste-une-ecole-de-cinema-privee-de-budget-3145034.html\" target=\"_blank\" rel=\"noopener\">France 3<\/a>.<\/p>\n<p>\u00ab\u2009Marseille continue d\u2019attirer et de rayonner en France et \u00e0 l\u2019international\u2009\u00bb<\/p>\n<p class=\" wall-content\">\u00ab\u2009Magnifique annonce pour Marseille, terre de cin\u00e9ma\u2009: Netflix soutiendra l\u2019\u00e9cole et l\u2019ouverture marseillaise de la cin\u00e9math\u00e8que. Marseille, capitale de la M\u00e9diterran\u00e9e, continue d\u2019attirer et de rayonner en France et \u00e0 l\u2019international\u2009\u00bb, a r\u00e9agi sur X, Beno\u00eet Payan, le maire de Marseille.<\/p>\n<p class=\" wall-content\">\n<p>D\u2019autres investissements majeurs dans les Bouches-du-Rh\u00f4ne<\/p>\n<p class=\" wall-content\">Durant ce sommet initi\u00e9 par Emmanuel Macron en 2017, quatre autres investissements ont \u00e9t\u00e9 annonc\u00e9s dans plusieurs projets autres que le cin\u00e9ma \u00e0 Marseille et dans les Bouches-du-Rh\u00f4ne.<\/p>\n<p class=\" wall-content\"><strong>Voici les projets<\/strong>\u2009:<\/p>\n<ul class=\" wall-content\">\n<li>L\u2019entreprise am\u00e9ricaine, Digital Reality, va investir 300\u00a0millions d\u2019euros dans la cr\u00e9ation d\u2019un data center \u00e0 Marseille. Cela va cr\u00e9er 200 emplois.<\/li>\n<li>Une autre entreprise am\u00e9ricaine, Prologis, va d\u00e9bloquer pr\u00e8s d\u2019un milliard d\u2019euros pour la cr\u00e9ation d\u2019espaces logistiques en France. Un se trouvera \u00e0 Marseille. Pr\u00e8s de 5\u2009000 emplois seront cr\u00e9\u00e9s directement ou indirectement.<\/li>\n<li>Une soci\u00e9t\u00e9 allemande, Hy2GEN-H2V, s\u2019associe avec H4 Marseille Fos pour la cr\u00e9ation d\u2019un site de production de carburant d\u2019aviation durable \u00e0 <a href=\"https:\/\/actu.fr\/provence-alpes-cote-d-azur\/fos-sur-mer_13039\" target=\"_blank\" rel=\"noopener\">Fos-sur-Mer<\/a>. Pr\u00e8s d\u20191,5 milliard vont \u00eatre d\u00e9bloqu\u00e9s et 165 emplois cr\u00e9\u00e9s.<\/li>\n<li>Enfin, DP World, une entreprise \u00e9miratie, va investir 120\u00a0millions d\u2019euros pour d\u00e9carboner et mener la transition \u00e9cologique dans le port maritime de Fos-sur-Mer.<\/li>\n<\/ul>\n<p class=\" wall-content\">Suivez toute l\u2019actualit\u00e9 de vos villes et m\u00e9dias favoris en vous inscrivant \u00e0 <a href=\"https:\/\/moncompte.actu.fr\" title=\"D\u00e9couvez Mon Actu\" rel=\"nofollow noopener\" data-trk=\"{&quot;cta&quot;:{&quot;action&quot;:&quot;https:\\\/\\\/moncompte.actu.fr&quot;,&quot;category&quot;:&quot;mon compte&quot;,&quot;from&quot;:&quot;article footer&quot;,&quot;name&quot;:&quot;Mon actu&quot;,&quot;type&quot;:&quot;cta&quot;}}\" target=\"_blank\">Mon Actu<\/a>.<\/p>\n","protected":false},"excerpt":{"rendered":"Par Thibault Nadal Publi\u00e9 le 25 mai 2025 \u00e0 6h44 Netflix aime Marseille. Pr\u00e8s de dix ans apr\u00e8s&hellip;\n","protected":false},"author":2,"featured_media":127049,"comment_status":"","ping_status":"","sticky":false,"template":"","format":"standard","meta":{"footnotes":""},"categories":[2814],"tags":[1111,11,650,1777,674,1011,27,1652,884,127,12,882,25],"class_list":{"0":"post-127048","1":"post","2":"type-post","3":"status-publish","4":"format-standard","5":"has-post-thumbnail","7":"category-marseille","8":"tag-actu","9":"tag-actualites","10":"tag-cinema","11":"tag-eu","12":"tag-europe","13":"tag-fr","14":"tag-france","15":"tag-loisirs-culture","16":"tag-marseille","17":"tag-netflix","18":"tag-news","19":"tag-provence-alpes-cote-dazur","20":"tag-republique-francaise"},"share_on_mastodon":{"url":"https:\/\/pubeurope.com\/@fr\/114568770553612847","error":""},"_links":{"self":[{"href":"https:\/\/www.europesays.com\/fr\/wp-json\/wp\/v2\/posts\/127048","targetHints":{"allow":["GET"]}}],"collection":[{"href":"https:\/\/www.europesays.com\/fr\/wp-json\/wp\/v2\/posts"}],"about":[{"href":"https:\/\/www.europesays.com\/fr\/wp-json\/wp\/v2\/types\/post"}],"author":[{"embeddable":true,"href":"https:\/\/www.europesays.com\/fr\/wp-json\/wp\/v2\/users\/2"}],"replies":[{"embeddable":true,"href":"https:\/\/www.europesays.com\/fr\/wp-json\/wp\/v2\/comments?post=127048"}],"version-history":[{"count":0,"href":"https:\/\/www.europesays.com\/fr\/wp-json\/wp\/v2\/posts\/127048\/revisions"}],"wp:featuredmedia":[{"embeddable":true,"href":"https:\/\/www.europesays.com\/fr\/wp-json\/wp\/v2\/media\/127049"}],"wp:attachment":[{"href":"https:\/\/www.europesays.com\/fr\/wp-json\/wp\/v2\/media?parent=127048"}],"wp:term":[{"taxonomy":"category","embeddable":true,"href":"https:\/\/www.europesays.com\/fr\/wp-json\/wp\/v2\/categories?post=127048"},{"taxonomy":"post_tag","embeddable":true,"href":"https:\/\/www.europesays.com\/fr\/wp-json\/wp\/v2\/tags?post=127048"}],"curies":[{"name":"wp","href":"https:\/\/api.w.org\/{rel}","templated":true}]}}