{"id":127052,"date":"2025-05-25T13:46:08","date_gmt":"2025-05-25T13:46:08","guid":{"rendered":"https:\/\/www.europesays.com\/fr\/127052\/"},"modified":"2025-05-25T13:46:08","modified_gmt":"2025-05-25T13:46:08","slug":"les-petards-quils-jettent-provoquent-un-mouvement-de-foule-a-lyon-pierre-oliver-interpelle-les-jeunes","status":"publish","type":"post","link":"https:\/\/www.europesays.com\/fr\/127052\/","title":{"rendered":"les p\u00e9tards qu&rsquo;ils jettent provoquent un mouvement de foule \u00e0 Lyon, Pierre Oliver interpelle les jeunes"},"content":{"rendered":"<p itemprop=\"description\"><strong>Parfois, les maires se souviennent qu&rsquo;ils ont la qualit\u00e9 d&rsquo;officiers de police judiciaire.<\/strong><\/p>\n<p>On avait eu le \u00ab\u00a0mythomaire\u00a0\u00bb <a href=\"https:\/\/www.lyonmag.com\/profil-personnalite-lyonnaise\/1\/gerard-collomb\" target=\"_blank\" rel=\"noopener\">G\u00e9rard Collomb<\/a> lors de la F\u00eate des Lumi\u00e8res 2018, durant laquelle <a href=\"https:\/\/www.lyonmag.com\/article\/98510\/gerard-collomb-face-aux-casseurs-elle-a-un-cancer-la-fille-qui-a-fait-ca-vous-allez-lui-niquer-son-oeuvre-video\" target=\"_blank\" rel=\"noopener\">l&rsquo;\u00e9dile lyonnais r\u00e9primait les jeunes qui \u00ab\u00a0niquaient\u00a0\u00bb l&rsquo;oeuvre de la place Bellecour<\/a>.<\/p>\n<p>Place \u00e0 un nouveau justicier du centre-ville, <a href=\"https:\/\/www.lyonmag.com\/profil-personnalite-lyonnaise\/512\/pierre-oliver\" target=\"_blank\" rel=\"noopener\">Pierre Oliver<\/a>, qui a post\u00e9 une vid\u00e9o sur ses r\u00e9seaux sociaux dans laquelle il interpelle des jeunes qui venaient de semer la zizanie en Presqu&rsquo;\u00eele.<\/p>\n<p>Des groupes de dizaines d&rsquo;adolescents avaient notamment jet\u00e9 des p\u00e9tards rue de la R\u00e9publique ce samedi. Une action qui avait, en marge de la manifestation pour Gaza, provoqu\u00e9 un mouvement de foule en Presqu&rsquo;\u00eele.<\/p>\n<p>\u00ab\u00a0\u00c7a fait trois heures qu&rsquo;on est l\u00e0, qu&rsquo;on tient des stands pour les enfants, et l\u00e0 on est oblig\u00e9 de tout plier \u00e0 cause du bordel que vous faites, vous trouvez \u00e7a normal\u00a0?\u00a0\u00bb, leur lance le maire LR du 2e arrondissement de Lyon, rue de Savoie pr\u00e8s des Jacobins.<\/p>\n<p>Pierre Oliver d\u00e9nonce des \u00ab\u00a0vols, agressions et d\u00e9gradations de commerces\u00a0\u00bb de la part de ces groupes d&rsquo;individus.<\/p>\n<p>Au total, quatre arrestations ont pu \u00eatre men\u00e9es par les forces de l&rsquo;ordre.<\/p>\n","protected":false},"excerpt":{"rendered":"Parfois, les maires se souviennent qu&rsquo;ils ont la qualit\u00e9 d&rsquo;officiers de police judiciaire. On avait eu le \u00ab\u00a0mythomaire\u00a0\u00bb&hellip;\n","protected":false},"author":2,"featured_media":127053,"comment_status":"","ping_status":"","sticky":false,"template":"","format":"standard","meta":{"footnotes":""},"categories":[1889],"tags":[1111,11,2813,2190,2430,1109,251,1112,2811,1777,674,118,1011,27,1922,1110,1114,2428,2810,12,241,316,25,2812,517,800],"class_list":{"0":"post-127052","1":"post","2":"type-post","3":"status-publish","4":"format-standard","5":"has-post-thumbnail","7":"category-lyon","8":"tag-actu","9":"tag-actualites","10":"tag-article","11":"tag-asvel","12":"tag-auvergne-rhone-alpes","13":"tag-breves","14":"tag-culture","15":"tag-depeches","16":"tag-economique","17":"tag-eu","18":"tag-europe","19":"tag-faits-divers","20":"tag-fr","21":"tag-france","22":"tag-info","23":"tag-informations","24":"tag-infos","25":"tag-lyon","26":"tag-lyonmag","27":"tag-news","28":"tag-ol","29":"tag-politique","30":"tag-republique-francaise","31":"tag-sociale","32":"tag-sport","33":"tag-transports"},"share_on_mastodon":{"url":"https:\/\/pubeurope.com\/@fr\/114568782467371433","error":""},"_links":{"self":[{"href":"https:\/\/www.europesays.com\/fr\/wp-json\/wp\/v2\/posts\/127052","targetHints":{"allow":["GET"]}}],"collection":[{"href":"https:\/\/www.europesays.com\/fr\/wp-json\/wp\/v2\/posts"}],"about":[{"href":"https:\/\/www.europesays.com\/fr\/wp-json\/wp\/v2\/types\/post"}],"author":[{"embeddable":true,"href":"https:\/\/www.europesays.com\/fr\/wp-json\/wp\/v2\/users\/2"}],"replies":[{"embeddable":true,"href":"https:\/\/www.europesays.com\/fr\/wp-json\/wp\/v2\/comments?post=127052"}],"version-history":[{"count":0,"href":"https:\/\/www.europesays.com\/fr\/wp-json\/wp\/v2\/posts\/127052\/revisions"}],"wp:featuredmedia":[{"embeddable":true,"href":"https:\/\/www.europesays.com\/fr\/wp-json\/wp\/v2\/media\/127053"}],"wp:attachment":[{"href":"https:\/\/www.europesays.com\/fr\/wp-json\/wp\/v2\/media?parent=127052"}],"wp:term":[{"taxonomy":"category","embeddable":true,"href":"https:\/\/www.europesays.com\/fr\/wp-json\/wp\/v2\/categories?post=127052"},{"taxonomy":"post_tag","embeddable":true,"href":"https:\/\/www.europesays.com\/fr\/wp-json\/wp\/v2\/tags?post=127052"}],"curies":[{"name":"wp","href":"https:\/\/api.w.org\/{rel}","templated":true}]}}