{"id":127060,"date":"2025-05-25T13:52:08","date_gmt":"2025-05-25T13:52:08","guid":{"rendered":"https:\/\/www.europesays.com\/fr\/127060\/"},"modified":"2025-05-25T13:52:08","modified_gmt":"2025-05-25T13:52:08","slug":"paris-130-pompiers-mobilises-pour-un-incendie-spectaculaire-a-lecole-militaire","status":"publish","type":"post","link":"https:\/\/www.europesays.com\/fr\/127060\/","title":{"rendered":"Paris\u00a0: 130 pompiers mobilis\u00e9s pour un incendie spectaculaire \u00e0 l\u2019\u00c9cole militaire"},"content":{"rendered":"<p class=\"paragraph text_align_left\">C\u2019est un ensemble patrimoniale dont certaines parties ont \u00e9t\u00e9 construites il y a plus de 250 ans. L\u2019un des b\u00e2timents de l\u2018\u00c9cole militaire, situ\u00e9e en face du Champ-de-Mars et de la tour Eiffel, a \u00e9t\u00e9 la proie d\u2019un violent incendie dans la nuit de samedi \u00e0 dimanche. Le feu aurait \u00e9t\u00e9 d\u00e9tect\u00e9 \u00e0 1h30 du matin. Rapidement, plus d\u2019une centaine de<a href=\"https:\/\/www.leparisien.fr\/paris-75\/agressions-suractivite-les-sapeurs-pompiers-de-paris-face-a-la-surchauffe-21-03-2025-TFAOUKIIERDR5LTMBHVBBPYA2A.php\" target=\"_blank\" rel=\"noreferrer nofollow noopener\"> sapeurs-pompiers de Paris<\/a> ont \u00e9t\u00e9 mobilis\u00e9s pour limiter la propagation des flammes au c\u0153ur du VIIe arrondissement.<\/p>\n<p class=\"paragraph text_align_left\">\u00ab Le feu serait parti de bureaux et s\u2019est propag\u00e9 \u00e0 la toiture \u00bb, pr\u00e9cise Olivier Le Quer\u00e9, adjoint \u00e0 la maire en charge de la s\u00e9curit\u00e9, la tranquillit\u00e9 publique et la gestion de l\u2019espace public. \u00ab Il n\u2019y a pas de victime, un ou deux pompiers ont \u00e9t\u00e9 l\u00e9g\u00e8rement intoxiqu\u00e9s par les fum\u00e9es lors de l\u2019intervention \u00bb, pr\u00e9cise l\u2019\u00e9lu.<\/p>\n<p>Une enqu\u00eate ouverte pour d\u00e9terminer l\u2019origine du feu<\/p>\n<p class=\"paragraph text_align_left\">\u00ab L\u2019action rapide et massive a permis de sauvegarder le b\u00e2timent de bureaux et d\u2019enseignement \u00bb, assure la Brigade des sapeurs-pompiers de Paris (BSPP). Les flammes ont \u00e9t\u00e9 ma\u00eetris\u00e9es \u00e0 7h30, mais les soldats du feu se pr\u00e9paraient \u00e0 une intervention longue pour s\u00e9curiser le site toute la journ\u00e9e.<\/p>\n<p class=\"paragraph text_align_left\">Selon l\u2019\u00e9lu du VIIe arrondissement, plusieurs centaines de m\u00e8tres carr\u00e9s de toitures ont \u00e9t\u00e9 touch\u00e9es par le sinistre. Une enqu\u00eate a \u00e9t\u00e9 ouverte et est en cours pour tenter de d\u00e9terminer l\u2019origine de l\u2019incendie.<\/p>\n<p class=\"paragraph text_align_left\">L\u2019\u00c9cole militaire est une institution fond\u00e9e par le roi Louis XV afin de pr\u00e9parer parfaitement les jeunes cadets, n\u00e9s sans fortune, destin\u00e9s \u00e0 diriger ses arm\u00e9es. Soutenu par Madame de Pompadour, favorite du roi, le projet a vu le jour entre 1751 et 1768 gr\u00e2ce au g\u00e9nie de l\u2019architecte Ange-Jacques Gabriel \u00e0 qui l\u2019on doit le Petit Trianon de Versailles et la place de la Concorde. Parmi les \u00e9l\u00e8ves illustres, Napol\u00e9on Bonaparte est pass\u00e9 par l\u00e0. L\u2019ensemble est class\u00e9 au titre des Monuments historiques depuis 1990.<\/p>\n","protected":false},"excerpt":{"rendered":"C\u2019est un ensemble patrimoniale dont certaines parties ont \u00e9t\u00e9 construites il y a plus de 250 ans. L\u2019un&hellip;\n","protected":false},"author":2,"featured_media":127061,"comment_status":"","ping_status":"","sticky":false,"template":"","format":"standard","meta":{"footnotes":""},"categories":[1888],"tags":[11,1777,674,118,1011,27,1944,12,626,25],"class_list":{"0":"post-127060","1":"post","2":"type-post","3":"status-publish","4":"format-standard","5":"has-post-thumbnail","7":"category-paris","8":"tag-actualites","9":"tag-eu","10":"tag-europe","11":"tag-faits-divers","12":"tag-fr","13":"tag-france","14":"tag-ma-ville","15":"tag-news","16":"tag-paris","17":"tag-republique-francaise"},"share_on_mastodon":{"url":"https:\/\/pubeurope.com\/@fr\/114568805992444229","error":""},"_links":{"self":[{"href":"https:\/\/www.europesays.com\/fr\/wp-json\/wp\/v2\/posts\/127060","targetHints":{"allow":["GET"]}}],"collection":[{"href":"https:\/\/www.europesays.com\/fr\/wp-json\/wp\/v2\/posts"}],"about":[{"href":"https:\/\/www.europesays.com\/fr\/wp-json\/wp\/v2\/types\/post"}],"author":[{"embeddable":true,"href":"https:\/\/www.europesays.com\/fr\/wp-json\/wp\/v2\/users\/2"}],"replies":[{"embeddable":true,"href":"https:\/\/www.europesays.com\/fr\/wp-json\/wp\/v2\/comments?post=127060"}],"version-history":[{"count":0,"href":"https:\/\/www.europesays.com\/fr\/wp-json\/wp\/v2\/posts\/127060\/revisions"}],"wp:featuredmedia":[{"embeddable":true,"href":"https:\/\/www.europesays.com\/fr\/wp-json\/wp\/v2\/media\/127061"}],"wp:attachment":[{"href":"https:\/\/www.europesays.com\/fr\/wp-json\/wp\/v2\/media?parent=127060"}],"wp:term":[{"taxonomy":"category","embeddable":true,"href":"https:\/\/www.europesays.com\/fr\/wp-json\/wp\/v2\/categories?post=127060"},{"taxonomy":"post_tag","embeddable":true,"href":"https:\/\/www.europesays.com\/fr\/wp-json\/wp\/v2\/tags?post=127060"}],"curies":[{"name":"wp","href":"https:\/\/api.w.org\/{rel}","templated":true}]}}