{"id":127066,"date":"2025-05-25T13:55:09","date_gmt":"2025-05-25T13:55:09","guid":{"rendered":"https:\/\/www.europesays.com\/fr\/127066\/"},"modified":"2025-05-25T13:55:09","modified_gmt":"2025-05-25T13:55:09","slug":"la-syrie-sengage-a-aider-les-etats-unis-a-retrouver-des-americains-disparus-pendant-la-guerre-civile","status":"publish","type":"post","link":"https:\/\/www.europesays.com\/fr\/127066\/","title":{"rendered":"La Syrie s&rsquo;engage \u00e0 aider les \u00c9tats-Unis \u00e0 retrouver des Am\u00e9ricains disparus pendant la guerre civile"},"content":{"rendered":"<p>Les relations entre les \u00c9tats-Unis et la Syrie commencent \u00e0 se normaliser. Apr\u00e8s la lev\u00e9e des sanctions am\u00e9ricaines envers Damas, l&rsquo;\u00e9missaire de Donald Trump pour la Syrie, Tom Barrack, a rencontr\u00e9, samedi 24 mai \u00e0 Istanbul, Ahmed al-Charaa. Le pr\u00e9sident syrien par int\u00e9rim qui s&rsquo;est engag\u00e9 \u00e0 aider les \u00c9tats-Unis \u00e0 \u00ab localiser \u00bb les Am\u00e9ricains disparus pendant la guerre civile.<\/p>\n<p>L&rsquo;annonce est intervenue au lendemain de la lev\u00e9e formelle par les \u00c9tats-Unis des sanctions impos\u00e9es \u00e0 la Syrie sous l&rsquo;ex-pr\u00e9sident Bachar el-Assad, renvers\u00e9 en d\u00e9cembre par une coalition de <a href=\"https:\/\/www.rfi.fr\/fr\/tag\/ahmed-al-charaa-al-joulani\/\" rel=\"nofollow noopener\" target=\"_blank\" data-ylk=\"slk:groupes rebelles islamistes dirig\u00e9e par al-Charaa;elm:context_link;itc:0;sec:content-canvas\" class=\"link \"><strong>groupes rebelles islamistes dirig\u00e9e par al-Charaa<\/strong><\/a>. Depuis, les relations entre le nouveau pouvoir syrien et les \u00c9tats-Unis se sont progressivement am\u00e9lior\u00e9es, menant \u00e0 une rencontre le 13 mai entre le pr\u00e9sident Donald Trump et Ahmed al-Charaa \u00e0 Riyad.<\/p>\n<p>\u00ab Un grand pas en avant. Le nouveau gouvernement syrien a accept\u00e9 d&rsquo;aider les \u00c9tats-Unis \u00e0 localiser et \u00e0 rapatrier les citoyens am\u00e9ricains ou leurs d\u00e9pouilles. Les familles d&rsquo;Austin Tice, Majd Kamalmaz et Kayla Mueller doivent pouvoir tourner la page \u00bb, a \u00e9crit sur X l&rsquo;envoy\u00e9 sp\u00e9cial pour la Syrie, Tom Barrack.<\/p>\n<p>Une \u00ab priorit\u00e9 absolue \u00bb<\/p>\n<p>Keyla Mueller \u00e9tait une travailleuse humanitaire de 25 ans. Enlev\u00e9e \u00e0 Alep, en 2013, elle aurait servi d\u2019esclave sexuelle au \u00ab calife \u00bb autoproclam\u00e9 de l\u2019organisation \u00c9tat islamique, Abou Bakr al-Baghdadi. La jeune femme a \u00e9t\u00e9 tu\u00e9e en f\u00e9vrier 2015, pr\u00e8s de Rakka lors de bombardements de la coalition internationale, selon l&rsquo;EI.<\/p>\n<p><a href=\"https:\/\/www.rfi.fr\/fr\/moyen-orient\/20250525-la-syrie-s-engage-%C3%A0-aider-les-%C3%A9tats-unis-%C3%A0-retrouver-des-am%C3%A9ricains-disparus-pendant-la-guerre-civile\" rel=\"nofollow noopener\" target=\"_blank\" data-ylk=\"slk:Lire la suite sur RFI;elm:context_link;itc:0;sec:content-canvas\" class=\"link \">Lire la suite sur RFI<\/a><\/p>\n","protected":false},"excerpt":{"rendered":"Les relations entre les \u00c9tats-Unis et la Syrie commencent \u00e0 se normaliser. Apr\u00e8s la lev\u00e9e des sanctions am\u00e9ricaines&hellip;\n","protected":false},"author":2,"featured_media":127067,"comment_status":"","ping_status":"","sticky":false,"template":"","format":"standard","meta":{"footnotes":""},"categories":[1589],"tags":[11,11423,75,73,1866,12,32,25060,1864,1865,1863,308],"class_list":{"0":"post-127066","1":"post","2":"type-post","3":"status-publish","4":"format-standard","5":"has-post-thumbnail","7":"category-etats-unis","8":"tag-actualites","9":"tag-bachar-el-assad","10":"tag-donald-trump","11":"tag-etats-unis","12":"tag-etats-unis-damerique","13":"tag-news","14":"tag-syrie","15":"tag-tom-barrack","16":"tag-united-states","17":"tag-united-states-of-america","18":"tag-us","19":"tag-usa"},"share_on_mastodon":{"url":"https:\/\/pubeurope.com\/@fr\/114568817788050445","error":""},"_links":{"self":[{"href":"https:\/\/www.europesays.com\/fr\/wp-json\/wp\/v2\/posts\/127066","targetHints":{"allow":["GET"]}}],"collection":[{"href":"https:\/\/www.europesays.com\/fr\/wp-json\/wp\/v2\/posts"}],"about":[{"href":"https:\/\/www.europesays.com\/fr\/wp-json\/wp\/v2\/types\/post"}],"author":[{"embeddable":true,"href":"https:\/\/www.europesays.com\/fr\/wp-json\/wp\/v2\/users\/2"}],"replies":[{"embeddable":true,"href":"https:\/\/www.europesays.com\/fr\/wp-json\/wp\/v2\/comments?post=127066"}],"version-history":[{"count":0,"href":"https:\/\/www.europesays.com\/fr\/wp-json\/wp\/v2\/posts\/127066\/revisions"}],"wp:featuredmedia":[{"embeddable":true,"href":"https:\/\/www.europesays.com\/fr\/wp-json\/wp\/v2\/media\/127067"}],"wp:attachment":[{"href":"https:\/\/www.europesays.com\/fr\/wp-json\/wp\/v2\/media?parent=127066"}],"wp:term":[{"taxonomy":"category","embeddable":true,"href":"https:\/\/www.europesays.com\/fr\/wp-json\/wp\/v2\/categories?post=127066"},{"taxonomy":"post_tag","embeddable":true,"href":"https:\/\/www.europesays.com\/fr\/wp-json\/wp\/v2\/tags?post=127066"}],"curies":[{"name":"wp","href":"https:\/\/api.w.org\/{rel}","templated":true}]}}