{"id":127070,"date":"2025-05-25T13:57:16","date_gmt":"2025-05-25T13:57:16","guid":{"rendered":"https:\/\/www.europesays.com\/fr\/127070\/"},"modified":"2025-05-25T13:57:16","modified_gmt":"2025-05-25T13:57:16","slug":"18-blesses-dans-une-attaque-au-couteau-en-allemagne","status":"publish","type":"post","link":"https:\/\/www.europesays.com\/fr\/127070\/","title":{"rendered":"\u200b18 bless\u00e9s dans une attaque au couteau en Allemagne"},"content":{"rendered":"<p>\t\t <br class=\"texte clear\" \/><\/p>\n<p>\t\t <br class=\"texte clear\" \/><\/p>\n<p>R\u00e9dig\u00e9 par L&rsquo;Opinion  Dimanche 25 Mai 2025<\/p>\n<p>\t\t\t\t Le bilan de l\u2019attaque au couteau \u00e0 la gare de Hambourg, dans le nord de l\u2019Allemagne, s\u2019est alourdi \u00e0 18 bless\u00e9s, a fait savoir la police dans un communiqu\u00e9, samedi, repris par Euronews. <\/p>\n<p>\t\t <br class=\"texte clear\" \/><\/p>\n<p>\t\t <br id=\"sep_para_1\" class=\"sep_para access\" \/><\/p>\n<p>\t\t\t\t <a href=\"https:\/\/www.lopinion.ma\/javascript:void(0)\" rel=\"https:\/\/www.europesays.com\/fr\/wp-content\/uploads\/2025\/05\/88790626-62832004.jpg&amp;ibox noopener\" title=\"\u200b18 bless\u00e9s dans une attaque au couteau en Allemagne\" target=\"_blank\"><img decoding=\"async\" class=\"responsive\" style=\"display:none\" src=\"https:\/\/www.europesays.com\/fr\/wp-content\/uploads\/2025\/05\/88790626-62832004.jpg\" alt=\"\u200b18 bless\u00e9s dans une attaque au couteau en Allemagne\" title=\"\u200b18 bless\u00e9s dans une attaque au couteau en Allemagne\" \/><br \/>\n<img decoding=\"async\" class=\"not-responsive\" src=\"https:\/\/www.europesays.com\/fr\/wp-content\/uploads\/2025\/05\/1748181436_889_88790626-62832004.jpg\" alt=\"\u200b18 bless\u00e9s dans une attaque au couteau en Allemagne\" title=\"\u200b18 bless\u00e9s dans une attaque au couteau en Allemagne\" width=\"688\" \/><\/a><\/p>\n<p>\t\t\t\t\t L\u2019auteure pr\u00e9sum\u00e9e de l\u2019attaque, \u00e2g\u00e9e de 39 ans, pr\u00e9sente \u2018\u2019des indices tr\u00e8s concrets d\u2019une maladie psychique\u2019\u2019, a pr\u00e9cis\u00e9 la police. Vendredi, dans la gare de la deuxi\u00e8me ville la plus peupl\u00e9e d\u2019Allemagne, la suspecte avait agress\u00e9 plusieurs voyageurs attendant leur train sur un quai avant d\u2019\u00eatre neutralis\u00e9e par deux passants et des forces de l\u2019ordre. <\/p>\n<p>Parmi les 18 victimes, \u00e2g\u00e9es de 19 \u00e0 85 ans, sept ont \u00e9t\u00e9 bless\u00e9es l\u00e9g\u00e8rement, sept gri\u00e8vement et quatre tr\u00e8s gri\u00e8vement, selon le dernier bilan de la police. L\u2019assaillante doit \u00eatre pr\u00e9sent\u00e9e samedi \u00e0 un juge pour qu\u2019il d\u00e9cide de son internement en h\u00f4pital psychiatrique, ajoute la police. \u2018\u2019Il n\u2019existe pas d\u2019indices que la suspecte ait \u00e9t\u00e9 sous l\u2019emprise de substances psychotropes au moment des faits\u2019\u2019, ajoute la police.<\/p>\n<p>\t\t <br class=\"texte clear\" \/><\/p>\n<p>\t\t <\/p>\n","protected":false},"excerpt":{"rendered":"R\u00e9dig\u00e9 par L&rsquo;Opinion Dimanche 25 Mai 2025 Le bilan de l\u2019attaque au couteau \u00e0 la gare de Hambourg,&hellip;\n","protected":false},"author":2,"featured_media":127071,"comment_status":"","ping_status":"","sticky":false,"template":"","format":"standard","meta":{"footnotes":""},"categories":[1587],"tags":[11,5024,5025,5026,258,672,5028,1659,1804,5029,5027,251,1805,1803,33,2518,1283,1777,674,1801,1757,1393,985,12,316,1802,104,517,5030],"class_list":{"0":"post-127070","1":"post","2":"type-post","3":"status-publish","4":"format-standard","5":"has-post-thumbnail","7":"category-allemagne","8":"tag-actualites","9":"tag-actualites-et-infos-au-maroc","10":"tag-actualites-et-infos-mondiale","11":"tag-actualites-marocaines-du-jour","12":"tag-alimentation","13":"tag-allemagne","14":"tag-analyses","15":"tag-art-de-vivre","16":"tag-bundesrepublik-deutschland","17":"tag-chronique","18":"tag-consommation-et-bien-etre","19":"tag-culture","20":"tag-de","21":"tag-deutschland","22":"tag-economie","23":"tag-edito","24":"tag-etudes","25":"tag-eu","26":"tag-europe","27":"tag-germany","28":"tag-insolite","29":"tag-loisirs","30":"tag-mode","31":"tag-news","32":"tag-politique","33":"tag-republique-federale-dallemagne","34":"tag-societe","35":"tag-sport","36":"tag-tribune"},"share_on_mastodon":{"url":"https:\/\/pubeurope.com\/@fr\/114568825819773217","error":""},"_links":{"self":[{"href":"https:\/\/www.europesays.com\/fr\/wp-json\/wp\/v2\/posts\/127070","targetHints":{"allow":["GET"]}}],"collection":[{"href":"https:\/\/www.europesays.com\/fr\/wp-json\/wp\/v2\/posts"}],"about":[{"href":"https:\/\/www.europesays.com\/fr\/wp-json\/wp\/v2\/types\/post"}],"author":[{"embeddable":true,"href":"https:\/\/www.europesays.com\/fr\/wp-json\/wp\/v2\/users\/2"}],"replies":[{"embeddable":true,"href":"https:\/\/www.europesays.com\/fr\/wp-json\/wp\/v2\/comments?post=127070"}],"version-history":[{"count":0,"href":"https:\/\/www.europesays.com\/fr\/wp-json\/wp\/v2\/posts\/127070\/revisions"}],"wp:featuredmedia":[{"embeddable":true,"href":"https:\/\/www.europesays.com\/fr\/wp-json\/wp\/v2\/media\/127071"}],"wp:attachment":[{"href":"https:\/\/www.europesays.com\/fr\/wp-json\/wp\/v2\/media?parent=127070"}],"wp:term":[{"taxonomy":"category","embeddable":true,"href":"https:\/\/www.europesays.com\/fr\/wp-json\/wp\/v2\/categories?post=127070"},{"taxonomy":"post_tag","embeddable":true,"href":"https:\/\/www.europesays.com\/fr\/wp-json\/wp\/v2\/tags?post=127070"}],"curies":[{"name":"wp","href":"https:\/\/api.w.org\/{rel}","templated":true}]}}