{"id":127090,"date":"2025-05-25T14:10:08","date_gmt":"2025-05-25T14:10:08","guid":{"rendered":"https:\/\/www.europesays.com\/fr\/127090\/"},"modified":"2025-05-25T14:10:08","modified_gmt":"2025-05-25T14:10:08","slug":"cyclisme-vtt-coupe-du-monde","status":"publish","type":"post","link":"https:\/\/www.europesays.com\/fr\/127090\/","title":{"rendered":"Cyclisme. VTT &#8211; Coupe du Monde"},"content":{"rendered":"<p>C&rsquo;est peu dire que le grand retour de\u00a0<strong><a href=\"https:\/\/www.cyclismactu.net\/..\/news-criterium-du-dauphine-route-mathieu-van-der-poel-va-decouvrir-criterium-du-dauphine-88026.html\" target=\"_blank\" rel=\"nofollow noopener\">Mathieu van der Poel<\/a><\/strong>\u00a0en VTT ne pouvait pas plus mal se passer&#8230; avec deux chutes en cinq minutes suivi d&rsquo;un abandon au 3e tour ! Pr\u00e9sent sur\u00a0la\u00a0<strong><a href=\"https:\/\/www.cyclismactu.net\/..\/news-vtt-coupe-du-monde-vtt-koretzky-battu-par-blevins-nove-mesto-pieterse-vainqueure-88018.html\" target=\"_blank\" rel=\"nofollow noopener\">Coupe du Monde de\u00a0VTT<\/a><\/strong>\u00a0\u00e0 Nove Mesto ce dimanche 25 mai,\u00a0dans une discipline qu&rsquo;il n&rsquo;a plus pratiqu\u00e9e depuis 2023 et dans laquelle il visera le titre mondial en fin d\u2019ann\u00e9e en Suisse, le N\u00e9erlandais avait forc\u00e9ment tous les projecteurs braqu\u00e9s sur lui d\u00e8s le d\u00e9part, m\u00eame s&rsquo;il \u00e9lan\u00e7ait logiquement en fond de grille. Peut-\u00eatre trop press\u00e9 de d\u00e9buter sa folle remont\u00e9e, la star d&rsquo;<strong>Alpecin-Deceuninck<\/strong> a d&rsquo;abord chut\u00e9 dans les barri\u00e8res en voulant d\u00e9passer un autre coureur sur la gauche du peloton. Une chute sans gravit\u00e9 puisqu&rsquo;il est rapidement remont\u00e9 sur son v\u00e9lo&#8230; avant de tomber \u00e0 nouveau juste apr\u00e8s lors d&rsquo;un saut, faisant un salto avant bien plus violent. Sonn\u00e9, il a pu repartir, mais \u00e0 plus d&rsquo;une minute d\u00e9j\u00e0 de la t\u00eate apr\u00e8s seulement un tour. De quoi oublier la perspective d&rsquo;un retour victorieux, ce qui l&rsquo;a sans surprise pouss\u00e9 \u00e0 l&rsquo;abandon au 3e tour, apr\u00e8s 30 minutes de course&#8230;<\/p>\n<p>Vid\u00e9o &#8211; MVDP moins \u00e0 l&rsquo;aise techniquement en VTT qu&rsquo;\u00e0 Roubaix Lire la suite de l&rsquo;article&#13;<\/p>\n<p>\u00a0<\/p>\n<p>&#13;<br \/>\nLes deux chutes de Mathieu van der Poel en vid\u00e9o :&#13;<\/p>\n<blockquote class=\"twitter-tweet\" style=\"width:100%!important;max-width:550px!important;min-width:250px;height:500px;\" data-media-max-width=\"560\"><p>&#13;<\/p>\n<p dir=\"ltr\" lang=\"nl\">??? | Oeioeioei, valpartij Van der Poel terwijl hij probeert op te schuiven. Dan gebeurt precies waar je niet op zit te wachten&#8230; ?? <\/p>\n<p>? Stream MTB op HBO Max <a href=\"https:\/\/t.co\/Jej9nLP4Lb\" rel=\"nofollow\">pic.twitter.com\/Jej9nLP4Lb<\/a><\/p>\n<p>&#13;<br \/>\n\u2014 Eurosport Nederland (@Eurosport_NL) <a href=\"https:\/\/twitter.com\/Eurosport_NL\/status\/1926581007689363862?ref_src=twsrc%5Etfw\" rel=\"nofollow noopener\" target=\"_blank\">May 25, 2025<\/a><\/p><\/blockquote>\n<p>&#13;<br \/>\n&#13;<\/p>\n<p>\u00a0<\/p>\n<p>&#13;<\/p>\n<blockquote class=\"twitter-tweet\" style=\"width:100%!important;max-width:550px!important;min-width:250px;height:500px;\" data-media-max-width=\"560\"><p>&#13;<\/p>\n<p dir=\"ltr\" lang=\"pt\">E duas vezes<\/p>\n<p>Van der Poel<a href=\"https:\/\/twitter.com\/hashtag\/MTBWorldCup?src=hash&amp;ref_src=twsrc%5Etfw\" rel=\"nofollow noopener\" target=\"_blank\">#MTBWorldCup<\/a> <a href=\"https:\/\/t.co\/QNa6S1kLbx\" rel=\"nofollow\">pic.twitter.com\/QNa6S1kLbx<\/a><\/p>\n<p>&#13;<br \/>\n\u2014 O Pa\u00eds Do Ciclismo (@opaisdociclismo) <a href=\"https:\/\/twitter.com\/opaisdociclismo\/status\/1926584584176611429?ref_src=twsrc%5Etfw\" rel=\"nofollow noopener\" target=\"_blank\">May 25, 2025<\/a><\/p><\/blockquote>\n<p>&#13;<br \/>\n<script async src=\"https:\/\/platform.twitter.com\/widgets.js\" charset=\"utf-8\"><\/script><\/p>\n","protected":false},"excerpt":{"rendered":"C&rsquo;est peu dire que le grand retour de\u00a0Mathieu van der Poel\u00a0en VTT ne pouvait pas plus mal se&hellip;\n","protected":false},"author":2,"featured_media":127091,"comment_status":"","ping_status":"","sticky":false,"template":"","format":"standard","meta":{"footnotes":""},"categories":[1411],"tags":[1154,207,211,1011,27,60,210,212,208,8012,25061,213],"class_list":{"0":"post-127090","1":"post","2":"type-post","3":"status-publish","4":"format-standard","5":"has-post-thumbnail","7":"category-cyclisme","8":"tag-cycling","9":"tag-cyclisme","10":"tag-ffc","11":"tag-fr","12":"tag-france","13":"tag-sports","14":"tag-tour-de-france","15":"tag-uci","16":"tag-velo","17":"tag-vtt","18":"tag-vtt-coupe-du-monde","19":"tag-world-tour"},"share_on_mastodon":{"url":"https:\/\/pubeurope.com\/@fr\/114568876827616470","error":""},"_links":{"self":[{"href":"https:\/\/www.europesays.com\/fr\/wp-json\/wp\/v2\/posts\/127090","targetHints":{"allow":["GET"]}}],"collection":[{"href":"https:\/\/www.europesays.com\/fr\/wp-json\/wp\/v2\/posts"}],"about":[{"href":"https:\/\/www.europesays.com\/fr\/wp-json\/wp\/v2\/types\/post"}],"author":[{"embeddable":true,"href":"https:\/\/www.europesays.com\/fr\/wp-json\/wp\/v2\/users\/2"}],"replies":[{"embeddable":true,"href":"https:\/\/www.europesays.com\/fr\/wp-json\/wp\/v2\/comments?post=127090"}],"version-history":[{"count":0,"href":"https:\/\/www.europesays.com\/fr\/wp-json\/wp\/v2\/posts\/127090\/revisions"}],"wp:featuredmedia":[{"embeddable":true,"href":"https:\/\/www.europesays.com\/fr\/wp-json\/wp\/v2\/media\/127091"}],"wp:attachment":[{"href":"https:\/\/www.europesays.com\/fr\/wp-json\/wp\/v2\/media?parent=127090"}],"wp:term":[{"taxonomy":"category","embeddable":true,"href":"https:\/\/www.europesays.com\/fr\/wp-json\/wp\/v2\/categories?post=127090"},{"taxonomy":"post_tag","embeddable":true,"href":"https:\/\/www.europesays.com\/fr\/wp-json\/wp\/v2\/tags?post=127090"}],"curies":[{"name":"wp","href":"https:\/\/api.w.org\/{rel}","templated":true}]}}