{"id":127094,"date":"2025-05-25T14:12:09","date_gmt":"2025-05-25T14:12:09","guid":{"rendered":"https:\/\/www.europesays.com\/fr\/127094\/"},"modified":"2025-05-25T14:12:09","modified_gmt":"2025-05-25T14:12:09","slug":"elsa-esnoult-attend-un-heureux-evenement-sa-magnifique-annonce-de-grossesse-fait-fondre-les-fans","status":"publish","type":"post","link":"https:\/\/www.europesays.com\/fr\/127094\/","title":{"rendered":"Elsa Esnoult attend un heureux \u00e9v\u00e9nement : sa magnifique annonce de grossesse fait fondre les fans"},"content":{"rendered":"<p>      R\u00e9sum\u00e9<\/p>\n<p>Elsa Esnoult c\u00e9l\u00e8bre un nouveau chapitre de sa vie personnelle en annon\u00e7ant une grossesse qui ravit ses fans, marquant une pause prochaine dans sa carri\u00e8re.<\/p>\n<p>        Sommaire<\/p>\n<p><strong>Elsa Esnoult est sur un petit nuage<\/strong>. Quelques semaines apr\u00e8s avoir <a href=\"https:\/\/www.public.fr\/quils-pourrissent-en-enfer-elsa-esnoult-quelques-jours-apres-avoir-officialise-avec-son-homme-les-terribles-images\" target=\"_blank\" rel=\"noopener\">officialis\u00e9 son histoire d&rsquo;amour<\/a> avec <a href=\"https:\/\/www.public.fr\/elsa-esnoult-presente-pour-la-premiere-fois-son-cheri-alexis\" target=\"_blank\" rel=\"noopener\">Alexis, un coach sportif<\/a> de huit ans son cadet, la com\u00e9dienne des Myst\u00e8res de l&rsquo;amour a profit\u00e9 de la f\u00eate des m\u00e8res pour annoncer une grande nouvelle \u00e0 ses fans. Sur Instagram, ce dimanche 25 mai, la nouvelle \u00e9g\u00e9rie de Camping Paradis a annonc\u00e9 <strong>attendre \u00e0 36 ans son tout premier enfant<\/strong>.<\/p>\n<p><strong>\u00ab\u00a0Toi plus moi = bient\u00f4t nous trois\u00a0\u00bb<\/strong> a d\u00e9but\u00e9 Elsa Esnoult avant d&rsquo;enchainer : \u00ab\u00a0Il y a des secrets si beaux qu\u2019on veut les garder pendant un moment rien que pour nous\u2026. Aujourd\u2019hui, c\u2019est avec une si grande \u00e9motion et des r\u00eaves plein le c\u0153ur que nous vous partageons le n\u00f4tre\u2026 <strong>un merveilleux cadeau rempli de magie et de bonheur<\/strong>\u2026 Un petit miracle grandit en moi et notre Amour pour lui est d\u00e9j\u00e0 infini\u00a0\u00bb.<\/p>\n<p>Un b\u00e9b\u00e9 pour l&rsquo;automne pour Elsa Esnoult<\/p>\n<p>Elsa Esnoult annonce cette magnifique nouvelle le jour m\u00eame <strong>de l&rsquo;annonce faite par Malika M\u00e9nard<\/strong>. L&rsquo;ex-Miss France <a href=\"https:\/\/www.public.fr\/malika-menard-celebre-sa-toute-premiere-fete-des-meres-avec-sa-fille-sherazade\" target=\"_blank\" rel=\"noopener\">a accouch\u00e9 de son premier enfant<\/a>, une petite fille qu&rsquo;elle a pr\u00e9nomm\u00e9e Sherazade. Elsa Esnoult, elle, va devoir attendre l&rsquo;automne pour accueillir son b\u00e9b\u00e9. Pour l&rsquo;heure, avec Alexis, l&rsquo;heure est \u00e0 profiter des mois de grossesse qui arrivent. Les deux tourtereaux se sont adonn\u00e9s \u00e0 un joli shooting, sur lequel l&rsquo;h\u00e9ro\u00efne de Jean-Luc Azoulay<strong> a affich\u00e9 un joli baby bump<\/strong>.<\/p>\n<p>R\u00e9v\u00e9l\u00e9e en 2011 par son r\u00f4le de Fanny Greyson dans Les myst\u00e8res de l&rsquo;amour, Elsa Esnoult est tr\u00e8s certainement l&rsquo;une des coqueluches de <a href=\"https:\/\/vsd.fr\/70960-helene-rolles-en-galere-avec-ses-ados-elle-se-confie\/\" target=\"_blank\" rel=\"noopener\">Jean-Luc Azoulay<\/a>. Il l&rsquo;a d&rsquo;ailleurs choisie tout r\u00e9cemment pour chanter <strong>l&rsquo;hymne des campings de la franchise Camping Paradis<\/strong>, qu&rsquo;il a cr\u00e9\u00e9e il y a quelques ann\u00e9es en association avec TF1. La com\u00e9dienne, aussi chanteuse, va toutefois devoir s&rsquo;absenter des tournages du soap dans les prochaines semaines donc. On lui souhaite donc tout le bonheur du monde !<\/p>\n<p>      Mentionn\u00e9s dans cet article<\/p>\n<p>\u00c0 lire aussi<\/p>\n","protected":false},"excerpt":{"rendered":"R\u00e9sum\u00e9 Elsa Esnoult c\u00e9l\u00e8bre un nouveau chapitre de sa vie personnelle en annon\u00e7ant une grossesse qui ravit ses&hellip;\n","protected":false},"author":2,"featured_media":127095,"comment_status":"","ping_status":"","sticky":false,"template":"","format":"standard","meta":{"footnotes":""},"categories":[1359],"tags":[9503,58,7158,847,59,18808,1011,27,196,973],"class_list":{"0":"post-127094","1":"post","2":"type-post","3":"status-publish","4":"format-standard","5":"has-post-thumbnail","7":"category-people","8":"tag-baby","9":"tag-divertissement","10":"tag-elsa-esnoult","11":"tag-enfant","12":"tag-entertainment","13":"tag-fete-des-meres","14":"tag-fr","15":"tag-france","16":"tag-grossesse","17":"tag-people"},"share_on_mastodon":{"url":"https:\/\/pubeurope.com\/@fr\/114568884666609600","error":""},"_links":{"self":[{"href":"https:\/\/www.europesays.com\/fr\/wp-json\/wp\/v2\/posts\/127094","targetHints":{"allow":["GET"]}}],"collection":[{"href":"https:\/\/www.europesays.com\/fr\/wp-json\/wp\/v2\/posts"}],"about":[{"href":"https:\/\/www.europesays.com\/fr\/wp-json\/wp\/v2\/types\/post"}],"author":[{"embeddable":true,"href":"https:\/\/www.europesays.com\/fr\/wp-json\/wp\/v2\/users\/2"}],"replies":[{"embeddable":true,"href":"https:\/\/www.europesays.com\/fr\/wp-json\/wp\/v2\/comments?post=127094"}],"version-history":[{"count":0,"href":"https:\/\/www.europesays.com\/fr\/wp-json\/wp\/v2\/posts\/127094\/revisions"}],"wp:featuredmedia":[{"embeddable":true,"href":"https:\/\/www.europesays.com\/fr\/wp-json\/wp\/v2\/media\/127095"}],"wp:attachment":[{"href":"https:\/\/www.europesays.com\/fr\/wp-json\/wp\/v2\/media?parent=127094"}],"wp:term":[{"taxonomy":"category","embeddable":true,"href":"https:\/\/www.europesays.com\/fr\/wp-json\/wp\/v2\/categories?post=127094"},{"taxonomy":"post_tag","embeddable":true,"href":"https:\/\/www.europesays.com\/fr\/wp-json\/wp\/v2\/tags?post=127094"}],"curies":[{"name":"wp","href":"https:\/\/api.w.org\/{rel}","templated":true}]}}