{"id":127098,"date":"2025-05-25T14:14:24","date_gmt":"2025-05-25T14:14:24","guid":{"rendered":"https:\/\/www.europesays.com\/fr\/127098\/"},"modified":"2025-05-25T14:14:24","modified_gmt":"2025-05-25T14:14:24","slug":"edition-le-photographe-alsacien-michel-friz-consacre-un-livre-au-cochon-son-animal-totem","status":"publish","type":"post","link":"https:\/\/www.europesays.com\/fr\/127098\/","title":{"rendered":"\u00c9dition. Le photographe alsacien Michel Friz\u00a0consacre un livre au cochon, son \u00ab\u00a0animal totem\u00a0\u00bb"},"content":{"rendered":"<p>\u00ab\u00a0Avec le noir et blanc, on va \u00e0 l\u2019essentiel\u00a0\u00bb, rappelle celui qui apr\u00e8s avoir offici\u00e9 dans l\u2019\u00e9dition et la formation a retrouv\u00e9 son amour de jeunesse, la photographie.<\/p>\n<p>Sa qu\u00eate d\u2019un paysage id\u00e9al a fl\u00e9ch\u00e9 son regard vers des lignes de cr\u00eate, vaches, hirondelles et autres po\u00e9sies pastorales. Si expos et livres lui ont fait battre campagne souvent en couleur, Michel Friz opte pour les nuances de gris quand il croise le cochon, qu\u2019il qualifie comme son \u00ab\u00a0animal totem\u00a0\u00bb. C\u2019\u00e9tait il y a dix ans. Presque un effet miroir\u00a0: \u00ab\u00a0C\u2019est l\u2019animal d\u2019\u00e9levage qui est le plus proche de nous. Le cochon te regarde, il a un \u0153il. Et puis comme le dauphin, il sourit aussi.\u00a0\u00bb<\/p>\n<p>Affinit\u00e9s aidant et usant du noir et blanc pour traduire au mieux cette proximit\u00e9 en termes d\u2019intelligence et de sensibilit\u00e9, il fait le tour d\u2019\u00e9levages \u00e0 taille humaine. Que ce soit \u00e0 100\u00a0m de chez lui \u00e0 Fegersheim comme dans les Hautes Vosges. Et toujours avec cette m\u00eame approche bienveillante qui lui permet de gagner la confiance des \u00e9leveurs et de comprendre toute l\u2019utilit\u00e9 du cochon r\u00e9cup\u00e9rateur \u201cqui mange tous les restes\u201d.<\/p>\n<p>Dans le quartier des chiffonniers au\u00a0Caire (\u00c9gypte), on le surnomme m\u00eame \u201cle nettoyeur\u201d. Mais Michel Friz n\u2019a pas eu besoin d\u2019aller aussi loin pour dresser ce fid\u00e8le portrait d\u2019un animal qui n\u2019a pas toujours bonne presse. Redorer le blason de cette queue en tir bouchon.<\/p>\n<p>Corpus porcus  est comme un regain de dignit\u00e9 offert \u00e0 \u00ab\u00a0ce monde finissant\u00a0\u00bb. \u00ab\u00a0Ces 40 photographies, accompagn\u00e9es de textes, ont \u00e9t\u00e9 r\u00e9alis\u00e9es dans des \u00e9levages qui pour la plupart ont \u00e0 ce jour disparu\u00a0\u00bb, observe ce t\u00e9moin d\u2019une \u00e9poque quasi r\u00e9volue. Michel Friz n\u2019a \u00ab\u00a0pas connu d\u2019enfance \u00e0 la campagne\u00a0\u00bb et, par la m\u00eame occasion, rattrape l\u00e0 le temps perdu.<\/p>\n<p class=\"note\">Corpus porcus &#8211; Morceaux choisis, de Michel Friz, pr\u00e9face de Jacques Fortier, avril\u00a02025, 26\u00a0\u20ac. Le livre peut \u00eatre command\u00e9 aupr\u00e8s de l\u2019auteur\u00a0: michelfriz53@gmail.com<\/p>\n","protected":false},"excerpt":{"rendered":"\u00ab\u00a0Avec le noir et blanc, on va \u00e0 l\u2019essentiel\u00a0\u00bb, rappelle celui qui apr\u00e8s avoir offici\u00e9 dans l\u2019\u00e9dition et&hellip;\n","protected":false},"author":2,"featured_media":127099,"comment_status":"","ping_status":"","sticky":false,"template":"","format":"standard","meta":{"footnotes":""},"categories":[1357],"tags":[2389,1379,1687,58,2880,59,10594,107,1011,27,3035,1380,3089],"class_list":{"0":"post-127098","1":"post","2":"type-post","3":"status-publish","4":"format-standard","5":"has-post-thumbnail","7":"category-livres","8":"tag-alsace","9":"tag-books","10":"tag-culture-loisirs","11":"tag-divertissement","12":"tag-edition-strasbourg","13":"tag-entertainment","14":"tag-fegersheim","15":"tag-fil-info","16":"tag-fr","17":"tag-france","18":"tag-la-matinale-strasbourg","19":"tag-livres","20":"tag-strasbourg-sud"},"share_on_mastodon":{"url":"https:\/\/pubeurope.com\/@fr\/114568892640117145","error":""},"_links":{"self":[{"href":"https:\/\/www.europesays.com\/fr\/wp-json\/wp\/v2\/posts\/127098","targetHints":{"allow":["GET"]}}],"collection":[{"href":"https:\/\/www.europesays.com\/fr\/wp-json\/wp\/v2\/posts"}],"about":[{"href":"https:\/\/www.europesays.com\/fr\/wp-json\/wp\/v2\/types\/post"}],"author":[{"embeddable":true,"href":"https:\/\/www.europesays.com\/fr\/wp-json\/wp\/v2\/users\/2"}],"replies":[{"embeddable":true,"href":"https:\/\/www.europesays.com\/fr\/wp-json\/wp\/v2\/comments?post=127098"}],"version-history":[{"count":0,"href":"https:\/\/www.europesays.com\/fr\/wp-json\/wp\/v2\/posts\/127098\/revisions"}],"wp:featuredmedia":[{"embeddable":true,"href":"https:\/\/www.europesays.com\/fr\/wp-json\/wp\/v2\/media\/127099"}],"wp:attachment":[{"href":"https:\/\/www.europesays.com\/fr\/wp-json\/wp\/v2\/media?parent=127098"}],"wp:term":[{"taxonomy":"category","embeddable":true,"href":"https:\/\/www.europesays.com\/fr\/wp-json\/wp\/v2\/categories?post=127098"},{"taxonomy":"post_tag","embeddable":true,"href":"https:\/\/www.europesays.com\/fr\/wp-json\/wp\/v2\/tags?post=127098"}],"curies":[{"name":"wp","href":"https:\/\/api.w.org\/{rel}","templated":true}]}}