{"id":127102,"date":"2025-05-25T14:16:17","date_gmt":"2025-05-25T14:16:17","guid":{"rendered":"https:\/\/www.europesays.com\/fr\/127102\/"},"modified":"2025-05-25T14:16:17","modified_gmt":"2025-05-25T14:16:17","slug":"freddie-mercury-queen-aurait-eu-un-enfant-avec-une-femme-mariee-sa-fille-cachee-sort-du-silence","status":"publish","type":"post","link":"https:\/\/www.europesays.com\/fr\/127102\/","title":{"rendered":"Freddie Mercury (Queen) aurait eu un enfant avec une femme mari\u00e9e, sa fille cach\u00e9e sort du silence"},"content":{"rendered":"<p>Une biographie de Freddie Mercury, qui sortira au mois de septembre prochain, fait une \u00e9tonnante r\u00e9v\u00e9lation sur l&rsquo;artiste : le chanteur de Queen aurait eu une fille, aujourd&rsquo;hui \u00e2g\u00e9e de 48 ans, issue d&rsquo;un adult\u00e8re.<\/p>\n<p>Freddie Mercury aurait eu une fille, en 1976. C&rsquo;est en tout cas que r\u00e9v\u00e8le une biographie du <a href=\"https:\/\/www.programme-tv.net\/news\/quiz\/374979-quiz-bohemian-rhapsody-testez-vos-connaissances-sur-le-biopic-de-la-legende-rock\/\" data-api-deeplink=\"teleloisirs:\/\/news\/374979\" target=\"_blank\" rel=\"noopener\">chanteur de Queen<\/a>, \u00e9crite par la sp\u00e9cialiste du rock Lesly-Ann Jones, qui para\u00eetra au mois de septembre prochain. Dans ce livre, cette experte assure que l&rsquo;ic\u00f4ne gay, <a href=\"https:\/\/www.programme-tv.net\/news\/people\/374969-freddie-mercury-qui-a-herite-de-la-fortune-du-chanteur-de-queen-apres-sa-mort\/\" data-api-deeplink=\"teleloisirs:\/\/news\/374969\" target=\"_blank\" rel=\"noopener\">disparue en 1991<\/a>, \u00e9tait le p\u00e8re d&rsquo;une petite fille, issue d&rsquo;une liaison avec l&rsquo;\u00e9pouse de l&rsquo;un des amis les plus proches. Seul le clan rapproch\u00e9 de Freddie Mercury aurait \u00e9t\u00e9 au courant de l&rsquo;existence de cet enfant n\u00e9 d&rsquo;une relation extra-conjugale, rapporte <a href=\"https:\/\/www.leparisien.fr\/culture-loisirs\/musique\/freddie-mercury-etait-mon-pere-la-fille-cachee-du-chanteur-de-queen-brise-le-silence-a-48-ans-24-05-2025-IJURVC7EOZEBNCMRZOS4FR26YE.php\" rel=\"nofollow noopener\" target=\"_blank\">Le Parisien<\/a>, qui s&rsquo;appuie sur des r\u00e9v\u00e9lations publi\u00e9es par le journal britannique <a href=\"https:\/\/www.dailymail.co.uk\/tvshowbiz\/article-14743609\/Freddie-Mercury-secret-daughter-fling-wife-friend-letters-father.html\" target=\"_blank\" rel=\"noopener\">Daily Mail<\/a>.<\/p>\n<p>\u00ab\u00a0Nous avons eu une relation tr\u00e8s fusionnelle\u00a0\u00bb, assure la femme qui pr\u00e9tend \u00eatre la fille de Freddie Mercury (Queen)<\/p>\n<p>Celle qui pr\u00e9tend \u00eatre la fille de Freddie Mercury est aujourd&rsquo;hui \u00e2g\u00e9e de 48 ans, et travaille dans le domaine de la sant\u00e9, en Europe. \u00ab\u00a0Nous avons eu une relation tr\u00e8s fusionnelle et tr\u00e8s aimante de ma naissance \u00e0 sa mort 15 ans plus tard\u00a0\u00bb, assure cette quadrag\u00e9naire, dont l&rsquo;identit\u00e9 a \u00e9t\u00e9 maintenue secr\u00e8te. \u00ab\u00a0Il m\u2019adorait et il \u00e9tait tr\u00e8s attentionn\u00e9\u00a0\u00bb, poursuit cette femme, qui indique toutefois \u00eatre parfaitement lucide quant au caract\u00e8re sulfureux de sa naissance, poursuit le quotidien. Si elle a choisi de r\u00e9v\u00e9ler ses origines au grand jour, c&rsquo;est pour mettre fin \u00e0 \u00ab\u00a0plus de trois d\u00e9cennies de mensonges, de th\u00e9ories foireuses et de falsifications\u00a0\u00bb, \u00e9crit-elle. \u00ab\u00a0Il est temps de laisser Freddie s\u2019exprimer.\u00a0\u00bb<\/p>\n<p>                        Freddie Mercury aurait confi\u00e9 \u00ab\u00a0tous ses journaux priv\u00e9s\u00a0\u00bb \u00e0 celle qui pr\u00e9tend \u00eatre sa fille<\/p>\n<p>\u00ab\u00a0Ceux qui connaissaient mon existence et ont gard\u00e9 le secret l\u2019ont fait par loyaut\u00e9 \u00e0 Freddie\u00a0\u00bb, poursuit cette femme, qui a v\u00e9cu dans l&rsquo;ombre de son pr\u00e9tendu p\u00e8re, pendant pr\u00e8s de cinquante ans. \u00ab\u00a0C&rsquo;est moi qui ai d\u00e9cid\u00e9 de r\u00e9v\u00e9ler mon existence. Je n\u2019ai pas \u00e9t\u00e9 contrainte de le faire.\u00a0\u00bb Elle assure d&rsquo;ailleurs que le chanteur de <a href=\"https:\/\/www.programme-tv.net\/news\/tv\/356619-we-are-the-champions-a-ete-ecrit-par-un-homme-qui-naimait-pas-le-football-les-secrets-fous-dun-hymne-sportif-emblematique-signe-queen\/\" data-api-deeplink=\"teleloisirs:\/\/news\/356619\" target=\"_blank\" rel=\"noopener\">We are the champions<\/a> lui avait donn\u00e9, \u00e0 elle, \u00ab\u00a0son seul enfant, tous ses journaux priv\u00e9s, les cahiers o\u00f9 il a confi\u00e9 ses pens\u00e9es intimes, ses souvenirs et ce qu\u2019il a ressenti sur son parcours\u00a0\u00bb. Un tr\u00e9sor qu&rsquo;elle gardait cach\u00e9 depuis des d\u00e9cennies. Lesly-Ann Jones, l&rsquo;auteure du livre qui fait cette \u00e9tonnante r\u00e9v\u00e9lation, ne doute en aucun cas de la v\u00e9racit\u00e9 du lien entre cette quadrag\u00e9naire et la star du rock, dont les chansons r\u00e9sonnent encore aujourd&rsquo;hui\u00a0: \u00ab\u00a0Mon instinct m\u2019a dit de me m\u00e9fier mais je ne crois pas qu\u2019elle affabule, assure-t-elle. Personne n\u2019aurait pu trafiquer tout \u00e7a.\u00a0\u00bb<\/p>\n<p>Article \u00e9crit en collaboration avec 6Medias<\/p>\n","protected":false},"excerpt":{"rendered":"Une biographie de Freddie Mercury, qui sortira au mois de septembre prochain, fait une \u00e9tonnante r\u00e9v\u00e9lation sur l&rsquo;artiste&hellip;\n","protected":false},"author":2,"featured_media":127103,"comment_status":"","ping_status":"","sticky":false,"template":"","format":"standard","meta":{"footnotes":""},"categories":[1355],"tags":[244,58,847,25062,59,1011,27,12977,25063,1361,873,20029,4581,4582,25064],"class_list":{"0":"post-127102","1":"post","2":"type-post","3":"status-publish","4":"format-standard","5":"has-post-thumbnail","7":"category-musique","8":"tag-commentaire","9":"tag-divertissement","10":"tag-enfant","11":"tag-enfant-de-star","12":"tag-entertainment","13":"tag-fr","14":"tag-france","15":"tag-freddie-mercury","16":"tag-guid_6270742241001","17":"tag-music","18":"tag-musique","19":"tag-ru00e9vu00e9lation","20":"tag-story","21":"tag-tel","22":"tag-uuid_5b2b999f-49d6-4976-8d3d-32caf9491d3a"},"share_on_mastodon":{"url":"https:\/\/pubeurope.com\/@fr\/114568900444670630","error":""},"_links":{"self":[{"href":"https:\/\/www.europesays.com\/fr\/wp-json\/wp\/v2\/posts\/127102","targetHints":{"allow":["GET"]}}],"collection":[{"href":"https:\/\/www.europesays.com\/fr\/wp-json\/wp\/v2\/posts"}],"about":[{"href":"https:\/\/www.europesays.com\/fr\/wp-json\/wp\/v2\/types\/post"}],"author":[{"embeddable":true,"href":"https:\/\/www.europesays.com\/fr\/wp-json\/wp\/v2\/users\/2"}],"replies":[{"embeddable":true,"href":"https:\/\/www.europesays.com\/fr\/wp-json\/wp\/v2\/comments?post=127102"}],"version-history":[{"count":0,"href":"https:\/\/www.europesays.com\/fr\/wp-json\/wp\/v2\/posts\/127102\/revisions"}],"wp:featuredmedia":[{"embeddable":true,"href":"https:\/\/www.europesays.com\/fr\/wp-json\/wp\/v2\/media\/127103"}],"wp:attachment":[{"href":"https:\/\/www.europesays.com\/fr\/wp-json\/wp\/v2\/media?parent=127102"}],"wp:term":[{"taxonomy":"category","embeddable":true,"href":"https:\/\/www.europesays.com\/fr\/wp-json\/wp\/v2\/categories?post=127102"},{"taxonomy":"post_tag","embeddable":true,"href":"https:\/\/www.europesays.com\/fr\/wp-json\/wp\/v2\/tags?post=127102"}],"curies":[{"name":"wp","href":"https:\/\/api.w.org\/{rel}","templated":true}]}}