{"id":127116,"date":"2025-05-25T14:23:08","date_gmt":"2025-05-25T14:23:08","guid":{"rendered":"https:\/\/www.europesays.com\/fr\/127116\/"},"modified":"2025-05-25T14:23:08","modified_gmt":"2025-05-25T14:23:08","slug":"la-niece-de-donald-trump-laccuse-de-vouloir-etre-president-a-vie","status":"publish","type":"post","link":"https:\/\/www.europesays.com\/fr\/127116\/","title":{"rendered":"La ni\u00e8ce de Donald Trump l\u2019accuse de vouloir \u00eatre \u00abpr\u00e9sident \u00e0 vie\u00bb"},"content":{"rendered":"<p>En tourn\u00e9e pour son nouvel essai, Mary Trump en a profit\u00e9 pour brosser \u00e0 nouveau le portrait psychologique du pr\u00e9sident am\u00e9ricain.<\/p>\n<p class=\"fig-paragraph\">Elle a dans le visage un vague air de son oncle, Donald. L\u2019air d\u00e9termin\u00e9, le menton carr\u00e9. La comparaison s\u2019arr\u00eate l\u00e0. Mary Trump, 60 ans, psychologue c\u00e9l\u00e8bre, prend la parole aussi souvent que lui permet son poste de commentatrice de la politique am\u00e9ricaine pour se d\u00e9marquer de l\u2019actuel pr\u00e9sident. Ce samedi, The Telegraph publie\u00a0<a href=\"https:\/\/www.telegraph.co.uk\/news\/2025\/05\/24\/mary-trump-interview-donald-wants-to-be-president-for-life\/\" target=\"_blank\" rel=\"noopener nofollow\" data-gtm-custom-categorie=\"navigation\" data-gtm-custom-action=\"crossclick\" data-gtm-custom-label=\"Contextuel\" data-gtm-event=\"customEventSPE\">un podcast<\/a>\u00a0dans lequel elle accuse son oncle, le fr\u00e8re cadet de son p\u00e8re Freddy, de vouloir \u00eatre pr\u00e9sident \u00e0 vie. Une crainte d\u00e9j\u00e0 formul\u00e9e par plusieurs d\u00e9mocrates, aliment\u00e9e par une d\u00e9claration provocatrice fin mars mais sur laquelle Donald Trump est revenu en mai, affirmant qu\u2019il comptait \u00ablaisser la place \u00e0 quelqu\u2019un d\u2019autre\u00bb, un \u00abgrand r\u00e9publicain\u00bb comme\u00a0<a href=\"http:\/\/www.lefigaro.fr\/actualite-france\/la-stabilite-familiale-au-service-de-la-prosperite-le-projet-politique-et-spirituel-de-jd-vance-20250312\" data-fig-type=\"Article\" data-gtm-custom-categorie=\"navigation\" data-gtm-custom-action=\"crossclick\" data-gtm-custom-label=\"Contextuel\" data-gtm-event=\"customEventSPE\" data-fig-domain=\"LEFIGARO\" rel=\"nofollow noopener\" target=\"_blank\">J.D. Vance<\/a>\u00a0ou\u00a0<a href=\"http:\/\/www.lefigaro.fr\/international\/marco-rubio-secretaire-de-tout-et-couteau-suisse-de-donald-trump-20250505\" data-fig-type=\"Article\" data-gtm-custom-categorie=\"navigation\" data-gtm-custom-action=\"crossclick\" data-gtm-custom-label=\"Contextuel\" data-gtm-event=\"customEventSPE\" data-fig-domain=\"LEFIGARO\" rel=\"nofollow noopener\" target=\"_blank\">Marco Rubio<\/a>. En tourn\u00e9e pour son nouvel essai Who could ever love you, o\u00f9 elle narre en d\u00e9tail son enfance douloureuse entre un p\u00e8re d\u00e9prim\u00e9 et une m\u00e8re gla\u00e7ante, Mary Trump en a profit\u00e9 pour brosser \u00e0 nouveau le portrait psychologique de son oncle.<\/p>\n<p class=\"fig-paragraph\">Pour elle, il est inutile de tenter de comprendre la politique impr\u00e9visible des droits de douane et les disputes du \u00abroi des tarifs\u00bb avec les dirigeants mondiaux dans le Bureau ovale sans comprendre les pathologies que lui a imprim\u00e9es son enfance. \u00abPersonne n\u2019aimait Donald quand il \u00e9tait petit\u00bb, \u00e9crit-elle dans son essai. \u00abEn grandissant, ces traits de personnalit\u00e9 se sont durcis, l\u2019indiff\u00e9rence hostile et le manque de respect agressif qu\u2019il avait d\u00e9velopp\u00e9s enfant pour l\u2019aider \u00e0 supporter la n\u00e9gligence dont il souffrait de la part de ses parents.\u00bb Son p\u00e8re, Fred senior, un riche promoteur immobilier du Queens, a voulu l\u2019\u00e9lever comme un \u00abtueur\u00bb et en fait un homme \u00absemblable \u00e0 celui qu\u2019il \u00e9tait \u00e0 l\u2019\u00e2ge de trois ans\u00bb. \u00abIncapable de grandir (&#8230;) inapte \u00e0 ma\u00eetriser ses \u00e9motions, mod\u00e9rer ses r\u00e9actions, ou enregistrer et synth\u00e9tiser des informations\u00bb,\u00a0<a href=\"https:\/\/www.lefigaro.fr\/international\/donald-trump-etrille-par-sa-niece-dans-un-livre-a-succes-20200724\" data-fig-type=\"Article\" data-gtm-custom-categorie=\"navigation\" data-gtm-custom-action=\"crossclick\" data-gtm-custom-label=\"Contextuel\" data-gtm-event=\"customEventSPE\" data-fig-domain=\"LEFIGARO\" rel=\"nofollow noopener\" target=\"_blank\">disait-elle d\u00e9j\u00e0 dans son ouvrage Trop et jamais assez publi\u00e9 en 2020. Un portrait plut\u00f4t compatissant \u00e0 l\u2019endroit de son oncle, salu\u00e9 par la critique et \u00e9coul\u00e9 \u00e0 1,4 million d\u2019exemplaires en une semaine.<\/a><\/p>\n<p class=\"fig-paragraph\">Pendant qu\u2019il se concentrait sur son cadet, Fred senior d\u00e9laissait son premier-n\u00e9, Freddy, le p\u00e8re de Mary, un pilote de ligne que Donald d\u00e9crivait comme un \u00abchauffeur de bus dans le ciel\u00bb. Trop peu viril selon les crit\u00e8res du clan. Mort d\u2019alcoolisme quand elle avait seize ans.<\/p>\n<p>Diagnostic clinique<\/p>\n<p class=\"fig-paragraph\">Pour la psychologue, s\u2019il se soumettait \u00e0 la batterie de tests cliniques, son oncle pourrait recevoir un diagnostic de \u00abtrouble de la personnalit\u00e9 antisociale ou de trouble de la personnalit\u00e9 narcissique\u00bb. \u00abIl s\u2019agit de personnes qui n\u2019h\u00e9sitent pas \u00e0 enfreindre les r\u00e8gles, \u00e0 franchir les limites du possible, a-t-elle pr\u00e9cis\u00e9. Des personnes qui font l\u2019\u00e9cole buissonni\u00e8re, qui mentent beaucoup, qui commettent des vols \u00e0 l\u2019\u00e9talage et qui pensent peut-\u00eatre que les r\u00e8gles ne s\u2019appliquent pas \u00e0 elles.\u00bb<\/p>\n<p class=\"fig-paragraph\">En 2028, \u00e0 la fin de son mandat, \u00abil ne s\u2019agit pas de savoir s\u2019il se pr\u00e9sentera ou non\u00bb, a soutenu Mary Trump aupr\u00e8s du Telegraph, affirmant qu\u2019il serait \u00abplus probable qu\u2019il dise simplement\u00a0:\u201cJe ne vais nulle part\u201d\u00bb, mettant au d\u00e9fi \u00abde se d\u00e9barrasser de lui\u00bb.<\/p>\n<p class=\"fig-paragraph\">Et si sa ni\u00e8ce jouait un r\u00f4le dans l\u2019avenir politique du camp d\u00e9mocrate, dont elle se revendique,\u00a0<a href=\"http:\/\/www.lefigaro.fr\/international\/aux-etats-unis-la-grande-deprime-des-democrates-20250330\" data-fig-type=\"Article\" data-gtm-custom-categorie=\"navigation\" data-gtm-custom-action=\"crossclick\" data-gtm-custom-label=\"Contextuel\" data-gtm-event=\"customEventSPE\" data-fig-domain=\"LEFIGARO\" rel=\"nofollow noopener\" target=\"_blank\">en miettes depuis les \u00e9lections de novembre<\/a>\u00a0? se demande le journaliste du Telegraph. L\u2019hypoth\u00e8se est peu plausible. La clinicienne a la dent dure contre le parti de l\u2019\u00e2ne\u00a0: \u00abLes d\u00e9mocrates continuent non seulement de ne pas saisir la situation actuelle, mais aussi de ne pas la comprendre.\u00bb<\/p>\n<p class=\"fig-paragraph\">\u00abL\u2019une de mes plus grandes critiques \u00e0 l\u2019\u00e9gard de l\u2019administration Biden est qu\u2019elle n\u2019a pas anticip\u00e9 un second mandat de Trump et qu\u2019elle n\u2019a pas su se pr\u00e9parer ad\u00e9quatement, a-t-elle explicit\u00e9. C\u2019\u00e9tait en partie d\u00fb \u00e0 une incapacit\u00e9 \u00e0 comprendre la situation des citoyens de ce pays. Et en partie \u00e0 une incapacit\u00e9 \u00e0 comprendre la situation mondiale. Ils ont besoin d\u2019un dirigeant capable de dire la v\u00e9rit\u00e9 sans complexe et d\u2019utiliser un langage qui trouve un \u00e9cho aupr\u00e8s du peuple.\u00bb<\/p>\n","protected":false},"excerpt":{"rendered":"En tourn\u00e9e pour son nouvel essai, Mary Trump en a profit\u00e9 pour brosser \u00e0 nouveau le portrait psychologique&hellip;\n","protected":false},"author":2,"featured_media":127117,"comment_status":"","ping_status":"","sticky":false,"template":"","format":"standard","meta":{"footnotes":""},"categories":[5],"tags":[259,11,260,75,1011,27,14,261,12,262,28],"class_list":{"0":"post-127116","1":"post","2":"type-post","3":"status-publish","4":"format-standard","5":"has-post-thumbnail","7":"category-international","8":"tag-actualite-internationale","9":"tag-actualites","10":"tag-affaires-etrangeres","11":"tag-donald-trump","12":"tag-fr","13":"tag-france","14":"tag-international","15":"tag-ministere-des-affaires-etrangeres","16":"tag-news","17":"tag-politique-etrangere","18":"tag-world"},"share_on_mastodon":{"url":"https:\/\/pubeurope.com\/@fr\/114568927889704189","error":""},"_links":{"self":[{"href":"https:\/\/www.europesays.com\/fr\/wp-json\/wp\/v2\/posts\/127116","targetHints":{"allow":["GET"]}}],"collection":[{"href":"https:\/\/www.europesays.com\/fr\/wp-json\/wp\/v2\/posts"}],"about":[{"href":"https:\/\/www.europesays.com\/fr\/wp-json\/wp\/v2\/types\/post"}],"author":[{"embeddable":true,"href":"https:\/\/www.europesays.com\/fr\/wp-json\/wp\/v2\/users\/2"}],"replies":[{"embeddable":true,"href":"https:\/\/www.europesays.com\/fr\/wp-json\/wp\/v2\/comments?post=127116"}],"version-history":[{"count":0,"href":"https:\/\/www.europesays.com\/fr\/wp-json\/wp\/v2\/posts\/127116\/revisions"}],"wp:featuredmedia":[{"embeddable":true,"href":"https:\/\/www.europesays.com\/fr\/wp-json\/wp\/v2\/media\/127117"}],"wp:attachment":[{"href":"https:\/\/www.europesays.com\/fr\/wp-json\/wp\/v2\/media?parent=127116"}],"wp:term":[{"taxonomy":"category","embeddable":true,"href":"https:\/\/www.europesays.com\/fr\/wp-json\/wp\/v2\/categories?post=127116"},{"taxonomy":"post_tag","embeddable":true,"href":"https:\/\/www.europesays.com\/fr\/wp-json\/wp\/v2\/tags?post=127116"}],"curies":[{"name":"wp","href":"https:\/\/api.w.org\/{rel}","templated":true}]}}