{"id":127118,"date":"2025-05-25T14:24:13","date_gmt":"2025-05-25T14:24:13","guid":{"rendered":"https:\/\/www.europesays.com\/fr\/127118\/"},"modified":"2025-05-25T14:24:13","modified_gmt":"2025-05-25T14:24:13","slug":"a-quoi-faut-il-sattendre","status":"publish","type":"post","link":"https:\/\/www.europesays.com\/fr\/127118\/","title":{"rendered":"\u00e0 quoi faut-il s\u2019attendre ?"},"content":{"rendered":"<p>D\u00e9plorant le \u00absentiment de trahison\u00bb v\u00e9cu par les agriculteurs, qui attendent toujours que \u00abl\u2019\u00c9tat tienne ses promesses\u00bb, la FNSEA et les Jeunes Agriculteurs ont lanc\u00e9 un appel \u00e0 la mobilisation \u00e0 Paris.<\/p>\n<p class=\"fig-paragraph\">\u00c0 quoi faut-il s\u2019attendre \u00e0 Paris, alors que les agriculteurs ont pr\u00e9vu de s\u2019y retrouver ce lundi\u00a0<a href=\"http:\/\/www.lefigaro.fr\/conjoncture\/les-promesses-sont-faites-pour-etre-tenues-la-fnsea-appelle-a-la-mobilisation-des-agriculteurs-a-partir-du-26-mai-20250515\" data-fig-type=\"NewsFlash\" data-gtm-custom-categorie=\"navigation\" data-gtm-custom-action=\"crossclick\" data-gtm-custom-label=\"Contextuel\" data-gtm-event=\"customEventSPE\" data-fig-domain=\"LEFIGARO\" rel=\"nofollow noopener\" target=\"_blank\">pour faire entendre leur m\u00e9contentement<\/a>\u00a0? D\u2019un commun accord, la F\u00e9d\u00e9ration nationale des syndicats d\u2019exploitants agricoles (FNSEA) et les Jeunes Agriculteurs (JA) ont en effet annonc\u00e9 \u00abun si\u00e8ge de la capitale pour une dur\u00e9e ind\u00e9termin\u00e9e\u00bb \u00e0 partir de ce 26 mai. \u00abD\u00e8s lundi matin, JA et la FNSEA seront devant l\u2019Assembl\u00e9e nationale\u00bb pour \u00abexprimer le refus\u00bb de ce qu\u2019ils consid\u00e8rent comme une tentative d\u2019\u00abobstruction\u00bb de la proposition de loi port\u00e9e par le s\u00e9nateur LR Laurent\u00a0<a href=\"http:\/\/www.lefigaro.fr\/conjoncture\/le-projet-de-loi-d-orientation-agricole-adopte-par-le-senat-avant-le-salon-de-l-agriculture-20250218\" data-fig-type=\"NewsFlash\" data-gtm-custom-categorie=\"navigation\" data-gtm-custom-action=\"crossclick\" data-gtm-custom-label=\"Contextuel\" data-gtm-event=\"customEventSPE\" data-fig-domain=\"LEFIGARO\" rel=\"nofollow noopener\" target=\"_blank\">Duplomb<\/a>, mais fortement amend\u00e9e par les d\u00e9put\u00e9s LFI et \u00c9cologistes. Celle-ci vise en effet \u00e0 \u00ablever les contraintes\u00bb du m\u00e9tier d\u2019agriculteur et pr\u00e9voit notamment, pour cela, de r\u00e9introduire par d\u00e9rogation l\u2019ac\u00e9tamipride, un insecticide\u00a0<a href=\"http:\/\/www.lefigaro.fr\/conjoncture\/la-ministre-de-la-transition-ecologique-redit-son-opposition-aux-neonicotinoides-20250525\" data-fig-type=\"NewsFlash\" data-gtm-custom-categorie=\"navigation\" data-gtm-custom-action=\"crossclick\" data-gtm-custom-label=\"Contextuel\" data-gtm-event=\"customEventSPE\" data-fig-domain=\"LEFIGARO\" rel=\"nofollow noopener\" target=\"_blank\">n\u00e9onicotino\u00efde<\/a>\u00a0interdit en France depuis 2018 mais autoris\u00e9 ailleurs en Europe jusqu\u2019en 2033.<\/p>\n<p class=\"fig-paragraph\">Ensemble, les agriculteurs entendent d\u00e9noncer ces amendements et doivent se retrouver place du Palais Bourbon, devant l\u2019Assembl\u00e9e nationale, d\u00e8s 10 heures de matin, o\u00f9 doit d\u00e9buter l\u2019examen de cette proposition de loi. Mais la mobilisation s\u2019annonce assez faible, alors que seul un convoi de 8 tracteurs partira des Yvelines, en \u00cele-de-France, en direction de l\u2019Assembl\u00e9e nationale. \u00abLes tracteurs stationneront toute la journ\u00e9e aux abords du Palais, et seront rejoints par 150 \u00e0 200 agriculteurs\u00bb, nous pr\u00e9cise-t-on ce dimanche. C\u2019est l\u00e0, en fin de matin\u00e9e, que le pr\u00e9sident de la FNSEA devrait prendre la parole publiquement.<\/p>\n<p>Les agriculteurs mobilis\u00e9s, mais \u00e0 distance<\/p>\n<p class=\"fig-paragraph\">La manifestation sera \u00abencadr\u00e9e, parce qu\u2019on ne veut pas de d\u00e9rapages\u00bb, a pr\u00e9venu\u00a0<a href=\"http:\/\/www.lefigaro.fr\/actualite-france\/arnaud-rousseau-apres-le-camouflet-de-la-fnsea-aux-elections-agricoles-je-ne-suis-ni-dans-le-deni-ni-dans-le-catastrophisme-20250207\" data-fig-type=\"Article\" data-gtm-custom-categorie=\"navigation\" data-gtm-custom-action=\"crossclick\" data-gtm-custom-label=\"Contextuel\" data-gtm-event=\"customEventSPE\" data-fig-domain=\"LEFIGARO\" rel=\"nofollow noopener\" target=\"_blank\">Arnaud Rousseau<\/a>, pr\u00e9voyant parall\u00e8lement \u00abplusieurs milliers d\u2019agriculteurs mobilis\u00e9s en r\u00e9gion, o\u00f9 les f\u00e9d\u00e9rations d\u00e9partementales, \u00e0 leur initiative, ont d\u00e9j\u00e0 entrepris des actions ces derniers jours\u00bb. \u00abOn est d\u00e9termin\u00e9s, on ne va pas nous la faire \u00e0 l\u2019envers\u00bb, a de son c\u00f4t\u00e9 fait savoir sur BFMTV Luc Smessaert, agriculteur et vice-pr\u00e9sident de la FNSEA, qui r\u00e9clame des moyens pour continuer \u00e0 travailler et produire des aliments de qualit\u00e9. \u00abOn attend un signe des d\u00e9put\u00e9s, sinon oui, la France sera debout pour r\u00e9agir\u00bb, a-t-il pr\u00e9venu depuis son exploitation. L\u2019agriculteur a n\u00e9anmoins appel\u00e9 \u00e0 ne \u00abpas bloquer les gens qui vont travailler ou qui souhaiteraient partir en week-end de l\u2019Ascension\u00bb.<\/p>\n<p class=\"fig-paragraph\">Interrog\u00e9 sur BFMTV sur la venue ou non des agriculteurs de Haute-Garonne lundi \u00e0 Paris, J\u00e9r\u00f4me Bayle, \u00e9leveur de bovins et figure de la contestation agricole, a r\u00e9pondu par la n\u00e9gative. Il a pr\u00e9cis\u00e9 que les r\u00e9cents al\u00e9as climatiques touchant sa r\u00e9gion avaient \u00e9t\u00e9 catastrophiques pour les cultures et que les agriculteurs allaient donc \u00abprofiter du beau temps pour semer et rattraper ce qui peut l\u2019\u00eatre\u00bb. Pour autant, il s\u2019est dit \u00absolidaire\u00bb du mouvement parisien, se disant pr\u00eat \u00e0 \u00abse remobiliser, comme en janvier 2024\u00bb. \u00abC\u2019est notre survie et souverainet\u00e9 alimentaire qui sont en jeu\u00bb, a-t-il poursuivi. Et d\u2019affirmer en avoir \u00abmarre que des d\u00e9put\u00e9s d\u00e9cident de reculer sur toutes les avanc\u00e9es d\u00e9j\u00e0 obtenues\u00bb.<\/p>\n","protected":false},"excerpt":{"rendered":"D\u00e9plorant le \u00absentiment de trahison\u00bb v\u00e9cu par les agriculteurs, qui attendent toujours que \u00abl\u2019\u00c9tat tienne ses promesses\u00bb, la&hellip;\n","protected":false},"author":2,"featured_media":127119,"comment_status":"","ping_status":"","sticky":false,"template":"","format":"standard","meta":{"footnotes":""},"categories":[4],"tags":[339,11,2572,340,343,345,350,130,344,352,349,33,341,313,24728,1011,27,346,342,25065,353,351,347,12,348,25,354],"class_list":{"0":"post-127118","1":"post","2":"type-post","3":"status-publish","4":"format-standard","5":"has-post-thumbnail","7":"category-france","8":"tag-actualite-economique","9":"tag-actualites","10":"tag-agriculteurs","11":"tag-bourse","12":"tag-cac-40","13":"tag-chef-dentreprise","14":"tag-concurrence","15":"tag-consommation","16":"tag-creation-dentreprise","17":"tag-crise","18":"tag-delocalisations","19":"tag-economie","20":"tag-emploi","21":"tag-entreprises","22":"tag-fnsea","23":"tag-fr","24":"tag-france","25":"tag-grands-patrons","26":"tag-impots","27":"tag-jeunes-agriculteurs","28":"tag-licenciements","29":"tag-monopole","30":"tag-multinationales","31":"tag-news","32":"tag-privatisation","33":"tag-republique-francaise","34":"tag-unio"},"share_on_mastodon":{"url":"https:\/\/pubeurope.com\/@fr\/114568931817615968","error":""},"_links":{"self":[{"href":"https:\/\/www.europesays.com\/fr\/wp-json\/wp\/v2\/posts\/127118","targetHints":{"allow":["GET"]}}],"collection":[{"href":"https:\/\/www.europesays.com\/fr\/wp-json\/wp\/v2\/posts"}],"about":[{"href":"https:\/\/www.europesays.com\/fr\/wp-json\/wp\/v2\/types\/post"}],"author":[{"embeddable":true,"href":"https:\/\/www.europesays.com\/fr\/wp-json\/wp\/v2\/users\/2"}],"replies":[{"embeddable":true,"href":"https:\/\/www.europesays.com\/fr\/wp-json\/wp\/v2\/comments?post=127118"}],"version-history":[{"count":0,"href":"https:\/\/www.europesays.com\/fr\/wp-json\/wp\/v2\/posts\/127118\/revisions"}],"wp:featuredmedia":[{"embeddable":true,"href":"https:\/\/www.europesays.com\/fr\/wp-json\/wp\/v2\/media\/127119"}],"wp:attachment":[{"href":"https:\/\/www.europesays.com\/fr\/wp-json\/wp\/v2\/media?parent=127118"}],"wp:term":[{"taxonomy":"category","embeddable":true,"href":"https:\/\/www.europesays.com\/fr\/wp-json\/wp\/v2\/categories?post=127118"},{"taxonomy":"post_tag","embeddable":true,"href":"https:\/\/www.europesays.com\/fr\/wp-json\/wp\/v2\/tags?post=127118"}],"curies":[{"name":"wp","href":"https:\/\/api.w.org\/{rel}","templated":true}]}}