{"id":12712,"date":"2025-04-09T13:22:12","date_gmt":"2025-04-09T13:22:12","guid":{"rendered":"https:\/\/www.europesays.com\/fr\/12712\/"},"modified":"2025-04-09T13:22:12","modified_gmt":"2025-04-09T13:22:12","slug":"info-paris-match-scandale-de-lofast-marseille-un-des-deux-policiers-remis-en-liberte","status":"publish","type":"post","link":"https:\/\/www.europesays.com\/fr\/12712\/","title":{"rendered":"INFO PARIS MATCH &#8211; Scandale de l\u2019OFAST Marseille : un des deux policiers remis en libert\u00e9"},"content":{"rendered":"<p>Une d\u00e9cision inimaginable ou miraculeuse. Selon les informations de Paris Match, <a href=\"https:\/\/www.parismatch.com\/actu\/faits-divers\/marseille-plusieurs-enqueteurs-de-loffice-antistups-en-garde-a-vue-a-la-police-des-polices-249466\" rel=\"nofollow noopener\" target=\"_blank\" data-ylk=\"slk:un policier de l\u2019office antistups (OFAST) de Marseille;elm:context_link;itc:0;sec:content-canvas\" class=\"link \">un policier de l\u2019office antistups (OFAST) de Marseille<\/a> (Bouches-du-Rh\u00f4ne) a \u00e9t\u00e9 remis en libert\u00e9, ce mercredi 9\u00a0avril, en d\u00e9but d\u2019apr\u00e8s-midi, \u00e0 l\u2019issue d\u2019un d\u00e9bat devant un juge des libert\u00e9s et de la d\u00e9tention (JLD) du tribunal judiciaire de Paris. Ces avocats, Mes Amar Bouaou et Karim Bouguessa, ont obtenu la lib\u00e9ration de leur client au terme d\u2019une plaidoirie de pr\u00e8s d\u2019une heure, alors que le repr\u00e9sentant du Minist\u00e8re public avait requis son placement en d\u00e9tention provisoire.<\/p>\n<p>La juge des libert\u00e9s et de la d\u00e9tention a donc pris ses responsabilit\u00e9s en d\u00e9cidant de lib\u00e9rer ce fonctionnaire de police, \u00e2g\u00e9 de 46\u00a0ans, affect\u00e9 \u00e0 l\u2019OFAST Marseille depuis le mois de septembre\u00a02021, et qui avait \u00e9t\u00e9 mis en examen, le 4\u00a0avril, des chefs d\u2019 \u00ab\u00a0importation et trafic de stup\u00e9fiants en bande organis\u00e9e\u00a0\u00bb, \u00ab\u00a0blanchiment\u00a0\u00bb, \u00ab\u00a0association de malfaiteurs\u00a0\u00bb, \u00ab\u00a0faux en \u00e9criture publique\u00a0\u00bb, \u00ab\u00a0atteinte \u00e0 l\u2019intimit\u00e9 de la vie priv\u00e9e par fixation\u00a0\u00bb, \u00ab\u00a0enregistrement ou transmission de l\u2019image et des paroles d\u2019une personne\u00a0\u00bb.<\/p>\n<p>Toujours selon les informations de Paris Match, le parquet de Paris devrait faire appel de cette d\u00e9cision.<\/p>\n<p>Il avait ensuite fait une demande de d\u00e9bat diff\u00e9r\u00e9 pour pouvoir pr\u00e9parer sa d\u00e9fense. En attendant l\u2019audience de ce mercredi, il avait \u00e9t\u00e9 incarc\u00e9r\u00e9 \u00e0 la prison de Fleury-M\u00e9rogis (Essonne).<\/p>\n<p>Une affaire particuli\u00e8rement sensible d\u2019importation de pr\u00e8s de 400\u00a0kg<\/p>\n<p>Un de ses coll\u00e8gues de son ser&#8230;<\/p>\n<p><a href=\"https:\/\/www.parismatch.com\/actu\/faits-divers\/info-paris-match-scandale-de-lofast-marseille-un-des-deux-policiers-remis-en-liberte-249898?at_medium=affiliate&amp;at_campaign=Yahoo\" rel=\"nofollow noopener\" target=\"_blank\" data-ylk=\"slk:Lire la suite sur ParisMatch;elm:context_link;itc:0;sec:content-canvas\" class=\"link \">Lire la suite sur ParisMatch<\/a><\/p>\n","protected":false},"excerpt":{"rendered":"Une d\u00e9cision inimaginable ou miraculeuse. Selon les informations de Paris Match, un policier de l\u2019office antistups (OFAST) de&hellip;\n","protected":false},"author":2,"featured_media":12713,"comment_status":"","ping_status":"","sticky":false,"template":"","format":"standard","meta":{"footnotes":""},"categories":[1888],"tags":[1111,1928,11,1927,5815,5816,1777,674,5813,5814,1011,27,12,1926,626,5818,1925,25,5817],"class_list":{"0":"post-12712","1":"post","2":"type-post","3":"status-publish","4":"format-standard","5":"has-post-thumbnail","7":"category-paris","8":"tag-actu","9":"tag-actu-paris","10":"tag-actualites","11":"tag-actualites-paris","12":"tag-association-de-malfaiteurs","13":"tag-detention-provisoire","14":"tag-eu","15":"tag-europe","16":"tag-faux-en-ecriture","17":"tag-fonctionnaire-de-police","18":"tag-fr","19":"tag-france","20":"tag-news","21":"tag-news-paris","22":"tag-paris","23":"tag-paris-match","24":"tag-paris-news","25":"tag-republique-francaise","26":"tag-tribunal-judiciaire-de-paris"},"share_on_mastodon":{"url":"https:\/\/pubeurope.com\/@fr\/114308221754753947","error":""},"_links":{"self":[{"href":"https:\/\/www.europesays.com\/fr\/wp-json\/wp\/v2\/posts\/12712","targetHints":{"allow":["GET"]}}],"collection":[{"href":"https:\/\/www.europesays.com\/fr\/wp-json\/wp\/v2\/posts"}],"about":[{"href":"https:\/\/www.europesays.com\/fr\/wp-json\/wp\/v2\/types\/post"}],"author":[{"embeddable":true,"href":"https:\/\/www.europesays.com\/fr\/wp-json\/wp\/v2\/users\/2"}],"replies":[{"embeddable":true,"href":"https:\/\/www.europesays.com\/fr\/wp-json\/wp\/v2\/comments?post=12712"}],"version-history":[{"count":0,"href":"https:\/\/www.europesays.com\/fr\/wp-json\/wp\/v2\/posts\/12712\/revisions"}],"wp:featuredmedia":[{"embeddable":true,"href":"https:\/\/www.europesays.com\/fr\/wp-json\/wp\/v2\/media\/12713"}],"wp:attachment":[{"href":"https:\/\/www.europesays.com\/fr\/wp-json\/wp\/v2\/media?parent=12712"}],"wp:term":[{"taxonomy":"category","embeddable":true,"href":"https:\/\/www.europesays.com\/fr\/wp-json\/wp\/v2\/categories?post=12712"},{"taxonomy":"post_tag","embeddable":true,"href":"https:\/\/www.europesays.com\/fr\/wp-json\/wp\/v2\/tags?post=12712"}],"curies":[{"name":"wp","href":"https:\/\/api.w.org\/{rel}","templated":true}]}}