{"id":127122,"date":"2025-05-25T14:26:15","date_gmt":"2025-05-25T14:26:15","guid":{"rendered":"https:\/\/www.europesays.com\/fr\/127122\/"},"modified":"2025-05-25T14:26:15","modified_gmt":"2025-05-25T14:26:15","slug":"interpellation-musclee-au-cours-dune-operation-de-controle","status":"publish","type":"post","link":"https:\/\/www.europesays.com\/fr\/127122\/","title":{"rendered":"interpellation muscl\u00e9e au cours d\u2019une op\u00e9ration de contr\u00f4le"},"content":{"rendered":"<p>Vendredi soir, lors d\u2019une op\u00e9ration de contr\u00f4le sur un potentiel point de deal, place de l\u2019\u00c9glise \u00e0 La Ricamarie, men\u00e9e par la Brigade anti-criminalit\u00e9, un individu, un mineur \u00e2g\u00e9 de 17 ans, a \u00e9t\u00e9 interpell\u00e9 alors qu\u2019il prenait la fuite. Une interpellation muscl\u00e9e. Le jeune homme, tr\u00e8s costaud, s\u2019est rebell\u00e9 contre les fonctionnaires. <\/p>\n<p>L\u2019individu, qui n\u2019avait pas de produits stup\u00e9fiants sur lui, a \u00e9t\u00e9 plac\u00e9 en garde \u00e0 vue, \u00e0 l\u2019issue de laquelle il est ressorti libre et sera prochainement convoqu\u00e9 devant le juge des enfants. Une nouvelle op\u00e9ration de contr\u00f4le a \u00e9t\u00e9 men\u00e9e afin de r\u00e9tablir de la s\u00e9r\u00e9nit\u00e9 dans ce lieu particuli\u00e8rement surveill\u00e9, samedi entre 20 et 21 heures, au m\u00eame endroit, par une quinzaine de policiers, sans aucune interpellation.<\/p>\n","protected":false},"excerpt":{"rendered":"Vendredi soir, lors d\u2019une op\u00e9ration de contr\u00f4le sur un potentiel point de deal, place de l\u2019\u00c9glise \u00e0 La&hellip;\n","protected":false},"author":2,"featured_media":127123,"comment_status":"","ping_status":"","sticky":false,"template":"","format":"standard","meta":{"footnotes":""},"categories":[9653],"tags":[1111,11,2430,271,272,7539,1777,674,274,1011,27,11324,11325,3367,12,25,4001],"class_list":{"0":"post-127122","1":"post","2":"type-post","3":"status-publish","4":"format-standard","5":"has-post-thumbnail","7":"category-saint-etienne","8":"tag-actu","9":"tag-actualites","10":"tag-auvergne-rhone-alpes","11":"tag-crime","12":"tag-delit-et-contravention","13":"tag-edition-loire-sud","14":"tag-eu","15":"tag-europe","16":"tag-faits-divers-justice","17":"tag-fr","18":"tag-france","19":"tag-la-ricamarie","20":"tag-la-ricamarie-ville","21":"tag-loire","22":"tag-news","23":"tag-republique-francaise","24":"tag-saint-etienne"},"share_on_mastodon":{"url":"https:\/\/pubeurope.com\/@fr\/114568939714702428","error":""},"_links":{"self":[{"href":"https:\/\/www.europesays.com\/fr\/wp-json\/wp\/v2\/posts\/127122","targetHints":{"allow":["GET"]}}],"collection":[{"href":"https:\/\/www.europesays.com\/fr\/wp-json\/wp\/v2\/posts"}],"about":[{"href":"https:\/\/www.europesays.com\/fr\/wp-json\/wp\/v2\/types\/post"}],"author":[{"embeddable":true,"href":"https:\/\/www.europesays.com\/fr\/wp-json\/wp\/v2\/users\/2"}],"replies":[{"embeddable":true,"href":"https:\/\/www.europesays.com\/fr\/wp-json\/wp\/v2\/comments?post=127122"}],"version-history":[{"count":0,"href":"https:\/\/www.europesays.com\/fr\/wp-json\/wp\/v2\/posts\/127122\/revisions"}],"wp:featuredmedia":[{"embeddable":true,"href":"https:\/\/www.europesays.com\/fr\/wp-json\/wp\/v2\/media\/127123"}],"wp:attachment":[{"href":"https:\/\/www.europesays.com\/fr\/wp-json\/wp\/v2\/media?parent=127122"}],"wp:term":[{"taxonomy":"category","embeddable":true,"href":"https:\/\/www.europesays.com\/fr\/wp-json\/wp\/v2\/categories?post=127122"},{"taxonomy":"post_tag","embeddable":true,"href":"https:\/\/www.europesays.com\/fr\/wp-json\/wp\/v2\/tags?post=127122"}],"curies":[{"name":"wp","href":"https:\/\/api.w.org\/{rel}","templated":true}]}}