{"id":127124,"date":"2025-05-25T14:27:09","date_gmt":"2025-05-25T14:27:09","guid":{"rendered":"https:\/\/www.europesays.com\/fr\/127124\/"},"modified":"2025-05-25T14:27:09","modified_gmt":"2025-05-25T14:27:09","slug":"asse-apres-une-saison-blanche-un-joueur-de-saint-etienne-annonce-quitter-le-club","status":"publish","type":"post","link":"https:\/\/www.europesays.com\/fr\/127124\/","title":{"rendered":"ASSE &#8211; Apr\u00e8s une saison blanche, un joueur de Saint-\u00c9tienne annonce quitter le club !"},"content":{"rendered":"<p style=\"text-align: justify;\">Ce n\u2019\u00e9tait s\u00fbrement pas le sc\u00e9nario dont il r\u00eavait, quand il participait en tant que capitaine \u00e0 la saison 2023-2024 qui allait permettre \u00e0 l\u2019AS <strong>Saint-\u00c9tienne<\/strong> de remonter de\u00a0<strong>Ligue 2<\/strong> en <strong>Ligue 1<\/strong>\u2026 Une ann\u00e9e plus tard, en n\u2019ayant jou\u00e9 qu\u2019un bout de match en f\u00e9vrier \u00e0 cause d\u2019une grave blessure au genou, <strong>Anthony Brian\u00e7on<\/strong> dit au revoir aux Verts, qui redescendent imm\u00e9diatement en Ligue 2 ! Le joueur embl\u00e9matique du <strong>N\u00eemes<\/strong> Olympique s\u2019en va apr\u00e8s avoir disput\u00e9 58 matchs pour le club for\u00e9zien et n\u2019accompagnera pas l\u2019\u00e9quipe une quatri\u00e8me saison de suite.<\/p>\n<p style=\"text-align: justify;\">\u00c0 lire aussi &gt;&gt;\u00a0<a href=\"https:\/\/maligue2.fr\/2025\/05\/25\/asse-les-verts-font-signer-pro-un-milieu-offensif\/\" rel=\"nofollow noopener\" target=\"_blank\">ASSE \u2013 Les Verts font signer pro un milieu offensif<\/a><\/p>\n<p style=\"text-align: justify;\"><a href=\"https:\/\/www.instagram.com\/p\/DKEtduQIKaC\/?hl=fr\" rel=\"nofollow noopener\" target=\"_blank\"><strong>Le communiqu\u00e9 officiel de Brian\u00e7on :\u00a0<\/strong><\/a><\/p>\n<p style=\"text-align: justify;\">\u00ab Peuple Vert, <\/p>\n<p style=\"text-align: justify;\">Il est temps pour moi de refermer un chapitre important de ma vie. Apr\u00e8s trois saisons pass\u00e9es sous les couleurs de l\u2019ASSE, l\u2019heure est venue de vous dire au revoir. Porter ce maillot, d\u00e9fendre ce blason, vivre des \u00e9motions aussi fortes \u00e0 Geoffroy-Guichard \u2026 c\u2019est un honneur que je n\u2019oublierai jamais. Ce club est unique, son histoire immense, et son public incroyable. Vous \u00eates un peuple vert passionn\u00e9, fid\u00e8le, dans les bons comme les moments les plus difficiles. Merci pour votre soutien ind\u00e9fectible.<\/p>\n<blockquote class=\"instagram-media\" style=\"background: #FFF; border: 0; border-radius: 3px; box-shadow: 0 0 1px 0 rgba(0,0,0,0.5),0 1px 10px 0 rgba(0,0,0,0.15); margin: 1px; max-width: 540px; min-width: 326px; padding: 0; width: calc(100% - 2px);\" data-instgrm-permalink=\"https:\/\/www.instagram.com\/reel\/DKEtduQIKaC\/?utm_source=ig_embed&amp;utm_campaign=loading\" data-instgrm-version=\"14\">\n<\/blockquote>\n<p style=\"text-align: justify;\">Cette derni\u00e8re saison a \u00e9t\u00e9 difficile, et j\u2019ai d\u00fb apprendre \u00e0 vivre le football autrement, en silence. Malgr\u00e9 tout, Saint-Etienne restera \u00e0 jamais une ville sp\u00e9ciale pour moi. C\u2019est ici que mes deux filles sont n\u00e9es. Ce club et cette ville font d\u00e9sormais partie de mon histoire, au del\u00e0 du football.<\/p>\n<p style=\"text-align: justify;\">Je tiens \u00e0 remercier mes co\u00e9quipiers, pour les moments v\u00e9cus, sur et en dehors du terrain. Une pens\u00e9e particuli\u00e8re pour mes proches, qui m\u2019ont soutenu \u00e0 chaque instant. Je quitte Saint\u00e9 avec le sentiment d\u2019avoir tout donn\u00e9, humainement et sportivement. Je vous souhaite le meilleur pour la suite. L\u2019ASSE m\u00e9rite de retrouver la lumi\u00e8re.<\/p>\n<p style=\"text-align: justify;\">Place \u00e0 un nouveau chapitre, sur d\u2019autres terrains. L\u2019amour du maillot, lui, ne s\u2019efface pas.\u00a0\u00bb<\/p>\n<p>Photo Daniel Derajinski\/Icon Sport<\/p>\n<p>\t\t<script async src=\"\/\/www.instagram.com\/embed.js\"><\/script><\/p>\n","protected":false},"excerpt":{"rendered":"Ce n\u2019\u00e9tait s\u00fbrement pas le sc\u00e9nario dont il r\u00eavait, quand il participait en tant que capitaine \u00e0 la&hellip;\n","protected":false},"author":2,"featured_media":127125,"comment_status":"","ping_status":"","sticky":false,"template":"","format":"standard","meta":{"footnotes":""},"categories":[9653],"tags":[1111,11,25066,2430,1777,674,1011,27,12,2682,25,4001],"class_list":{"0":"post-127124","1":"post","2":"type-post","3":"status-publish","4":"format-standard","5":"has-post-thumbnail","7":"category-saint-etienne","8":"tag-actu","9":"tag-actualites","10":"tag-anthony-briancon","11":"tag-auvergne-rhone-alpes","12":"tag-eu","13":"tag-europe","14":"tag-fr","15":"tag-france","16":"tag-news","17":"tag-nimes","18":"tag-republique-francaise","19":"tag-saint-etienne"},"share_on_mastodon":{"url":"https:\/\/pubeurope.com\/@fr\/114568943584029666","error":""},"_links":{"self":[{"href":"https:\/\/www.europesays.com\/fr\/wp-json\/wp\/v2\/posts\/127124","targetHints":{"allow":["GET"]}}],"collection":[{"href":"https:\/\/www.europesays.com\/fr\/wp-json\/wp\/v2\/posts"}],"about":[{"href":"https:\/\/www.europesays.com\/fr\/wp-json\/wp\/v2\/types\/post"}],"author":[{"embeddable":true,"href":"https:\/\/www.europesays.com\/fr\/wp-json\/wp\/v2\/users\/2"}],"replies":[{"embeddable":true,"href":"https:\/\/www.europesays.com\/fr\/wp-json\/wp\/v2\/comments?post=127124"}],"version-history":[{"count":0,"href":"https:\/\/www.europesays.com\/fr\/wp-json\/wp\/v2\/posts\/127124\/revisions"}],"wp:featuredmedia":[{"embeddable":true,"href":"https:\/\/www.europesays.com\/fr\/wp-json\/wp\/v2\/media\/127125"}],"wp:attachment":[{"href":"https:\/\/www.europesays.com\/fr\/wp-json\/wp\/v2\/media?parent=127124"}],"wp:term":[{"taxonomy":"category","embeddable":true,"href":"https:\/\/www.europesays.com\/fr\/wp-json\/wp\/v2\/categories?post=127124"},{"taxonomy":"post_tag","embeddable":true,"href":"https:\/\/www.europesays.com\/fr\/wp-json\/wp\/v2\/tags?post=127124"}],"curies":[{"name":"wp","href":"https:\/\/api.w.org\/{rel}","templated":true}]}}