{"id":127128,"date":"2025-05-25T14:29:10","date_gmt":"2025-05-25T14:29:10","guid":{"rendered":"https:\/\/www.europesays.com\/fr\/127128\/"},"modified":"2025-05-25T14:29:10","modified_gmt":"2025-05-25T14:29:10","slug":"un-corps-decouvert-par-un-pecheur-dans-le-canal","status":"publish","type":"post","link":"https:\/\/www.europesays.com\/fr\/127128\/","title":{"rendered":"un corps d\u00e9couvert par un p\u00eacheur dans le canal"},"content":{"rendered":"<p>Ce dimanche 25 mai, au matin, un p\u00eacheur a fait une macabre d\u00e9couverte dans le canal, \u00e0 <a href=\"https:\/\/www.estrepublicain.fr\/edition-nancy-et-agglomeration\" target=\"_blank\" rel=\"noopener\">Nancy<\/a>.<\/p>\n<p>Peu apr\u00e8s 10\u00a0h, l\u2019homme, alors qu\u2019il s\u2019installe sur les berges du cours d\u2019eau surplombant la rue d\u2019Oberlin, aper\u00e7oit un corps flottant, en partie immerg\u00e9.<\/p>\n<p>Il pr\u00e9vient imm\u00e9diatement la police nationale qui alerte les <a href=\"https:\/\/www.estrepublicain.fr\/faits-divers-justice\/2025\/03\/22\/la-ceremonie-de-prise-de-commandement-du-sdis-54-du-colonel-hors-classe-jean-philippe-gueugneau-en-images\" target=\"_blank\" rel=\"noopener\">sapeurs-pompiers<\/a> et leurs plongeurs afin que ces derniers sortent le corps de l\u2019eau.<\/p>\n<p>Ce contenu est bloqu\u00e9 car vous n&rsquo;avez pas accept\u00e9 les cookies et autres traceurs.<\/p>\n<p>En cliquant sur \u00ab J\u2019accepte \u00bb, les cookies et autres traceurs seront d\u00e9pos\u00e9s et vous pourrez visualiser les contenus  (<a href=\"\" class=\"consentModule_policy\" target=\"_blank\" title=\"Consulter la politique de protection des donn\u00e9es du fournisseur\">plus d&rsquo;informations<\/a>).<\/p>\n<p>En cliquant sur \u00ab J\u2019accepte tous les cookies \u00bb, vous autorisez des d\u00e9p\u00f4ts de cookies et autres traceurs pour le stockage de vos donn\u00e9es sur nos sites et applications \u00e0 des fins de personnalisation et de ciblage publicitaire.<\/p>\n<p class=\"consentModule_secondaryText\">Vous gardez la possibilit\u00e9 de retirer votre consentement \u00e0 tout moment en consultant notre <a href=\"https:\/\/www.estrepublicain.fr\/protection-des-donnees\" target=\"_blank\" title=\"Consulter notre politique de protection des donn\u00e9es\" rel=\"noopener\">politique de protection des donn\u00e9es<\/a>. <br \/>&#13;<br \/>\n            <a href=\"https:\/\/www.estrepublicain.fr\/faits-divers-justice\/2025\/05\/25\/javascript:Didomi.notice.show()\" class=\"consentModule_cmp\" target=\"_blank\" rel=\"noopener\">G\u00e9rer mes choix<\/a>&#13;\n        <\/p>\n<p>&#13;<br \/>\n                        J&rsquo;accepte&#13;<br \/>\n            J&rsquo;accepte tous les cookies&#13;\n        <\/p>\n<p>Pour l\u2019heure, on n\u2019en saura pas vraiment plus. En effet, il semble qu\u2019il s\u2019agisse d\u2019un homme \u00e2g\u00e9 entre 35 et 40 ans, son s\u00e9jour prolong\u00e9 dans l\u2019eau ne permettant pas une identification imm\u00e9diate et formelle.<\/p>\n<p>De plus, aucune disparition inqui\u00e9tante n\u2019a \u00e9t\u00e9 signal\u00e9e, susceptible de correspondre \u00e0 cette d\u00e9couverte. Si aucune piste n\u2019est pour le moment \u00e9cart\u00e9e, globalement, rien de suspect n\u2019a \u00e9t\u00e9 relev\u00e9.<\/p>\n<p>Les enqu\u00eateurs attendent les r\u00e9sultats de la lev\u00e9e de corps par un m\u00e9decin l\u00e9giste. Les relev\u00e9s effectu\u00e9s sur place par la police technique et scientifique permettront d\u2019avancer dans les recherches des causes de la mort.<\/p>\n","protected":false},"excerpt":{"rendered":"Ce dimanche 25 mai, au matin, un p\u00eacheur a fait une macabre d\u00e9couverte dans le canal, \u00e0 Nancy.&hellip;\n","protected":false},"author":2,"featured_media":127129,"comment_status":"","ping_status":"","sticky":false,"template":"","format":"standard","meta":{"footnotes":""},"categories":[9635],"tags":[1111,11,271,272,1704,1777,674,274,1011,27,775,3457,1702,1703,12,25],"class_list":{"0":"post-127128","1":"post","2":"type-post","3":"status-publish","4":"format-standard","5":"has-post-thumbnail","7":"category-nancy","8":"tag-actu","9":"tag-actualites","10":"tag-crime","11":"tag-delit-et-contravention","12":"tag-edition-nancy-et-agglomeration","13":"tag-eu","14":"tag-europe","15":"tag-faits-divers-justice","16":"tag-fr","17":"tag-france","18":"tag-grand-est","19":"tag-meurthe-et-moselle","20":"tag-nancy","21":"tag-nancy-ville-54b","22":"tag-news","23":"tag-republique-francaise"},"share_on_mastodon":{"url":"https:\/\/pubeurope.com\/@fr\/114568951412210862","error":""},"_links":{"self":[{"href":"https:\/\/www.europesays.com\/fr\/wp-json\/wp\/v2\/posts\/127128","targetHints":{"allow":["GET"]}}],"collection":[{"href":"https:\/\/www.europesays.com\/fr\/wp-json\/wp\/v2\/posts"}],"about":[{"href":"https:\/\/www.europesays.com\/fr\/wp-json\/wp\/v2\/types\/post"}],"author":[{"embeddable":true,"href":"https:\/\/www.europesays.com\/fr\/wp-json\/wp\/v2\/users\/2"}],"replies":[{"embeddable":true,"href":"https:\/\/www.europesays.com\/fr\/wp-json\/wp\/v2\/comments?post=127128"}],"version-history":[{"count":0,"href":"https:\/\/www.europesays.com\/fr\/wp-json\/wp\/v2\/posts\/127128\/revisions"}],"wp:featuredmedia":[{"embeddable":true,"href":"https:\/\/www.europesays.com\/fr\/wp-json\/wp\/v2\/media\/127129"}],"wp:attachment":[{"href":"https:\/\/www.europesays.com\/fr\/wp-json\/wp\/v2\/media?parent=127128"}],"wp:term":[{"taxonomy":"category","embeddable":true,"href":"https:\/\/www.europesays.com\/fr\/wp-json\/wp\/v2\/categories?post=127128"},{"taxonomy":"post_tag","embeddable":true,"href":"https:\/\/www.europesays.com\/fr\/wp-json\/wp\/v2\/tags?post=127128"}],"curies":[{"name":"wp","href":"https:\/\/api.w.org\/{rel}","templated":true}]}}