{"id":12714,"date":"2025-04-09T13:23:08","date_gmt":"2025-04-09T13:23:08","guid":{"rendered":"https:\/\/www.europesays.com\/fr\/12714\/"},"modified":"2025-04-09T13:23:08","modified_gmt":"2025-04-09T13:23:08","slug":"immobilier-quand-les-garages-se-transforment-en-logements-a-alfortville","status":"publish","type":"post","link":"https:\/\/www.europesays.com\/fr\/12714\/","title":{"rendered":"Immobilier\u00a0: quand les garages se transforment en logements \u00e0 Alfortville"},"content":{"rendered":"<p class=\"paragraph text_align_left\">Cette op\u00e9ration du bailleur Logial-Coop, de plus de 11 millions d\u2019euros, permet ainsi de r\u00e9pondre \u00e0 la demande croissante de logements sur la ville, alors m\u00eame qu\u2019elle doit reconstituer, comme l\u2019impose l\u2019Agence nationale de r\u00e9novation urbaine, sa quantit\u00e9 de logements sociaux apr\u00e8s la d\u00e9molition des trois tours dans le quartier Chantereine. Mais pas si simple, dans une commune de 367 ha, coinc\u00e9e entre la Seine, la Marne, des voies ferr\u00e9es, une autoroute\u2026<\/p>\n","protected":false},"excerpt":{"rendered":"Cette op\u00e9ration du bailleur Logial-Coop, de plus de 11 millions d\u2019euros, permet ainsi de r\u00e9pondre \u00e0 la demande&hellip;\n","protected":false},"author":2,"featured_media":12715,"comment_status":"","ping_status":"","sticky":false,"template":"","format":"standard","meta":{"footnotes":""},"categories":[1888],"tags":[11,1777,674,1011,27,1116,1944,12,626,25,1125],"class_list":{"0":"post-12714","1":"post","2":"type-post","3":"status-publish","4":"format-standard","5":"has-post-thumbnail","7":"category-paris","8":"tag-actualites","9":"tag-eu","10":"tag-europe","11":"tag-fr","12":"tag-france","13":"tag-immobilier","14":"tag-ma-ville","15":"tag-news","16":"tag-paris","17":"tag-republique-francaise","18":"tag-val-de-marne"},"share_on_mastodon":{"url":"https:\/\/pubeurope.com\/@fr\/114308225756033837","error":""},"_links":{"self":[{"href":"https:\/\/www.europesays.com\/fr\/wp-json\/wp\/v2\/posts\/12714","targetHints":{"allow":["GET"]}}],"collection":[{"href":"https:\/\/www.europesays.com\/fr\/wp-json\/wp\/v2\/posts"}],"about":[{"href":"https:\/\/www.europesays.com\/fr\/wp-json\/wp\/v2\/types\/post"}],"author":[{"embeddable":true,"href":"https:\/\/www.europesays.com\/fr\/wp-json\/wp\/v2\/users\/2"}],"replies":[{"embeddable":true,"href":"https:\/\/www.europesays.com\/fr\/wp-json\/wp\/v2\/comments?post=12714"}],"version-history":[{"count":0,"href":"https:\/\/www.europesays.com\/fr\/wp-json\/wp\/v2\/posts\/12714\/revisions"}],"wp:featuredmedia":[{"embeddable":true,"href":"https:\/\/www.europesays.com\/fr\/wp-json\/wp\/v2\/media\/12715"}],"wp:attachment":[{"href":"https:\/\/www.europesays.com\/fr\/wp-json\/wp\/v2\/media?parent=12714"}],"wp:term":[{"taxonomy":"category","embeddable":true,"href":"https:\/\/www.europesays.com\/fr\/wp-json\/wp\/v2\/categories?post=12714"},{"taxonomy":"post_tag","embeddable":true,"href":"https:\/\/www.europesays.com\/fr\/wp-json\/wp\/v2\/tags?post=12714"}],"curies":[{"name":"wp","href":"https:\/\/api.w.org\/{rel}","templated":true}]}}