{"id":127140,"date":"2025-05-25T14:36:15","date_gmt":"2025-05-25T14:36:15","guid":{"rendered":"https:\/\/www.europesays.com\/fr\/127140\/"},"modified":"2025-05-25T14:36:15","modified_gmt":"2025-05-25T14:36:15","slug":"meylan-une-rencontre-avec-lauteur-antonio-carmona-proposee-ce-lundi","status":"publish","type":"post","link":"https:\/\/www.europesays.com\/fr\/127140\/","title":{"rendered":"Meylan. Une rencontre avec l\u2019auteur Antonio Carmona propos\u00e9e ce lundi"},"content":{"rendered":"<p>Pour ses 20 ans, Adolire s\u2019offre une soir\u00e9e sp\u00e9ciale \u00e0 la Maison de la musique \u00e0 Meylan. Ce lundi 26\u00a0mai \u00e0 17\u00a0h, il sera possible de rencontrer Antonio Carmona, 20e\u00a0 laur\u00e9at du prix Adolire pour son livre On ne dit pas sayonara. Roman o\u00f9 le lecteur d\u00e9couvre \u00c9lise, qui, depuis la mort de sa m\u00e8re, vit avec un p\u00e8re qui impose des r\u00e8gles impitoyables \u00e0 la maison. Il barricade sa tristesse. Mais heureusement, au coll\u00e8ge, il y a l\u2019extravagante Stella, avec son visage qui passe par toutes les lettres de l\u2019alphabet. Et quand mamie Sonoka d\u00e9barque du Japon, c\u2019est le d\u00e9but d\u2019une r\u00e9volution. Mais \u00c9lise osera-t-elle enfin poser la question interdite\u00a0? Cette soir\u00e9e sera donc l\u2019occasion d\u2019\u00e9changer avec l\u2019auteur, d\u2019assister \u00e0 la finale du concours de lecture \u00e0 voix haute inter-coll\u00e8ges, de partager une lecture musicale, mais aussi de profiter d\u2019un g\u00e2teau et d\u2019autres surprises. La soir\u00e9e d\u00e9butera \u00e0 17\u00a0h, avec plusieurs animations, avant la rencontre avec Antonio Carmona \u00e0 18\u00a0h\u00a030.<\/p>\n<p class=\"note\">Lundi 26\u00a0mai \u00e0 17\u00a0h, \u00e0 la Maison de la musique. Tout public. Gratuit. Places \u00e0 retirer dans les biblioth\u00e8ques Mi-Plaine et Grand-Pr\u00e9.<\/p>\n","protected":false},"excerpt":{"rendered":"Pour ses 20 ans, Adolire s\u2019offre une soir\u00e9e sp\u00e9ciale \u00e0 la Maison de la musique \u00e0 Meylan. Ce&hellip;\n","protected":false},"author":2,"featured_media":127141,"comment_status":"","ping_status":"","sticky":false,"template":"","format":"standard","meta":{"footnotes":""},"categories":[9566],"tags":[1111,11,2430,1687,112,1777,674,1011,27,2731,2410,9597,9598,12,25],"class_list":{"0":"post-127140","1":"post","2":"type-post","3":"status-publish","4":"format-standard","5":"has-post-thumbnail","7":"category-grenoble","8":"tag-actu","9":"tag-actualites","10":"tag-auvergne-rhone-alpes","11":"tag-culture-loisirs","12":"tag-edition-grenoble-agglomeration","13":"tag-eu","14":"tag-europe","15":"tag-fr","16":"tag-france","17":"tag-grenoble","18":"tag-livres-bd","19":"tag-meylan","20":"tag-meylan-et-autour","21":"tag-news","22":"tag-republique-francaise"},"share_on_mastodon":{"url":"https:\/\/pubeurope.com\/@fr\/114568978915297036","error":""},"_links":{"self":[{"href":"https:\/\/www.europesays.com\/fr\/wp-json\/wp\/v2\/posts\/127140","targetHints":{"allow":["GET"]}}],"collection":[{"href":"https:\/\/www.europesays.com\/fr\/wp-json\/wp\/v2\/posts"}],"about":[{"href":"https:\/\/www.europesays.com\/fr\/wp-json\/wp\/v2\/types\/post"}],"author":[{"embeddable":true,"href":"https:\/\/www.europesays.com\/fr\/wp-json\/wp\/v2\/users\/2"}],"replies":[{"embeddable":true,"href":"https:\/\/www.europesays.com\/fr\/wp-json\/wp\/v2\/comments?post=127140"}],"version-history":[{"count":0,"href":"https:\/\/www.europesays.com\/fr\/wp-json\/wp\/v2\/posts\/127140\/revisions"}],"wp:featuredmedia":[{"embeddable":true,"href":"https:\/\/www.europesays.com\/fr\/wp-json\/wp\/v2\/media\/127141"}],"wp:attachment":[{"href":"https:\/\/www.europesays.com\/fr\/wp-json\/wp\/v2\/media?parent=127140"}],"wp:term":[{"taxonomy":"category","embeddable":true,"href":"https:\/\/www.europesays.com\/fr\/wp-json\/wp\/v2\/categories?post=127140"},{"taxonomy":"post_tag","embeddable":true,"href":"https:\/\/www.europesays.com\/fr\/wp-json\/wp\/v2\/tags?post=127140"}],"curies":[{"name":"wp","href":"https:\/\/api.w.org\/{rel}","templated":true}]}}