{"id":127142,"date":"2025-05-25T14:39:12","date_gmt":"2025-05-25T14:39:12","guid":{"rendered":"https:\/\/www.europesays.com\/fr\/127142\/"},"modified":"2025-05-25T14:39:12","modified_gmt":"2025-05-25T14:39:12","slug":"a-rennes-sa-fille-de-15-ans-a-ete-victime-de-viols-et-de-proxenetisme","status":"publish","type":"post","link":"https:\/\/www.europesays.com\/fr\/127142\/","title":{"rendered":"\u00e0 Rennes, sa fille de 15 ans a \u00e9t\u00e9 victime de viols et de prox\u00e9n\u00e9tisme"},"content":{"rendered":"<p>            Par<br \/>\n        <strong><br \/>\n            <a href=\"https:\/\/actu.fr\/auteur\/brian-legoff\" title=\"Consulter tous les articles de Brian Le Goff\" target=\"_blank\" rel=\"noopener\">Brian Le Goff<\/a><br \/>\n        <\/strong><\/p>\n<p>        Publi\u00e9 le<\/p>\n<p>            25 mai 2025 \u00e0 16h32        <\/p>\n<p>C\u2019est une<strong> femme \u00e0 fleur de peau<\/strong> que nous rencontrons en cet apr\u00e8s-midi ensoleill\u00e9 de printemps. Face \u00e0 nous, Anne* tient le coup \u00ab\u2009pour ses enfants\u2009\u00bb. Pourtant, cette <strong>m\u00e8re<\/strong> de famille est meurtrie par les <strong>trois <\/strong><strong>ann\u00e9es difficiles<\/strong> qu\u2019elle vient de vivre aux c\u00f4t\u00e9s de sa <strong>fille<\/strong>, Sandra*, aujourd\u2019hui \u00e2g\u00e9e de 15 ans. Cette derni\u00e8re a \u00e9t\u00e9 \u00e0 <strong>plusieurs reprises viol\u00e9e et victime de prox\u00e9n\u00e9tisme<\/strong>.<\/p>\n<p class=\" wall-content\">Une partie des faits a eu lieu alors que l\u2019adolescente \u00e9tait plac\u00e9e <strong>en famille d\u2019accueil<\/strong>, affirme Anne. Si cette maman a d\u00e9cid\u00e9 d\u2019en parler publiquement, c\u2019est pour alerter les autorit\u00e9s sur la situation d\u2019une enfant qui est <strong>loin d\u2019\u00eatre un cas isol\u00e9<\/strong>. Le mois dernier, l\u2019observatoire national des violences faites aux femmes chiffrait \u00e0 <a href=\"https:\/\/actu.fr\/societe\/cela-rapporte-plus-que-la-drogue-l-explosion-alarmante-de-la-prostitution-des-mineures-en-france_62512034.html\" target=\"_blank\" rel=\"noopener\">+ 107 % le nombre de mineures victimes ayant eu recours \u00e0 la prostitution<\/a> <strong>entre 2024 et 2021.<\/strong> Face \u00e0 ce constat, la maman lance une <a href=\"https:\/\/www.change.org\/p\/exigeons-de-l-etat-une-lutte-plus-ferme-contre-la-prostitution-des-mineurs\" target=\"_blank\" rel=\"noopener\">p\u00e9tition pour \u00ab\u2009une lutte plus ferme contre la prostitution des mineurs\u2009\u00bb<\/a>. Elle a accept\u00e9 de <strong>t\u00e9moigner aupr\u00e8s d\u2019actu Rennes sur la situation particuli\u00e8re de sa fille<\/strong> qui n\u2019avait que 12 ans quand tout a commenc\u00e9.<\/p>\n<p>Un premier viol au coll\u00e8ge<\/p>\n<p class=\" wall-content\">\u00c0\u00a0cette \u00e9poque, Sandra est alors en classe de cinqui\u00e8me dans un coll\u00e8ge de la r\u00e9gion de Rennes quand elle est victime de <strong>viols par un gar\u00e7on d\u2019\u00e0 peine deux ans son a\u00een\u00e9<\/strong>. \u00ab\u00a0Ce dernier a \u00e9t\u00e9 reconnu coupable des faits sur plusieurs jeunes filles et a \u00e9t\u00e9 condamn\u00e9 en 2024 \u00e0 dix mois de prison avec sursis\u00a0\u00bb, compl\u00e8te Me <strong>Ana\u00efg Le Noan<\/strong>, l\u2019avocate de la famille, contact\u00e9e par <a href=\"https:\/\/actu.fr\/rennes\/\" target=\"_blank\" rel=\"noopener\">actu Rennes<\/a>.<\/p>\n<blockquote class=\"ac-article-quote wall-content\">\n<p>De l\u00e0, par le traumatisme provoqu\u00e9, ma fille a d\u00e9velopp\u00e9 une hypersexualit\u00e9 avec des jeunes de son \u00e2ge, que l&rsquo;on n&rsquo;a pas d\u00e9couverte tout de suite.<\/p>\n<p>    <strong>Anne<\/strong><br \/>\n        Pr\u00e9nom d&#8217;emprunt    <\/p><\/blockquote>\n<p>Un jeune homme de 19 ans dans le lit de leur fille<\/p>\n<p class=\" wall-content\">Quelques mois plus tard, un matin, les parents d\u00e9couvrent un jeune <strong>homme de 19\u00a0ans dans le lit de leur fille<\/strong>. \u00ab\u2009Il lui avait dit qu\u2019il en avait 17. Elle l\u2019avait fait venir une premi\u00e8re fois pendant que nous dormions. \u00c9tant donn\u00e9 que nous habitons une maison de plain-pied, c\u2019\u00e9tait assez facile.\u2009\u00bb<\/p>\n<p class=\" wall-content\">Ce jour-l\u00e0, face \u00e0 la col\u00e8re du p\u00e8re de famille qui perd son sang-froid, la <strong>maman appelle les gendarmes<\/strong>. \u00ab\u2009On a \u00e9t\u00e9 d\u00e9pass\u00e9s, on n\u2019\u00e9tait pas pr\u00e9par\u00e9s\u2009\u00bb, confie-t-elle, le souffle court, repensant au moment douloureux.<\/p>\n<p class=\" wall-content\">\u00ab\u00a0Pour la prot\u00e9ger\u00a0\u00bb, n\u2019ayant plus de solution, les <strong>parents<\/strong> font appel aux services sociaux et <strong>demandent son placement<\/strong>. \u00ab\u2009Il y avait d\u00e9j\u00e0 eu plusieurs mensonges auparavant. \u00c7a devenait insupportable.\u00a0\u00bb\u00a0 Le couple se s\u00e9parera \u00e0 cause de cette situation.<\/p>\n<p>La fille d\u00e9m\u00e9nage dans un autre d\u00e9partement<\/p>\n<p class=\" wall-content\">La m\u00e8re de famille d\u00e9cide alors de d\u00e9m\u00e9nager pour repartir sur de bonnes bases. \u00ab\u2009<strong>Dans les cours d\u2019\u00e9cole<\/strong>, on sait comment \u00e7a se passe. Depuis les premiers faits de viols d\u00e9nonc\u00e9s, les autres camarades<strong> l\u2019insultaient de \u2018salope\u2019, de \u2018pute\u2019,<\/strong> \u2018qu\u2019elle l\u2019avait bien cherch\u00e9\u2019. Un de mes autres enfants avait ensuite int\u00e9gr\u00e9 le m\u00eame coll\u00e8ge. Il a tout entendu sur sa s\u0153ur.\u2009\u00bb<\/p>\n<p>    <img decoding=\"async\" loading=\"lazy\" src=\"https:\/\/www.europesays.com\/fr\/wp-content\/uploads\/2025\/05\/temoignage-mere-de-famille-fille-15-ans-violee-et-victime-de-proxenetisme-4-960x640.jpg\" alt=\"Viol\u00e9e \u00e0 l'\u00e2ge de 12 ans, Sandra a ensuite \u00e9t\u00e9 victime de prox\u00e9n\u00e9tisme.\" width=\"960\" height=\"640\"\/><br \/>\n    Viol\u00e9e \u00e0 l\u2019\u00e2ge de 12 ans, Sandra a ensuite \u00e9t\u00e9 victime de prox\u00e9n\u00e9tisme. (\u00a9 Photo d\u2019illustration Brian Le Goff \/ actu Rennes)<\/p>\n<p class=\" wall-content\">Anne change donc de d\u00e9partement. <strong>Pendant ce temps, sa fille est toujours plac\u00e9e.<\/strong> \u00ab\u2009Au d\u00e9but de son placement, elle m\u2019avait \u00e9crit une <strong>lettre <\/strong>dans laquelle elle <strong>reconnaissait<\/strong> qu\u2019elle nous avait <strong>menti<\/strong>. Malgr\u00e9 le fait qu\u2019elle \u00e9tait en famille d\u2019accueil, je continuais \u00e0 m\u2019occuper de ma fille, je payais les frais m\u00e9dicaux li\u00e9s aux visites chez le psy, ses v\u00eatements, etc.\u2009\u00bb<\/p>\n<p class=\" wall-content\">Sandra revient de temps en temps, quelques week-ends, chez sa m\u00e8re. \u00ab\u2009Sur deux jours, il \u00e9tait difficile de rep\u00e9rer les <strong>signes avant-coureurs de sa d\u00e9tresse<\/strong>.\u2009\u00bb \u00c0 cette p\u00e9riode, la m\u00e8re de famille a achet\u00e9 un t\u00e9l\u00e9phone portable simple \u00e0 sa fille pour \u00e9viter les r\u00e9seaux sociaux et tout ce qui en d\u00e9coule, \u00ab\u2009pour son bien\u2009\u00bb.<\/p>\n<p>Sandra tombe enceinte et avorte seule \u00e0 l\u2019h\u00f4pital<\/p>\n<p class=\" wall-content\"><strong>Quinze jours avant le retour<\/strong> de sa fille \u00e0 la maison, au printemps 2024, Anne apprend par une \u00e9ducatrice sp\u00e9cialis\u00e9e qu\u2019elle \u00e9tait tomb\u00e9e enceinte du jeune homme retrouv\u00e9 dans son lit \u00e0 l\u2019automne 2023\u2009: \u00ab\u00a0On ne m\u2019a pas pr\u00e9venue et on l\u2019a laiss\u00e9e seule \u00e0 l\u2019h\u00f4pital le jour de son avortement. Depuis, elle garde le bracelet d\u2019hospitalisation avec elle. La famille d\u2019accueil mettra <strong>quatre mois \u00e0 trouver un psy<\/strong> alors que, quand elle est revenue chez moi, je n\u2019ai mis qu\u2019un mois \u00e0 en trouver un.\u00a0\u00bb<\/p>\n<p>    <img decoding=\"async\" loading=\"lazy\" src=\"https:\/\/www.europesays.com\/fr\/wp-content\/uploads\/2025\/05\/temoignage-mere-de-famille-fille-15-ans-violee-et-victime-de-proxenetisme-10-960x640.jpg\" alt=\"Apr\u00e8s une relation sexuelle avec un jeune majeur, l'adolescente est tomb\u00e9e enceinte et a avort\u00e9\" width=\"960\" height=\"640\"\/><br \/>\n    Apr\u00e8s une relation sexuelle avec un jeune majeur, l\u2019adolescente est tomb\u00e9e enceinte et a avort\u00e9, d\u00e9voile la maman de la jeune fille. (\u00a9 Photo d\u2019illustration Brian Le Goff \/ actu Rennes)Une mauvaise rencontre, celle \u00ab\u00a0d\u2019un monstre\u00a0\u00bb<\/p>\n<p class=\" wall-content\">\u00c0 son retour de placement, la <strong>m\u00e8re de famille d\u00e9couvre un smartphone<\/strong> dans les affaires de sa fille. \u00ab\u2009Je lui ai imm\u00e9diatement confisqu\u00e9. J\u2019ai essay\u00e9 de savoir comment elle l\u2019avait eu, mais je n\u2019ai pas eu d\u2019explications claires \u00e0 ce moment-l\u00e0.\u2009\u00bb<\/p>\n<blockquote class=\"ac-article-quote wall-content\">\n<p>Tout est parti d&rsquo;une histoire de vapotes jetables, dites \u00ab\u00a0puffs\u00a0\u00bb. Elle en recherchait durant son placement en famille d&rsquo;accueil. Sauf qu&rsquo;elle va finir par faire la mauvaise rencontre, celle d&rsquo;un monstre. Un jeune homme d&rsquo;une vingtaine d&rsquo;ann\u00e9es va la charmer. Ils vont avoir une premi\u00e8re relation sexuelle. Les fois suivantes, il va la vendre \u00e0 d&rsquo;autres hommes, beaucoup plus \u00e2g\u00e9s. Il profitait de sa vuln\u00e9rabilit\u00e9 en lui faisant inhaler du protoxyde d&rsquo;azote. Il la menace de ne plus revenir \u00e0 la maison si elle en parle. Mais tout \u00e7a, je ne l&rsquo;ai appris que bien plus tard.<\/p>\n<p>    <strong>Anne<\/strong>\n            <\/p><\/blockquote>\n<p class=\" wall-content\">La maman sait pertinemment qu\u2019il s\u2019est pass\u00e9 quelque chose durant son placement. <strong>\u00ab\u2009Elle avait des troubles<\/strong> en revenant\u2009: des difficult\u00e9s \u00e0 dormir, des changements d\u2019humeur. On discute beaucoup, mais elle ne disait rien. Je lui ai dit qu\u2019elle pouvait \u00e9crire dans ce cas.\u2009\u00bb<\/p>\n<p class=\" wall-content\">La m\u00e8re de famille \u00e9tait <strong>devenue un \u00ab\u2009gendarme\u2009\u00bb avec sa fille\u2009:<\/strong> \u00ab\u2009Je v\u00e9rifiais tout ce qu\u2019elle faisait. Elle n\u2019avait pas le droit \u00e0 la cam\u00e9ra sur son t\u00e9l\u00e9phone ou sur les autres appareils connect\u00e9s.\u2009\u00bb<\/p>\n<p>140 mineures victimes de prox\u00e9n\u00e9tisme identifi\u00e9es en Bretagne <\/p>\n<p>L&rsquo;association L&rsquo;Amicale du Nid en Bretagne qui tente de recenser, rencontrer, contacter, puis accompagner les enfants victimes de prostitution subie et leurs familles, a identifi\u00e9 140 mineures victimes de prox\u00e9n\u00e9tisme depuis 2021 dans la r\u00e9gion. \u00ab\u00a0En 2023, on avait identifi\u00e9 30 profils quand, en 2024, on en comptait 45, soit une augmentation de 50 % en un an\u00a0\u00bb, note Romain Guigny, chef de service \u00e0 l&rsquo;Amicale du Nid Bretagne.<\/p>\n<p>Globalement, il s&rsquo;agit de situations remont\u00e9es par des professionnels et des acteurs de la protection de l&rsquo;enfance. \u00ab\u00a0Ce sont ainsi des lieux plus facilement en proie \u00e0 identifier des victimes, car ils sont compos\u00e9s d&rsquo;\u00e9l\u00e9ments fragilisant, beaucoup plus vuln\u00e9rables. Et les \u00e9quipes sont forc\u00e9ment beaucoup plus alertes\u00a0\u00bb, poursuit Romain Guigny.<\/p>\n<p>Un diagnostic men\u00e9 entre mars 2018 et octobre 2019 avait mis en \u00e9vidence une activit\u00e9 prostitutionnelle sur le territoire breton. Elle est de plus en plus invisibilis\u00e9e par l&rsquo;essor du num\u00e9rique : \u00ab\u00a0Nous, quand on est arriv\u00e9, on a \u00e9t\u00e9 confront\u00e9 \u00e0 un mur, \u00e0 une r\u00e9alit\u00e9 innommable. On m\u00e8ne des maraudes num\u00e9riques pour identifier le maximum de profils concern\u00e9s, mais nous sommes loin de pouvoir d\u00e9couvrir tous les cas.\u00a0\u00bb<\/p>\n<p>80 % des profils accompagn\u00e9s &#8211; essentiellement des jeunes filles &#8211; ont connu un \u00ab\u00a0pass\u00e9 familial non-protecteur avec des carences et des violences intrafamiliales qui ont eu pour la plupart un impact sur le d\u00e9veloppement psychique de l&rsquo;enfant\u00a0\u00bb.<\/p>\n<p>Bouteille d\u2019alcool dans la chambre, vol de maquillage<\/p>\n<p class=\" wall-content\">\u00c0 la rentr\u00e9e suivante, dans son nouvel \u00e9tablissement, <strong>Sandra est une bonne \u00e9l\u00e8ve, m\u00eame exemplaire,<\/strong> selon sa m\u00e8re. \u00ab\u00a0Elle a toujours un suivi psychologique li\u00e9 \u00e0 son premier viol.\u00a0\u00bb Anne d\u00e9plore par ailleurs que ce soit \u00e0 la victime de payer pour ce que l\u2019on lui a fait subir.<\/p>\n<blockquote class=\"ac-article-quote wall-content\">\n<p>Puis, elle va nouer une relation amoureuse \u00e0 distance avec un gar\u00e7on \u00e0 cette \u00e9poque. \u00c7a se passait bien comme \u00e7a. Au vu de son pass\u00e9, je ne voulais pas qu&rsquo;ils se rencontrent seuls. Ils se verront une fois. Quelques mois plus tard, c&rsquo;\u00e9tait fini. C&rsquo;\u00e9taient deux ados abim\u00e9s par la vie.<\/p>\n<p>    <strong>Anne<\/strong>\n            <\/p><\/blockquote>\n<p class=\" wall-content\">En novembre 2024, la maman d\u00e9couvre cette fois<strong> une bouteille de vodka<\/strong> dans les affaires de sa fille. \u00ab\u00a0Je lui ai demand\u00e9 des explications.\u00a0\u00bb Quelques semaines plus tard, Sandra est arr\u00eat\u00e9e par la police pour un vol de maquillage dans un magasin.<\/p>\n<p>Une dissociation de la personnalit\u00e9<\/p>\n<p class=\" wall-content\">Apr\u00e8s ces faits, la maman reperd confiance en sa fille. Mais le temps passe et son comportement s\u2019am\u00e9liore \u00e0 nouveau : <strong>\u00ab\u00a0Sandra a deux personnalit\u00e9s <\/strong>: la jeune fille exceptionnelle et gentille, puis celle ab\u00eem\u00e9e par son v\u00e9cu.\u00a0\u00bb<\/p>\n<blockquote class=\"ac-article-quote wall-content\">\n<p>Sandra a d\u00e9velopp\u00e9 un psychotraumatisme et une hypervigilance li\u00e9s aux premiers viols subis. Il y a deux fa\u00e7ons de r\u00e9agir apr\u00e8s ces violences sexuelles. Soit la victime se replie sur elle-m\u00eame, soit elle va entrer dans ce que l&rsquo;on appelle une hypersexualit\u00e9.<\/p>\n<p>    <strong>Ana\u00efg Le Noan<\/strong><br \/>\n        Avocate de la famille    <\/p><\/blockquote>\n<p class=\" wall-content\">\u00c0 la demande de sa fille, Anne l\u2019autorise \u00e0 sortir un apr\u00e8s-midi avec des copines. \u00ab\u00a0Je les connaissais, j\u2019avais confiance en ces jeunes filles.\u00a0\u00bb<\/p>\n<p class=\" wall-content\">Tr\u00e8s rapidement, la m\u00e8re de famille va se rendre compte que <strong>Sandra n\u2019est pas avec ses amies. Mais avec un gar\u00e7on,<\/strong> qui s\u2019av\u00e8re \u00eatre son petit copain. \u00ab\u00a0\u00c7a explose, je ne supporte plus ses mensonges. J\u2019en ai ras-le-bol, je suis fatigu\u00e9e. Le ton monte, elle va fuguer deux heures, je vais le signaler \u00e0 la police. Puis son copain va m\u2019appeler pour me dire qu\u2019elle est avec lui.\u00a0\u00bb<\/p>\n<p class=\" wall-content\">De l\u00e0, la maman va \u00e0 nouveau faire appel aux services sociaux. \u00ab\u00a0La <strong>maison du D\u00e9partement va alors me r\u00e9pondre qu\u2019ils n\u2019ont pas de solution,<\/strong> que je dois la reprendre et revenir le lendemain. Sandra va fuguer \u00e0 nouveau toute la nuit et sera au rendez-vous le lendemain matin.\u00a0\u00bb<\/p>\n<p>\u00ab\u00a0Pour des \u2018questions de budget\u2019, pas d\u2019autres solutions\u00a0\u00bb<\/p>\n<p class=\" wall-content\">On propose \u00e0 la maman le <strong>placement de sa fille dans un foyer, ce qu\u2019elle refuse au vu du profil fragile de sa fille<\/strong>. \u00ab\u00a0Pour des \u2018questions de budget\u2019, les services sociaux n\u2019avaient pas d\u2019autres solutions \u00e0 me proposer. J\u2019ai fini par trouver la solution moi-m\u00eame en <strong>demandant \u00e0 l\u2019une de mes tantes de pouvoir prendre Sandra<\/strong> quelque temps. Elle a accept\u00e9\u00a0\u00bb, retrace-t-elle, encore empreinte de culpabilit\u00e9.<\/p>\n<p>    <img decoding=\"async\" loading=\"lazy\" src=\"https:\/\/www.europesays.com\/fr\/wp-content\/uploads\/2025\/05\/temoignage-mere-de-famille-fille-15-ans-violee-et-victime-de-proxenetisme-1-960x640.jpg\" alt=\"Aujourd'hui, la maman de Sandra laisse entendre sa culpabilit\u00e9 de ne pas avoir pu \u00e9viter que sa fille soit victime de prox\u00e9n\u00e9tisme.\" width=\"960\" height=\"640\"\/><br \/>\n    Aujourd\u2019hui, la maman de Sandra laisse entendre sa culpabilit\u00e9 de ne pas avoir pu \u00e9viter que sa fille soit victime de prox\u00e9n\u00e9tisme. (\u00a9Brian Le Goff \/ actu Rennes)La v\u00e9rit\u00e9 r\u00e9v\u00e9l\u00e9e dans le journal intime<\/p>\n<p class=\" wall-content\">Anne pr\u00e9vient sa tante de faire attention au comportement de Sandra, mais le placement se passe bien jusqu\u2019\u00e0 ce que la tante de la maman d\u00e9cide de <strong>consulter le journal intime<\/strong> de sa petite ni\u00e8ce.<strong> \u00ab\u00a0C\u2019est l\u00e0 qu\u2019elle d\u00e9couvre la prostitution subie.\u00a0\u00bb<\/strong> Mais Sandra va se rendre compte que quelqu\u2019un a consult\u00e9 son journal. Elle fouille dans le t\u00e9l\u00e9phone de sa grande tante et d\u00e9couvre les \u00e9changes avec sa m\u00e8re, divulguant les informations recueillies dans le journal intime. Elle va d\u00e8s lors fuguer avec le journal intime qui ne sera pas retrouv\u00e9.<\/p>\n<blockquote class=\"ac-article-quote wall-content\">\n<p>\u00c7a a \u00e9t\u00e9 huit jours sans aucun signe de vie. Chaque minute devient alors des heures. Et vu que je savais \u00e0 pr\u00e9sent ce qu&rsquo;il s&rsquo;\u00e9tait pass\u00e9, j&rsquo;\u00e9tais morte d&rsquo;inqui\u00e9tude. Je n&rsquo;osais plus bouger de chez moi, esp\u00e9rant qu&rsquo;elle revienne. Je suis partie faire des recherches partout o\u00f9 elle aurait pu aller. Mais, comme elle ne fr\u00e9quentait que tr\u00e8s peu Rennes, je ne pensais pas la retrouver l\u00e0-bas.<\/p>\n<p>    <strong>Anne<\/strong>\n            <\/p><\/blockquote>\n<p class=\" wall-content\">Anne <strong>signale aux forces de l\u2019ordre la disparition inqui\u00e9tante de sa fille<\/strong>, qui au vu des faits ne fera pas l\u2019objet d\u2019une communication publique. Ces derniers lui indiquent que le t\u00e9l\u00e9phone de Sandra a born\u00e9 dans un quartier de la capitale bretonne. \u00ab\u00a0Je vais au magasin situ\u00e9 au centre de ce quartier et montre une photo de ma fille \u00e0 l\u2019un des agents de s\u00e9curit\u00e9 et au responsable qui affirment l\u2019avoir vue quelques heures plus t\u00f4t. <strong>Je voyais qu\u2019elle \u00e9tait sur TikTok<\/strong>, je lui envoyais des messages avec une question \u00e0 laquelle nous \u00e9tions toutes les deux les seules \u00e0 pouvoir r\u00e9pondre. Et comme<strong> je n\u2019avais pas sa r\u00e9ponse,<\/strong> je m\u2019inqui\u00e9tais encore davantage.\u00a0\u00bb<\/p>\n<p>Retrouv\u00e9e \u00ab\u00a0sous l\u2019effet de la drogue, avec des marques de strangulation\u00a0\u00bb<\/p>\n<p class=\" wall-content\">Finalement, <strong>24 heures plus tard,<\/strong> l\u2019agent de s\u00e9curit\u00e9 la recontacte en lui disant \u00eatre avec sa fille. Un \u00e9quipage de la police se chargera de la prendre en charge. \u00ab\u00a0Je la retrouve au commissariat sous l\u2019effet de la drogue, avec des marques de strangulation au cou, laissant penser \u00e0 de <strong>nouveaux faits de violence sexuelles confirm\u00e9es par un m\u00e9decin l\u00e9giste<\/strong>.\u00a0\u00bb<\/p>\n<blockquote class=\"ac-article-quote wall-content\">\n<p>On ne comprend pas ce qu\u2019il nous arrive quand on vit cela. On a l\u2019impression que le ciel nous tombe sur la t\u00eate.<\/p>\n<p>    <strong>Anne<\/strong>\n            <\/p><\/blockquote>\n<p class=\" wall-content\">Sandra est alors <strong>hospitalis\u00e9e<\/strong> \u00e0 la mi-avril 2025. C\u2019est toujours le cas \u00e0 l\u2019heure o\u00f9 sont \u00e9crites ces lignes. \u00ab\u00a0C\u2019est la <strong>seule solution pour la prot\u00e9ger \u00e0 l\u2019heure actuelle.<\/strong> Elle n\u2019a plus aucune estime d\u2019elle-m\u00eame. Avant, elle voulait \u00eatre avocate. Aujourd\u2019hui, elle ne se voit plus que comme \u00e7a. Je n\u2019ai pas de baguette magique pour la faire passer \u00e0 autre chose\u00a0\u00bb, d\u00e9plore Anne. \u00ab\u00a0C\u2019\u00e9tait d\u2019autant plus difficile que la jeune fille est une<strong> enfant \u00e9lev\u00e9e dans la communaut\u00e9 des gens du voyage<\/strong> o\u00f9 le sexe ne se pratique pas avant le mariage\u00a0\u00bb, observe l\u2019avocate de la famille.<\/p>\n<p>\u00ab\u00a0Il faut que le gouvernement se r\u00e9veille !\u00a0\u00bb<\/p>\n<p class=\" wall-content\">Toujours combative, Anne d\u00e9cide \u00e0 pr\u00e9sent de lutter plus largement contre la prostitution des mineurs en s\u2019appuyant sur le parcours de vie chaotique de sa fille. Elle a lanc\u00e9 une <strong>p\u00e9tition \u00e0 destination de l\u2019\u00c9tat<\/strong> : \u00ab\u00a0Il faut que le gouvernement se r\u00e9veille, qu\u2019il ouvre les yeux. Nos enfants ne sont pas une ligne dans un budget.\u00a0\u00bb<\/p>\n<blockquote class=\"ac-article-quote wall-content\">\n<p>Il faut faire quelque chose pour rappeler \u00e0 nos enfants qu&rsquo;elles ne sont pas un bout de viande.<\/p>\n<p>    <strong>Anne<\/strong>\n            <\/p><\/blockquote>\n<p class=\" wall-content\">M\u00eame si elle regrette profond\u00e9ment que les<strong> services sociaux<\/strong> n\u2019aient pas suffisamment agi pour sa fille, la m\u00e8re de famille observe qu\u2019ils \u00ab\u00a0sont aujourd\u2019hui totalement <strong>d\u00e9munis\u00a0\u00bb :<\/strong> \u00ab\u00a0Il faut les <strong>former \u00e0 cette nouvelle g\u00e9n\u00e9ration<\/strong> en prise avec les r\u00e9seaux sociaux et toutes ses d\u00e9rives sur l\u2019image qu\u2019ils renvoient. Il faut <strong>plus de r\u00e8gles, plus de lois, plus de contr\u00f4les, car \u00e7a frappe chez monsieur et madame tout le monde.\u00a0\u00bb<\/strong><\/p>\n<p>De nombreux dossiers<\/p>\n<p class=\" wall-content\">De son c\u00f4t\u00e9, <strong>Ana\u00efg Le Noan, l\u2019avocate p\u00e9naliste,<\/strong> constate que les dossiers d\u2019enfants plac\u00e9s victimes de prox\u00e9n\u00e9tisme ont tendance \u00e0 augmenter. <strong>\u00ab\u00a0J\u2019en ai actuellement quatre en cours rien que dans mon cabinet\u00a0\u00bb<\/strong>, chiffre-t-elle, alors qu\u2019elle n\u2019avait jusque-l\u00e0 jamais au \u00e0 traiter ces situations dans le pass\u00e9.<\/p>\n<p class=\" wall-content\">Par ailleurs, dans un article publi\u00e9 fin avril, <a href=\"https:\/\/www.franceinfo.fr\/societe\/prostitution\/prostitution-de-mineurs-plusieurs-departements-poursuivis-en-justice_7220526.html\" target=\"_blank\" rel=\"noopener\">Franceinfo r\u00e9v\u00e9lait que plusieurs d\u00e9partements faisaient l\u2019objet d\u2019attaques en justice<\/a> en ce sens.<\/p>\n<p class=\" wall-content\">Dans le cas de Sandra, des<strong> proc\u00e9dures judicaires ont \u00e9t\u00e9 ouvertes et l\u2019adolescente a \u00e9t\u00e9 auditionn\u00e9e,<\/strong> selon la maman. \u00ab\u00a0Les auteurs qui ont particip\u00e9 au prox\u00e9n\u00e9tisme de la jeune fille auraient \u00e9t\u00e9 identifi\u00e9s\u00a0\u00bb, indique l\u2019avocate.<\/p>\n<p>En cas de besoin, appelez le 119, num\u00e9ro d\u2019appel national de l\u2019enfance en danger. Plus d\u2019informations sur <a href=\"https:\/\/solidarites.gouv.fr\/mineur-en-situation-de-prostitution-comment-agir\" target=\"_blank\" rel=\"noopener\">solidarites.gouv.fr<\/a>.<\/p>\n<p class=\" wall-content\"><strong>(*) Le t\u00e9moignage a \u00e9t\u00e9 anonymis\u00e9. Les pr\u00e9noms ont \u00e9t\u00e9 modifi\u00e9s.<\/strong><\/p>\n<p class=\" wall-content\">Suivez toute l\u2019actualit\u00e9 de vos villes et m\u00e9dias favoris en vous inscrivant \u00e0 <a href=\"https:\/\/moncompte.actu.fr\" title=\"D\u00e9couvez Mon Actu\" rel=\"nofollow noopener\" data-trk=\"{&quot;cta&quot;:{&quot;action&quot;:&quot;https:\\\/\\\/moncompte.actu.fr&quot;,&quot;category&quot;:&quot;mon compte&quot;,&quot;from&quot;:&quot;article footer&quot;,&quot;name&quot;:&quot;Mon actu&quot;,&quot;type&quot;:&quot;cta&quot;}}\" target=\"_blank\">Mon Actu<\/a>.<\/p>\n","protected":false},"excerpt":{"rendered":"Par Brian Le Goff Publi\u00e9 le 25 mai 2025 \u00e0 16h32 C\u2019est une femme \u00e0 fleur de peau&hellip;\n","protected":false},"author":2,"featured_media":127143,"comment_status":"","ping_status":"","sticky":false,"template":"","format":"standard","meta":{"footnotes":""},"categories":[2821],"tags":[1111,11,829,1777,674,1011,27,12,2899,584,25,104,240,799],"class_list":{"0":"post-127142","1":"post","2":"type-post","3":"status-publish","4":"format-standard","5":"has-post-thumbnail","7":"category-rennes","8":"tag-actu","9":"tag-actualites","10":"tag-bretagne","11":"tag-eu","12":"tag-europe","13":"tag-fr","14":"tag-france","15":"tag-news","16":"tag-prostitution","17":"tag-rennes","18":"tag-republique-francaise","19":"tag-societe","20":"tag-temoignage","21":"tag-violences-sexuelles"},"share_on_mastodon":{"url":"https:\/\/pubeurope.com\/@fr\/114568990851858902","error":""},"_links":{"self":[{"href":"https:\/\/www.europesays.com\/fr\/wp-json\/wp\/v2\/posts\/127142","targetHints":{"allow":["GET"]}}],"collection":[{"href":"https:\/\/www.europesays.com\/fr\/wp-json\/wp\/v2\/posts"}],"about":[{"href":"https:\/\/www.europesays.com\/fr\/wp-json\/wp\/v2\/types\/post"}],"author":[{"embeddable":true,"href":"https:\/\/www.europesays.com\/fr\/wp-json\/wp\/v2\/users\/2"}],"replies":[{"embeddable":true,"href":"https:\/\/www.europesays.com\/fr\/wp-json\/wp\/v2\/comments?post=127142"}],"version-history":[{"count":0,"href":"https:\/\/www.europesays.com\/fr\/wp-json\/wp\/v2\/posts\/127142\/revisions"}],"wp:featuredmedia":[{"embeddable":true,"href":"https:\/\/www.europesays.com\/fr\/wp-json\/wp\/v2\/media\/127143"}],"wp:attachment":[{"href":"https:\/\/www.europesays.com\/fr\/wp-json\/wp\/v2\/media?parent=127142"}],"wp:term":[{"taxonomy":"category","embeddable":true,"href":"https:\/\/www.europesays.com\/fr\/wp-json\/wp\/v2\/categories?post=127142"},{"taxonomy":"post_tag","embeddable":true,"href":"https:\/\/www.europesays.com\/fr\/wp-json\/wp\/v2\/tags?post=127142"}],"curies":[{"name":"wp","href":"https:\/\/api.w.org\/{rel}","templated":true}]}}