{"id":127146,"date":"2025-05-25T14:41:09","date_gmt":"2025-05-25T14:41:09","guid":{"rendered":"https:\/\/www.europesays.com\/fr\/127146\/"},"modified":"2025-05-25T14:41:09","modified_gmt":"2025-05-25T14:41:09","slug":"strasbourg-les-facteurs-sont-arrives-place-broglie-apres-500-km-a-velo-en-5-jours-depuis-paris","status":"publish","type":"post","link":"https:\/\/www.europesays.com\/fr\/127146\/","title":{"rendered":"Strasbourg. Les facteurs sont arriv\u00e9s place Broglie apr\u00e8s 500\u00a0km \u00e0 v\u00e9lo en 5 jours depuis Paris"},"content":{"rendered":"<p>Ce d\u00e9fi s\u2019est d\u00e9roul\u00e9 la semaine du 19\u00a0mai et a mobilis\u00e9 des facteurs et des factrices cyclistes venant de toute la France pour parcourir pr\u00e8s de 500\u00a0km en cinq jours. Depuis 140 ans, La Poste rappelle qu\u2019elle utilise la bicyclette pour la distribution du courrier.<\/p>\n<p>\u00ab\u00a0Aujourd\u2019hui encore, les facteurs parcourent quotidiennement 144\u00a0\u00a0000\u00a0km \u00e0 v\u00e9lo \u00e0 travers la France, soit 3,5 tours de la Terre\u00a0\u00bb, appuie-t-elle. Avec l\u2019essor de la cyclo-logistique et des livraisons \u00e0 v\u00e9lo, La Poste s\u2019est associ\u00e9 \u00e0 <a href=\"https:\/\/www.dna.fr\/economie\/2025\/05\/13\/la-fub-appelle-les-citoyens-a-contribuer-au-barometre-velo-2025-jusqu-au-2-juin\" target=\"_blank\" rel=\"noopener\">la F\u00e9d\u00e9ration des usagers de la bicyclette (FUB)<\/a> pour \u00ab\u00a0promouvoir l\u2019usage quotidien du v\u00e9lo, encourager des conditions de circulation plus s\u00fbres et un partage apais\u00e9 de la route\u00a0\u00bb.<\/p>\n<p>  Parrain\u00e9s par Laurent Jalabert<\/p>\n<p>Le relais Paris-Strasbourg, organis\u00e9 avec la FUB, a ainsi \u00e9t\u00e9 effectu\u00e9 par \u00e9quipes de quatre facteurs se relayant sur quatre tron\u00e7ons quotidiens. L\u2019id\u00e9e est de \u00ab\u00a0d\u00e9montrer l\u2019importance du v\u00e9lo comme mode de d\u00e9placement durable et sensibiliser la population \u00e0 la s\u00e9curit\u00e9 routi\u00e8re en d\u00e9non\u00e7ant les incivilit\u00e9s\u00a0\u00bb.<\/p>\n<p>Ce contenu est bloqu\u00e9 car vous n&rsquo;avez pas accept\u00e9 les cookies et autres traceurs.<\/p>\n<p>En cliquant sur \u00ab J\u2019accepte \u00bb, les cookies et autres traceurs seront d\u00e9pos\u00e9s et vous pourrez visualiser les contenus  (<a href=\"\" class=\"consentModule_policy\" target=\"_blank\" title=\"Consulter la politique de protection des donn\u00e9es du fournisseur\">plus d&rsquo;informations<\/a>).<\/p>\n<p>En cliquant sur \u00ab J\u2019accepte tous les cookies \u00bb, vous autorisez des d\u00e9p\u00f4ts de cookies et autres traceurs pour le stockage de vos donn\u00e9es sur nos sites et applications \u00e0 des fins de personnalisation et de ciblage publicitaire.<\/p>\n<p class=\"consentModule_secondaryText\">Vous gardez la possibilit\u00e9 de retirer votre consentement \u00e0 tout moment en consultant notre <a href=\"https:\/\/www.dna.fr\/protection-des-donnees\" target=\"_blank\" title=\"Consulter notre politique de protection des donn\u00e9es\" rel=\"noopener\">politique de protection des donn\u00e9es<\/a>. <br \/>&#13;<br \/>\n            <a href=\"https:\/\/www.dna.fr\/economie\/2025\/05\/25\/javascript:Didomi.notice.show()\" class=\"consentModule_cmp\" target=\"_blank\" rel=\"noopener\">G\u00e9rer mes choix<\/a>&#13;\n        <\/p>\n<p>&#13;<br \/>\n                        J&rsquo;accepte&#13;<br \/>\n            J&rsquo;accepte tous les cookies&#13;\n        <\/p>\n<p>Partis de la mairie de Paris Centre le 19\u00a0mai, les \u00e9quipes de facteurs ont rejoint ce vendredi 23\u00a0mai la place Broglie \u00e0 Strasbourg, si\u00e8ge de la FUB, vers 15\u00a0h. Elles ont \u00e9t\u00e9 re\u00e7ues notamment par Sophie Dupressoir, \u00e9lue d\u00e9l\u00e9gu\u00e9e \u00e0 la ville cyclable. Des actions de sensibilisation du public ont \u00e9t\u00e9 propos\u00e9es tout au long du trajet. Laurent Jalabert, l\u00e9gende du cyclisme a parrain\u00e9 cette op\u00e9ration exceptionnelle, qui a conduit les facteurs \u00e0 parcourir \u00e0 v\u00e9lo cinq \u00e9tapes cl\u00e9s depuis Paris jusqu\u2019\u00e0 Strasbourg, en passant par Ch\u00e2teau-Thierry, Reims, Metz.<\/p>\n","protected":false},"excerpt":{"rendered":"Ce d\u00e9fi s\u2019est d\u00e9roul\u00e9 la semaine du 19\u00a0mai et a mobilis\u00e9 des facteurs et des factrices cyclistes venant&hellip;\n","protected":false},"author":2,"featured_media":127147,"comment_status":"","ping_status":"","sticky":false,"template":"","format":"standard","meta":{"footnotes":""},"categories":[2820],"tags":[1111,11,4406,33,2880,436,1777,674,107,1011,27,775,3539,12,316,25,104,640,2879],"class_list":{"0":"post-127146","1":"post","2":"type-post","3":"status-publish","4":"format-standard","5":"has-post-thumbnail","7":"category-strasbourg","8":"tag-actu","9":"tag-actualites","10":"tag-commerce-et-services","11":"tag-economie","12":"tag-edition-strasbourg","13":"tag-environnement","14":"tag-eu","15":"tag-europe","16":"tag-fil-info","17":"tag-fr","18":"tag-france","19":"tag-grand-est","20":"tag-les-ecologistes","21":"tag-news","22":"tag-politique","23":"tag-republique-francaise","24":"tag-societe","25":"tag-strasbourg","26":"tag-strasbourg-ville"},"share_on_mastodon":{"url":"https:\/\/pubeurope.com\/@fr\/114568998699346995","error":""},"_links":{"self":[{"href":"https:\/\/www.europesays.com\/fr\/wp-json\/wp\/v2\/posts\/127146","targetHints":{"allow":["GET"]}}],"collection":[{"href":"https:\/\/www.europesays.com\/fr\/wp-json\/wp\/v2\/posts"}],"about":[{"href":"https:\/\/www.europesays.com\/fr\/wp-json\/wp\/v2\/types\/post"}],"author":[{"embeddable":true,"href":"https:\/\/www.europesays.com\/fr\/wp-json\/wp\/v2\/users\/2"}],"replies":[{"embeddable":true,"href":"https:\/\/www.europesays.com\/fr\/wp-json\/wp\/v2\/comments?post=127146"}],"version-history":[{"count":0,"href":"https:\/\/www.europesays.com\/fr\/wp-json\/wp\/v2\/posts\/127146\/revisions"}],"wp:featuredmedia":[{"embeddable":true,"href":"https:\/\/www.europesays.com\/fr\/wp-json\/wp\/v2\/media\/127147"}],"wp:attachment":[{"href":"https:\/\/www.europesays.com\/fr\/wp-json\/wp\/v2\/media?parent=127146"}],"wp:term":[{"taxonomy":"category","embeddable":true,"href":"https:\/\/www.europesays.com\/fr\/wp-json\/wp\/v2\/categories?post=127146"},{"taxonomy":"post_tag","embeddable":true,"href":"https:\/\/www.europesays.com\/fr\/wp-json\/wp\/v2\/tags?post=127146"}],"curies":[{"name":"wp","href":"https:\/\/api.w.org\/{rel}","templated":true}]}}