{"id":127150,"date":"2025-05-25T14:43:09","date_gmt":"2025-05-25T14:43:09","guid":{"rendered":"https:\/\/www.europesays.com\/fr\/127150\/"},"modified":"2025-05-25T14:43:09","modified_gmt":"2025-05-25T14:43:09","slug":"la-ville-de-nice-sera-t-elle-la-grande-gagnante-dun-concours-horticole-europeen","status":"publish","type":"post","link":"https:\/\/www.europesays.com\/fr\/127150\/","title":{"rendered":"La ville de Nice sera-t-elle la grande gagnante d\u2019un concours horticole europ\u00e9en?"},"content":{"rendered":"<p>Nice repr\u00e9sentera la France cette ann\u00e9e au concours international Entente Florale Europe(1). Cr\u00e9\u00e9 en 1975, il r\u00e9compense chaque ann\u00e9e les communes les plus exemplaires de onze pays europ\u00e9ens en mati\u00e8re de fleurissement, de qualit\u00e9 environnementale du cadre de vie et de d\u00e9veloppement durable. La capitale azur\u00e9enne a \u00e9t\u00e9 s\u00e9lectionn\u00e9e par le Conseil national des villes et villages fleuris. Autre commune fran\u00e7aise, parmi les candidats: Nantes.<\/p>\n<p>Dans un communiqu\u00e9 publi\u00e9 lundi 19 mai, la Ville met en avant les actions men\u00e9es depuis 2008: cr\u00e9ation de trames vertes, renaturation d\u2019espaces et <a href=\"https:\/\/www.nicematin.com\/environnement\/la-ville-de-nice-souhaite-un-arbre-par-habitant-en-2026-801638\" rel=\"nofollow noopener\" target=\"_blank\">politique de plantation d\u2019un arbre par habitant<\/a>.<\/p>\n<p>Une politique qui lui a valu des distinctions nationales, comme le Grand prix du jury des Victoires du paysage en 2014 pour la promenade du Paillon ou le Troph\u00e9e d\u2019argent du Cadre de vie, l\u2019ann\u00e9e suivante.<\/p>\n<p>Les \u00ab\u00a04 fleurs\u00a0\u00bb, distinction supr\u00eame du label Villes et villages fleuris, sont renouvel\u00e9es chaque ann\u00e9e depuis 1975.<\/p>\n<p>1. La date du concours n\u2019est pas encore connue.<\/p>\n","protected":false},"excerpt":{"rendered":"Nice repr\u00e9sentera la France cette ann\u00e9e au concours international Entente Florale Europe(1). Cr\u00e9\u00e9 en 1975, il r\u00e9compense chaque&hellip;\n","protected":false},"author":2,"featured_media":127151,"comment_status":"","ping_status":"","sticky":false,"template":"","format":"standard","meta":{"footnotes":""},"categories":[2819],"tags":[1111,11,436,1777,674,1011,27,12,2401,882,25,3366],"class_list":{"0":"post-127150","1":"post","2":"type-post","3":"status-publish","4":"format-standard","5":"has-post-thumbnail","7":"category-nice","8":"tag-actu","9":"tag-actualites","10":"tag-environnement","11":"tag-eu","12":"tag-europe","13":"tag-fr","14":"tag-france","15":"tag-news","16":"tag-nice","17":"tag-provence-alpes-cote-dazur","18":"tag-republique-francaise","19":"tag-vie-locale"},"share_on_mastodon":{"url":"https:\/\/pubeurope.com\/@fr\/114569006510467309","error":""},"_links":{"self":[{"href":"https:\/\/www.europesays.com\/fr\/wp-json\/wp\/v2\/posts\/127150","targetHints":{"allow":["GET"]}}],"collection":[{"href":"https:\/\/www.europesays.com\/fr\/wp-json\/wp\/v2\/posts"}],"about":[{"href":"https:\/\/www.europesays.com\/fr\/wp-json\/wp\/v2\/types\/post"}],"author":[{"embeddable":true,"href":"https:\/\/www.europesays.com\/fr\/wp-json\/wp\/v2\/users\/2"}],"replies":[{"embeddable":true,"href":"https:\/\/www.europesays.com\/fr\/wp-json\/wp\/v2\/comments?post=127150"}],"version-history":[{"count":0,"href":"https:\/\/www.europesays.com\/fr\/wp-json\/wp\/v2\/posts\/127150\/revisions"}],"wp:featuredmedia":[{"embeddable":true,"href":"https:\/\/www.europesays.com\/fr\/wp-json\/wp\/v2\/media\/127151"}],"wp:attachment":[{"href":"https:\/\/www.europesays.com\/fr\/wp-json\/wp\/v2\/media?parent=127150"}],"wp:term":[{"taxonomy":"category","embeddable":true,"href":"https:\/\/www.europesays.com\/fr\/wp-json\/wp\/v2\/categories?post=127150"},{"taxonomy":"post_tag","embeddable":true,"href":"https:\/\/www.europesays.com\/fr\/wp-json\/wp\/v2\/tags?post=127150"}],"curies":[{"name":"wp","href":"https:\/\/api.w.org\/{rel}","templated":true}]}}