{"id":12716,"date":"2025-04-09T13:24:11","date_gmt":"2025-04-09T13:24:11","guid":{"rendered":"https:\/\/www.europesays.com\/fr\/12716\/"},"modified":"2025-04-09T13:24:11","modified_gmt":"2025-04-09T13:24:11","slug":"bientot-une-rue-au-nom-de-lacteur-dans-le-3e-arrondissement-de-paris","status":"publish","type":"post","link":"https:\/\/www.europesays.com\/fr\/12716\/","title":{"rendered":"bient\u00f4t une rue au nom de l&rsquo;acteur dans le 3e arrondissement de Paris"},"content":{"rendered":"<p>            Par<br \/>\n        <strong><br \/>\n            <a href=\"https:\/\/actu.fr\/auteur\/redaction-paris\" title=\"Consulter tous les articles de R\u00e9daction Paris\" target=\"_blank\" rel=\"noopener\">R\u00e9daction Paris<\/a><br \/>\n        <\/strong><\/p>\n<p>        Publi\u00e9 le<\/p>\n<p>            9 avr. 2025 \u00e0 8h12        <\/p>\n<p>Sa disparition brutale a laiss\u00e9 un grand vide. Six mois apr\u00e8s la mort de <strong><a href=\"https:\/\/actu.fr\/tag\/michel-blanc\" target=\"_blank\" rel=\"noopener\">Michel Blanc<\/a><\/strong>, le 3\u00a0octobre 2024, le Conseil de Paris, qui se r\u00e9unit du mardi\u00a08 au vendredi 11\u00a0avril 2025, s\u2019appr\u00eate \u00e0 voter en faveur de la <strong>d\u00e9nomination d\u2019une rue en son honneur<\/strong>. La d\u00e9lib\u00e9ration pr\u00e9voit de lui attribuer la portion d\u2019une rue au c\u0153ur du <a href=\"https:\/\/actu.fr\/tag\/le-marais\" target=\"_blank\" rel=\"noopener\">Marais<\/a> (3e arrondissement) \u00e0 Paris.<\/p>\n<p>Les riverains vont changer d\u2019adresse<\/p>\n<p class=\" wall-content\">L\u2019emplacement pr\u00e9cis se situe au niveau de<strong> l\u2019actuelle rue du Parc Royal,<\/strong> entre la rue de Turenne et la rue Madame de S\u00e9vign\u00e9 \u00e0 deux pas de Ma Bourgogne, <a href=\"https:\/\/actu.fr\/ile-de-france\/paris_75056\/l-un-des-chouchous-du-restaurant-a-paris-la-brasserie-preferee-de-michel-blanc-pleure-l-acteur_61694030.html\" target=\"_blank\" rel=\"noopener\">la brasserie pr\u00e9f\u00e9r\u00e9e de l\u2019acteur.<\/a> Les riverains auront alors une nouvelle adresse. Cette d\u00e9nomination serait une d\u00e9rogation \u00e0 la r\u00e8gle qui pr\u00e9voit que le nom d\u2019une personnalit\u00e9 ne peut \u00eatre attribu\u00e9 \u00e0 une voie publique que cinq ans au plus t\u00f4t apr\u00e8s son d\u00e9c\u00e8s.<\/p>\n<p class=\" wall-content\">Michel Blanc est mort le 3\u00a0octobre 2024 \u00e0 l\u2019\u00e2ge de 72\u00a0ans, des suites d\u2019un malaise cardiaque. N\u00e9 dans les Hauts-de-Seine, il marque la sc\u00e8ne parisienne avec <a href=\"https:\/\/actu.fr\/ile-de-france\/paris_75056\/mort-de-michel-blanc-a-paris-la-troupe-du-splendid-rend-un-vibrant-hommage-a-son-ami-et-compagnon_61690380.html\" target=\"_blank\" rel=\"noopener\">sa troupe du Splendid<\/a>, fond\u00e9e avec G\u00e9rard Jugnot, Christian Clavier et Thierry Lhermitte. Il est inhum\u00e9 au P\u00e8re-Lachaise.<\/p>\n<p class=\" wall-content\">Suivez toute l\u2019actualit\u00e9 de vos villes et m\u00e9dias favoris en vous inscrivant \u00e0 <a href=\"https:\/\/moncompte.actu.fr\" title=\"D\u00e9couvez Mon Actu\" rel=\"nofollow noopener\" data-trk=\"{&quot;cta&quot;:{&quot;action&quot;:&quot;https:\\\/\\\/moncompte.actu.fr&quot;,&quot;category&quot;:&quot;mon compte&quot;,&quot;from&quot;:&quot;article footer&quot;,&quot;name&quot;:&quot;Mon actu&quot;,&quot;type&quot;:&quot;cta&quot;}}\" target=\"_blank\">Mon Actu<\/a>.<\/p>\n","protected":false},"excerpt":{"rendered":"Par R\u00e9daction Paris Publi\u00e9 le 9 avr. 2025 \u00e0 8h12 Sa disparition brutale a laiss\u00e9 un grand vide.&hellip;\n","protected":false},"author":2,"featured_media":12717,"comment_status":"","ping_status":"","sticky":false,"template":"","format":"standard","meta":{"footnotes":""},"categories":[1888],"tags":[11,1777,674,1011,27,3970,12,626,25,104],"class_list":{"0":"post-12716","1":"post","2":"type-post","3":"status-publish","4":"format-standard","5":"has-post-thumbnail","7":"category-paris","8":"tag-actualites","9":"tag-eu","10":"tag-europe","11":"tag-fr","12":"tag-france","13":"tag-michel-blanc","14":"tag-news","15":"tag-paris","16":"tag-republique-francaise","17":"tag-societe"},"share_on_mastodon":{"url":"https:\/\/pubeurope.com\/@fr\/114308229845913370","error":""},"_links":{"self":[{"href":"https:\/\/www.europesays.com\/fr\/wp-json\/wp\/v2\/posts\/12716","targetHints":{"allow":["GET"]}}],"collection":[{"href":"https:\/\/www.europesays.com\/fr\/wp-json\/wp\/v2\/posts"}],"about":[{"href":"https:\/\/www.europesays.com\/fr\/wp-json\/wp\/v2\/types\/post"}],"author":[{"embeddable":true,"href":"https:\/\/www.europesays.com\/fr\/wp-json\/wp\/v2\/users\/2"}],"replies":[{"embeddable":true,"href":"https:\/\/www.europesays.com\/fr\/wp-json\/wp\/v2\/comments?post=12716"}],"version-history":[{"count":0,"href":"https:\/\/www.europesays.com\/fr\/wp-json\/wp\/v2\/posts\/12716\/revisions"}],"wp:featuredmedia":[{"embeddable":true,"href":"https:\/\/www.europesays.com\/fr\/wp-json\/wp\/v2\/media\/12717"}],"wp:attachment":[{"href":"https:\/\/www.europesays.com\/fr\/wp-json\/wp\/v2\/media?parent=12716"}],"wp:term":[{"taxonomy":"category","embeddable":true,"href":"https:\/\/www.europesays.com\/fr\/wp-json\/wp\/v2\/categories?post=12716"},{"taxonomy":"post_tag","embeddable":true,"href":"https:\/\/www.europesays.com\/fr\/wp-json\/wp\/v2\/tags?post=12716"}],"curies":[{"name":"wp","href":"https:\/\/api.w.org\/{rel}","templated":true}]}}