{"id":127160,"date":"2025-05-25T14:49:11","date_gmt":"2025-05-25T14:49:11","guid":{"rendered":"https:\/\/www.europesays.com\/fr\/127160\/"},"modified":"2025-05-25T14:49:11","modified_gmt":"2025-05-25T14:49:11","slug":"les-bonnes-adresses-de-sandrine-rossignol-directrice-de-la-federation-des-commercants-a-toulouse","status":"publish","type":"post","link":"https:\/\/www.europesays.com\/fr\/127160\/","title":{"rendered":"Les bonnes adresses de Sandrine Rossignol, directrice de la f\u00e9d\u00e9ration des commer\u00e7ants \u00e0 Toulouse"},"content":{"rendered":"<p>            Par<br \/>\n        <strong><br \/>\n            <a href=\"https:\/\/actu.fr\/auteur\/lea-afonso\" title=\"Consulter tous les articles de L\u00e9a Afonso\" rel=\"nofollow noopener\" target=\"_blank\">L\u00e9a Afonso<\/a><br \/>\n        <\/strong><\/p>\n<p>        Publi\u00e9 le<\/p>\n<p>            25 mai 2025 \u00e0 16h18        <\/p>\n<p>C\u2019est une fine connaisseuse de <a href=\"https:\/\/actu.fr\/toulouse\/\" rel=\"nofollow noopener\" target=\"_blank\">Toulouse<\/a>. Arriv\u00e9e en tant que <strong>directrice<\/strong> de la<a href=\"https:\/\/www.fede-toulouse.fr\/\" rel=\"nofollow noopener\" target=\"_blank\"> f\u00e9d\u00e9ration des associations de commer\u00e7ants, artisans et professionnels<\/a> en d\u00e9cembre\u00a02023, <strong>Sandrine Rossignol<\/strong> travaille chaque jour aupr\u00e8s de ceux qui font vivre la ville. Voici ses bonnes adresses.<\/p>\n<p>Un parcours dans le commerce<\/p>\n<p class=\" wall-content\">Pass\u00e9e par le<strong> lyc\u00e9e toulousain du Caousou<\/strong>, Sandrine s\u2019est tr\u00e8s vite dirig\u00e9e vers un parcours en \u00e9cole de commerce, au sein de la \u2014 bien connue \u2014 \u00ab\u2009Toulouse Business School\u2009\u00bb. En tant qu\u2019\u00e9tudiante, elle s\u2019envole en parall\u00e8le pour les \u00c9tats-Unis, direction l\u2019universit\u00e9 du Minnesota pour \u00e9tudier durant un an le management.<\/p>\n<p class=\" wall-content\">Un parcours international qui lui a permis de travailler durant quelques ann\u00e9es \u00e0 New York, Miami ou encore Los Angeles. Rentr\u00e9e en France, elle s\u2019installe dans le sud est, puis revient \u00e0 Toulouse en 2015.\u00a0<\/p>\n<p>Au service des commer\u00e7ants<\/p>\n<p class=\" wall-content\">Apr\u00e8s quelques postes en tant que manager, en d\u00e9cembre 2023, Sandrine succ\u00e8de en tant que directrice de la f\u00e9d\u00e9ration, \u00e0 Guillaume Duval, d\u00e9sormais pass\u00e9 pr\u00e9sident. \u00c7a a \u00e9t\u00e9 un travail de long all\u00e8ne pour trouver celle qui allait reprendre le flambeau.\u00a0<\/p>\n<p class=\" wall-content\">Parce qu\u2019\u00e0 la f\u00e9d\u00e9ration des commer\u00e7ants, le travail n\u2019est pas toujours simple\u2026 il faut avoir les \u00e9paules pour l\u2019endurer ! \u00ab\u00a0Chaque jour, on travaille sur les <strong>probl\u00e9matiques<\/strong> des <strong>commer\u00e7ants<\/strong>, on <strong>rencontre des \u00e9lus<\/strong>, on cherche <strong>comment dynamiser le centre-ville<\/strong>\u2026 Il faut \u00eatre innovant, parler aux jeunes et comprendre ce que les professionnels nous disent\u00a0\u00bb, explique-t-elle. Tous ces efforts pour parvenir \u00e0 ce que le commerce de la Ville rose se porte au mieux.\u00a0<\/p>\n<p>Les \u00e9v\u00e9nements au c\u0153ur de la F\u00e9d\u00e9\u00a0<\/p>\n<p class=\" wall-content\">Autre point important du travail de Sandrine et de la f\u00e9d\u00e9ration en g\u00e9n\u00e9ral, \u00ab\u00a0ce sont les \u00e9v\u00e8nements que nous organisons. Que ce soit <a href=\"https:\/\/actu.fr\/occitanie\/toulouse_31555\/gastronomie-un-jury-de-professionnels-va-recompenser-la-meilleure-saucisse-de-toulouse_53460989.html\" rel=\"nofollow noopener\" target=\"_blank\">l\u2019\u00e9lection de la meilleure saucisse de Toulouse<\/a>, la<a href=\"https:\/\/actu.fr\/occitanie\/toulouse_31555\/toulouse-commerces-horaires-rues-coupees-tout-savoir-sur-la-grande-braderie_61559261.html#:~:text=La%20Grande%20Braderie%20revient%20pour,ce%20qu&#039;il%20faut%20savoir.&amp;text=C&#039;est%20parti%20pour%20la%20Grande%20Braderie%20de%20Toulouse%20!\" rel=\"nofollow noopener\" target=\"_blank\"> grande braderie,<\/a> ou tr\u00e8s prochainement la <a href=\"https:\/\/actu.fr\/occitanie\/toulouse_31555\/toulouse-shopping-concerts-animations-trois-jours-de-fete-en-centre-ville_61038240.html\" rel=\"nofollow noopener\" target=\"_blank\">deuxi\u00e8me \u00e9dition de Toulouse commerce en f\u00eate<\/a>\u00ab\u00a0, des moments de travail intense pour continuer de porter l\u2019action sur Toulouse.\u00a0<\/p>\n<p>Vid\u00e9os : en ce moment sur ActuDes d\u00e9fis quotidiens\u00a0<\/p>\n<p class=\" wall-content\">Souvent sur le terrain, \u00ab\u00a0je vais \u00e0 la rencontre des commer\u00e7ants et je discute avec eux\u00a0\u00bb. Des moments n\u00e9cessaires pour appr\u00e9hender le centre-ville et mener ensuite des actions comme il y a peu avec<a href=\"https:\/\/actu.fr\/occitanie\/toulouse_31555\/toulouse-ils-perturbaient-l-activite-commerciale-des-sdf-deloges-en-plein-centre-ville_62506519.html\" rel=\"nofollow noopener\" target=\"_blank\"> le d\u00e9mant\u00e8lement d\u2019un squat rue Saint-Rome<\/a>.\u00a0<\/p>\n<p class=\" wall-content\">Toutes ces interventions permettent \u00e0 Sandrine de connaitre la ville comme sa poche !<\/p>\n<p>Ses bonnes adresses<\/p>\n<p class=\" wall-content\">Voici les bonnes adresses de Sandrine Rossignol \u00e0 Toulouse\u2009:<\/p>\n<p>Un restaurant\u2009: Aiko<\/p>\n<p class=\" wall-content\">\u00ab\u2009C\u2019est un petit restaurant bistronomique Japonais que j\u2019adore. \u00c0 chaque fois que j\u2019y am\u00e8ne quelqu\u2019un, on me r\u00e9pond \u2018mais c\u2019est extraordinaire\u2019. Tout est fait maison. De l\u2019entr\u00e9e au dessert, c\u2019est super sympa\u2009\u00bb.<\/p>\n<p>Une place\u2009: Saint-Georges<br \/>\n    <img   decoding=\"async\" loading=\"lazy\" src=\"https:\/\/www.europesays.com\/fr\/wp-content\/uploads\/2025\/05\/place-saint-georges-toulouse-960x640-1-960x640.jpg\" alt=\"Une place qui lui rapelle sa jeunesse&#10;\" width=\"960\" height=\"640\"\/><br \/>\n    Une place qui lui rappelle sa jeunesse (\u00a9Marie Lamarque \/ Actu Toulouse)<\/p>\n<p class=\" wall-content\">\u00ab\u2009Ce n\u2019est pas le lieu le plus recherch\u00e9, mais \u00e7a me rappelle tellement de souvenir de quand j\u2019\u00e9tais jeune. J\u2019allais prendre des caf\u00e9s au bar le Coup de Bambou \u2014 qui a rouvert l\u2019\u00e9t\u00e9 dernier apr\u00e8s son rachat par un nouveau groupe \u2014. On \u00e9tait tous l\u00e0-bas \u00e0 l\u2019\u00e9poque\u2009\u00bb.<\/p>\n<p>Un jardin\u2009: le Jardin des plantes<\/p>\n<p class=\" wall-content\">\u00ab\u2009Ce jardin en particulier pour les gaufres et les cr\u00eapes au Nutella du petit kiosque. J\u2019y amenais ma fille quand elle \u00e9tait petite puis on allait jouer sur les balan\u00e7oires en forme de bateaux. On se mettait dessus et on poussait fort pour aller haut\u2009! C\u2019est un endroit o\u00f9 tu retombes imm\u00e9diatement en enfance\u2009\u00bb.<\/p>\n<p>Une rue\u2009: la Grande rue Saint-Michel<br \/>\n    <img   decoding=\"async\" loading=\"lazy\" src=\"https:\/\/www.europesays.com\/fr\/wp-content\/uploads\/2025\/05\/img-1456-960x640.jpg\" alt=\"Une rue trop souvent associ\u00e9e aux travaux \" width=\"960\" height=\"640\"\/><br \/>\n    Une rue trop souvent associ\u00e9e aux travaux (\u00a9L\u00e9a Afonso \/ Actu Toulouse)<\/p>\n<p class=\" wall-content\">\u00ab\u2009On associe beaucoup cette rue aux travaux, alors qu\u2019il y a tellement de commer\u00e7ants bienveillants et gentils tout du long de cette rue. Elle est tr\u00e8s cosmopolite. C\u2019est un endroit o\u00f9 je n\u2019allais pas souvent, mais nous avons cr\u00e9\u00e9 une association de commer\u00e7ants, il n\u2019y a pas longtemps. J\u2019ai \u00e9t\u00e9 bluff\u00e9 par ces gens, leur gentillesse, la qualit\u00e9 des produits qu\u2019ils vendent\u2026\u2009\u00bb<\/p>\n<p class=\" wall-content\">Suivez toute l\u2019actualit\u00e9 de vos villes et m\u00e9dias favoris en vous inscrivant \u00e0 <a href=\"https:\/\/moncompte.actu.fr\" title=\"D\u00e9couvez Mon Actu\" rel=\"nofollow noopener\" data-trk=\"{&quot;cta&quot;:{&quot;action&quot;:&quot;https:\\\/\\\/moncompte.actu.fr&quot;,&quot;category&quot;:&quot;mon compte&quot;,&quot;from&quot;:&quot;article footer&quot;,&quot;name&quot;:&quot;Mon actu&quot;,&quot;type&quot;:&quot;cta&quot;}}\" target=\"_blank\">Mon Actu<\/a>.<\/p>\n","protected":false},"excerpt":{"rendered":"Par L\u00e9a Afonso Publi\u00e9 le 25 mai 2025 \u00e0 16h18 C\u2019est une fine connaisseuse de Toulouse. Arriv\u00e9e en&hellip;\n","protected":false},"author":2,"featured_media":127161,"comment_status":"","ping_status":"","sticky":false,"template":"","format":"standard","meta":{"footnotes":""},"categories":[2816],"tags":[1111,11,1777,674,1011,27,1652,12,2680,25,1341,2312],"class_list":{"0":"post-127160","1":"post","2":"type-post","3":"status-publish","4":"format-standard","5":"has-post-thumbnail","7":"category-toulouse","8":"tag-actu","9":"tag-actualites","10":"tag-eu","11":"tag-europe","12":"tag-fr","13":"tag-france","14":"tag-loisirs-culture","15":"tag-news","16":"tag-occitanie","17":"tag-republique-francaise","18":"tag-sortir-a-toulouse","19":"tag-toulouse"},"share_on_mastodon":{"url":"https:\/\/pubeurope.com\/@fr\/114569030182711278","error":""},"_links":{"self":[{"href":"https:\/\/www.europesays.com\/fr\/wp-json\/wp\/v2\/posts\/127160","targetHints":{"allow":["GET"]}}],"collection":[{"href":"https:\/\/www.europesays.com\/fr\/wp-json\/wp\/v2\/posts"}],"about":[{"href":"https:\/\/www.europesays.com\/fr\/wp-json\/wp\/v2\/types\/post"}],"author":[{"embeddable":true,"href":"https:\/\/www.europesays.com\/fr\/wp-json\/wp\/v2\/users\/2"}],"replies":[{"embeddable":true,"href":"https:\/\/www.europesays.com\/fr\/wp-json\/wp\/v2\/comments?post=127160"}],"version-history":[{"count":0,"href":"https:\/\/www.europesays.com\/fr\/wp-json\/wp\/v2\/posts\/127160\/revisions"}],"wp:featuredmedia":[{"embeddable":true,"href":"https:\/\/www.europesays.com\/fr\/wp-json\/wp\/v2\/media\/127161"}],"wp:attachment":[{"href":"https:\/\/www.europesays.com\/fr\/wp-json\/wp\/v2\/media?parent=127160"}],"wp:term":[{"taxonomy":"category","embeddable":true,"href":"https:\/\/www.europesays.com\/fr\/wp-json\/wp\/v2\/categories?post=127160"},{"taxonomy":"post_tag","embeddable":true,"href":"https:\/\/www.europesays.com\/fr\/wp-json\/wp\/v2\/tags?post=127160"}],"curies":[{"name":"wp","href":"https:\/\/api.w.org\/{rel}","templated":true}]}}