{"id":127164,"date":"2025-05-25T14:52:09","date_gmt":"2025-05-25T14:52:09","guid":{"rendered":"https:\/\/www.europesays.com\/fr\/127164\/"},"modified":"2025-05-25T14:52:09","modified_gmt":"2025-05-25T14:52:09","slug":"une-enquete-lancee-sur-les-routes-des-bouchons-et-ralentissements-en-prevision","status":"publish","type":"post","link":"https:\/\/www.europesays.com\/fr\/127164\/","title":{"rendered":"une enqu\u00eate lanc\u00e9e sur les routes, des bouchons et ralentissements en pr\u00e9vision"},"content":{"rendered":"<p>            Par<br \/>\n        <strong><br \/>\n            <a href=\"https:\/\/actu.fr\/auteur\/nicolas-demollien\" title=\"Consulter tous les articles de Nicolas Demollien\" rel=\"nofollow noopener\" target=\"_blank\">Nicolas Demollien<\/a><br \/>\n        <\/strong><\/p>\n<p>        Publi\u00e9 le<\/p>\n<p>            25 mai 2025 \u00e0 16h46        <\/p>\n<p>\u00ab\u00a0Malgr\u00e9 l\u2019organisation mise au point et la dur\u00e9e tr\u00e8s courte du questionnaire, des <b>ralentissements localis\u00e9s et ponctuels pourraient survenir<\/b>\u00ab\u00a0. La pr\u00e9fecture des <a href=\"https:\/\/actu.fr\/hauts-de-france\/\" rel=\"nofollow noopener\" target=\"_blank\">Hauts-de-France<\/a> a lanc\u00e9 une <b>enqu\u00eate de grande envergure<\/b> dans les agglom\u00e9rations de <a href=\"https:\/\/actu.fr\/hauts-de-france\/lille_59350\" rel=\"nofollow noopener\" target=\"_blank\">Lille<\/a>, <a href=\"https:\/\/actu.fr\/hauts-de-france\/lens_62498\" rel=\"nofollow noopener\" target=\"_blank\">Lens<\/a> et <a href=\"https:\/\/actu.fr\/hauts-de-france\/bethune_62119\" rel=\"nofollow noopener\" target=\"_blank\">B\u00e9thune<\/a>. Elle repose sur la collaboration des<b> automobilistes,<\/b> ce qui pourrait bien <b>perturber<\/b> la <a href=\"https:\/\/actu.fr\/tag\/circulation\" rel=\"nofollow noopener\" target=\"_blank\">circulation<\/a>. Et ce jusqu\u2019\u00e0 fin novembre 2025.<\/p>\n<p>C\u2019est quoi cette enqu\u00eate \u00e0 Lille, Lens et B\u00e9thune qui perturbe la circulation ?<\/p>\n<p class=\" wall-content\">C\u2019est l\u2019\u00c9tat qui organise cette enqu\u00eate dans les Hauts-de-France, relative aux d\u00e9placements autour des agglom\u00e9rations de Lille, Lens et B\u00e9thune, \u00ab\u00a0afin de <b>conna\u00eetre les usages et les besoins en mati\u00e8re de mobilit\u00e9<\/b>\u00a0\u00bb selon la pr\u00e9fecture.<\/p>\n<p data-end=\"697\" class=\" wall-content\">L\u2019enqu\u00eate, d\u00e9ploy\u00e9e depuis mars 2023 en partenariat avec les collectivit\u00e9s territoriales et autorit\u00e9s organisatrices de la mobilit\u00e9, \u00ab\u00a0permettra de donner une photographie pr\u00e9cise de la mobilit\u00e9 routi\u00e8re entrante et sortante du territoire, et de savoir qui se d\u00e9place, o\u00f9, quand, comment et pourquoi\u00a0\u00bb. Une enqu\u00eate similaire avait \u00e9t\u00e9 r\u00e9alis\u00e9e en 2007.<\/p>\n<p data-end=\"1643\" class=\" wall-content\">Les trois premi\u00e8res phases de recueil terrain de l\u2019enqu\u00eate, qui se sont d\u00e9roul\u00e9es en 2023 et 2024, ont permis de rencontrer plus de 100 000 usagers de la route sur 116 sens de circulation. La quatri\u00e8me et derni\u00e8re phase de recueil terrain a lieu du 29 avril 2025 au 28 novembre 2025 et comprend des postes d\u2019enqu\u00eate r\u00e9partis autour des agglom\u00e9rations de Lille et de Lens, <b>y compris sur des axes structurants et \u00e0 fort trafic<\/b>.<\/p>\n<p data-end=\"2148\" class=\" wall-content\">\u00ab\u00a0L\u2019enqu\u00eate se d\u00e9roule de la m\u00eame mani\u00e8re que lors des phases pr\u00e9c\u00e9dentes : les donn\u00e9es sont recueillies de fa\u00e7on totalement anonyme et conform\u00e9ment \u00e0 une m\u00e9thodologie fiable et rigoureuse. La m\u00e9thode consiste \u00e0 arr\u00eater un \u00e9chantillon de v\u00e9hicules en diff\u00e9rents points du r\u00e9seau et \u00e0 questionner pendant un temps tr\u00e8s court le conducteur, professionnel ou particulier, pour recueillir les informations souhait\u00e9es, qui s\u2019ajoutent \u00e0 celles que l\u2019enqu\u00eateur peut relever directement par sa propre observation\u00a0\u00bb, \u00e9taye encore la pr\u00e9fecture.<\/p>\n<p>Vid\u00e9os : en ce moment sur Actu<\/p>\n<p data-end=\"2538\" class=\" wall-content\">Chaque poste d\u2019enqu\u00eate n\u2019est interrog\u00e9 qu\u2019une fois au cours d\u2019une journ\u00e9e compl\u00e8te. Lors de cette quatri\u00e8me phase, <b>43 sens de circulation seront enqu\u00eat\u00e9s, r\u00e9partis sur 25 jours<\/b>. Pour \u00e9viter les reports de circulation risquant de fausser les r\u00e9sultats de l\u2019enqu\u00eate, la localisation pr\u00e9cise de ces postes et le jour de r\u00e9alisation du poste d\u2019enqu\u00eate ne seront pas communiqu\u00e9s pr\u00e9alablement.<\/p>\n<p data-end=\"2880\" class=\" wall-content\">Le <b>questionnaire d\u2019enqu\u00eate durera moins d\u2019une minute<\/b> et \u00ab\u00a0l\u2019ensemble du dispositif a \u00e9t\u00e9 construit conjointement avec les gestionnaires routiers et les forces de l\u2019ordre pour ne pas entraver la circulation sur les postes d\u2019enqu\u00eate\u00a0\u00bb.<\/p>\n<p data-end=\"3305\" class=\" wall-content\">Malgr\u00e9 tout, \u00ab\u00a0des ralentissements localis\u00e9s et ponctuels pourraient survenir\u00a0\u00bb, pr\u00e9vient la pr\u00e9fecture.<\/p>\n<p class=\" wall-content\">Suivez toute l\u2019actualit\u00e9 de vos villes et m\u00e9dias favoris en vous inscrivant \u00e0 <a href=\"https:\/\/moncompte.actu.fr\" title=\"D\u00e9couvez Mon Actu\" rel=\"nofollow noopener\" data-trk=\"{&quot;cta&quot;:{&quot;action&quot;:&quot;https:\\\/\\\/moncompte.actu.fr&quot;,&quot;category&quot;:&quot;mon compte&quot;,&quot;from&quot;:&quot;article footer&quot;,&quot;name&quot;:&quot;Mon actu&quot;,&quot;type&quot;:&quot;cta&quot;}}\" target=\"_blank\">Mon Actu<\/a>.<\/p>\n","protected":false},"excerpt":{"rendered":"Par Nicolas Demollien Publi\u00e9 le 25 mai 2025 \u00e0 16h46 \u00ab\u00a0Malgr\u00e9 l\u2019organisation mise au point et la dur\u00e9e&hellip;\n","protected":false},"author":2,"featured_media":127165,"comment_status":"","ping_status":"","sticky":false,"template":"","format":"standard","meta":{"footnotes":""},"categories":[2815],"tags":[1111,11,3542,1777,674,1011,27,811,1307,12,25,104],"class_list":{"0":"post-127164","1":"post","2":"type-post","3":"status-publish","4":"format-standard","5":"has-post-thumbnail","7":"category-lille","8":"tag-actu","9":"tag-actualites","10":"tag-circulation","11":"tag-eu","12":"tag-europe","13":"tag-fr","14":"tag-france","15":"tag-hauts-de-france","16":"tag-lille","17":"tag-news","18":"tag-republique-francaise","19":"tag-societe"},"share_on_mastodon":{"url":"https:\/\/pubeurope.com\/@fr\/114569042304181023","error":""},"_links":{"self":[{"href":"https:\/\/www.europesays.com\/fr\/wp-json\/wp\/v2\/posts\/127164","targetHints":{"allow":["GET"]}}],"collection":[{"href":"https:\/\/www.europesays.com\/fr\/wp-json\/wp\/v2\/posts"}],"about":[{"href":"https:\/\/www.europesays.com\/fr\/wp-json\/wp\/v2\/types\/post"}],"author":[{"embeddable":true,"href":"https:\/\/www.europesays.com\/fr\/wp-json\/wp\/v2\/users\/2"}],"replies":[{"embeddable":true,"href":"https:\/\/www.europesays.com\/fr\/wp-json\/wp\/v2\/comments?post=127164"}],"version-history":[{"count":0,"href":"https:\/\/www.europesays.com\/fr\/wp-json\/wp\/v2\/posts\/127164\/revisions"}],"wp:featuredmedia":[{"embeddable":true,"href":"https:\/\/www.europesays.com\/fr\/wp-json\/wp\/v2\/media\/127165"}],"wp:attachment":[{"href":"https:\/\/www.europesays.com\/fr\/wp-json\/wp\/v2\/media?parent=127164"}],"wp:term":[{"taxonomy":"category","embeddable":true,"href":"https:\/\/www.europesays.com\/fr\/wp-json\/wp\/v2\/categories?post=127164"},{"taxonomy":"post_tag","embeddable":true,"href":"https:\/\/www.europesays.com\/fr\/wp-json\/wp\/v2\/tags?post=127164"}],"curies":[{"name":"wp","href":"https:\/\/api.w.org\/{rel}","templated":true}]}}