{"id":127170,"date":"2025-05-25T14:55:08","date_gmt":"2025-05-25T14:55:08","guid":{"rendered":"https:\/\/www.europesays.com\/fr\/127170\/"},"modified":"2025-05-25T14:55:08","modified_gmt":"2025-05-25T14:55:08","slug":"le-megothon-2025-a-lyon-a-mobilise-les-benevoles-sur-les-quais-du-rhone","status":"publish","type":"post","link":"https:\/\/www.europesays.com\/fr\/127170\/","title":{"rendered":"Le M\u00e9gothon 2025 \u00e0 Lyon a mobilis\u00e9 les b\u00e9n\u00e9voles sur les quais du Rh\u00f4ne"},"content":{"rendered":"<p>Malgr\u00e9 une participation en baisse, les volontaires de l&rsquo;association Wings of the Ocean et simples sympathisants se sont activ\u00e9s dimanche 25 mai pour ramasser un maximum de m\u00e9gots sur le quai Victor Augagneur \u00e0 Lyon ainsi que sur les quais voisins.<\/p>\n<p>Le <b><a class=\"url\" href=\"https:\/\/app.trash-spotter.green\/trash-event\/3359\" target=\"_blank\" rel=\"noopener\">M\u00e9gothon<\/a><\/b>, grand \u00e9v\u00e9nement national de ramassage de m\u00e9gots, s&rsquo;est tenu dimanche 25 mai sur les<b> quais du Rh\u00f4ne<\/b> \u00e0 <b>Lyon<\/b>.\u00a0<\/p>\n<p>Pendant une partie de l&rsquo;apr\u00e8s-midi, de 14h \u00e0 17h, les b\u00e9n\u00e9voles de l&rsquo;antenne lyonnaise de l&rsquo;association <b>Wings of the Ocean <\/b>se sont retrouv\u00e9s <b>au pied du pont de la Guilloti\u00e8re<\/b> pour participer \u00e0 cette op\u00e9ration de <b>d\u00e9pollution citoyenne.<\/b><\/p>\n<p>\u00c0 l&rsquo;\u00e9chelle nationale, cet \u00e9v\u00e9nement vise \u00e0 mobiliser le plus grand nombre autour de la lutte contre un fl\u00e9au environnemental : <b>le m\u00e9got de cigarette.<\/b> \u00c0 Lyon, c&rsquo;\u00e9tait la troisi\u00e8me \u00e9dition du M\u00e9gothon.<\/p>\n<p>Une participation plus faible, une volont\u00e9 intacte<\/p>\n<p><b>L\u00e9a Leroy<\/b>, cor\u00e9f\u00e9rente de l&rsquo;antenne lyonnaise de Wings of the Ocean, a constat\u00e9 une participation plus timide que les ann\u00e9es pr\u00e9c\u00e9dentes :<\/p>\n<blockquote><p>\u00ab\u00a0C&rsquo;est la troisi\u00e8me \u00e9dition de M\u00e9gothon. On \u00e9tait entre une dizaine et une quinzaine \u00e0 \u00eatre inscrits. C&rsquo;est assez peu par rapport \u00e0 l&rsquo;ann\u00e9e derni\u00e8re mais on a donn\u00e9 notre maximum pour ramasser le plus de m\u00e9gots.\u00a0\u00bb<\/p><\/blockquote>\n<tr>\n<td class=\"defaut\"><a href=\"https:\/\/www.radioscoop.com\/infos\/javascript:void(0)\" onclick=\"parent.RS.diaporama.addMedia(693748) ;\" target=\"_blank\" rel=\"noopener\"><img loading=\"lazy\" decoding=\"async\" src=\"https:\/\/www.europesays.com\/fr\/wp-content\/uploads\/2025\/05\/1748184908_278_img\" width=\"640\" height=\"480\" border=\"0\" title=\"L\u00e9a Leroy, cor\u00e9f\u00e9rente de l'association \u00e0 Lyon, \u00e9tait \u00e9quip\u00e9e pour les b\u00e9n\u00e9voles : gants, pinces, sacs et pes\u00e9e. \u00a9 Radio SCOOP - Tom Bonnard\"\/><\/a><\/td>\n<\/tr>\n<tr\/>\n<p>L&rsquo;objectif, comme toujours, \u00e9tait de <b>sensibiliser les passants \u00e0 la pollution<\/b> caus\u00e9e par les m\u00e9gots, ces petits d\u00e9chets aux lourdes cons\u00e9quences :<\/p>\n<blockquote><p>\u00ab\u00a0Chaque minute dans le monde, huit millions de m\u00e9gots sont jet\u00e9s dans la nature. C&rsquo;est un chiffre \u00e9norme et cette pollution a des r\u00e9percussions et des cons\u00e9quences sur l&rsquo;eau qu&rsquo;on boit, par exemple\u00a0\u00bb, a rappel\u00e9 L\u00e9a Leroy.<\/p><\/blockquote>\n<p>Des milliers de m\u00e9gots ramass\u00e9s chaque ann\u00e9e<\/p>\n<p>L&rsquo;enjeu est de taille : en <b>2023<\/b>, plus de <b>56.950 m\u00e9gots<\/b> avaient \u00e9t\u00e9 collect\u00e9s dans le cadre du M\u00e9gothon, dont <b>32.900 rien qu&rsquo;\u00e0 Lyon.\u00a0<\/b><\/p>\n<p>Et lors du <b>M\u00e9gocup<\/b>, organis\u00e9 en avril dernier, ce sont <b>40.200 m\u00e9gots<\/b> qui avaient \u00e9t\u00e9 ramass\u00e9s.<\/p>\n<p>Pour cette \u00e9dition 2025, malgr\u00e9 une m\u00e9t\u00e9o incertaine et une mobilisation moindre, les participants ont retrouss\u00e9 leurs manches avec une m\u00eame ambition : <b>battre les records de collecte, informer les riverains, et faire progresser la conscience \u00e9cologique.<\/b><\/p>\n<tr>\n<td class=\"defaut\"><a href=\"https:\/\/www.radioscoop.com\/infos\/javascript:void(0)\" onclick=\"parent.RS.diaporama.addMedia(693749) ;\" target=\"_blank\" rel=\"noopener\"><img loading=\"lazy\" decoding=\"async\" src=\"https:\/\/www.europesays.com\/fr\/wp-content\/uploads\/2025\/05\/1748184908_36_img\" width=\"640\" height=\"480\" border=\"0\" title=\"Ad\u00e8le en \u00e9tait d\u00e9j\u00e0 \u00e0 une vingtaine de m\u00e9gots ramass\u00e9s en moins de dix minutes. \u00a9 Radio SCOOP - Tom Bonnard\"\/><\/a><\/td>\n<\/tr>\n<tr\/>\n<p>Une action collective essentielle<\/p>\n<p>L&rsquo;association a fourni le mat\u00e9riel n\u00e9cessaire aux b\u00e9n\u00e9voles : <b>gants, pinces, sacs, pes\u00e9e.<\/b><\/p>\n<p>En cas de mauvais temps, l&rsquo;\u00e9v\u00e9nement pouvait \u00eatre annul\u00e9 la veille, mais les conditions ont finalement permis sa tenue.<\/p>\n<p>Cette action symbolique, mais concr\u00e8te, s&rsquo;inscrit dans une volont\u00e9 plus large :<b> faire reculer durablement la pollution urbaine<\/b> li\u00e9e aux d\u00e9chets de cigarette et<b> encourager une prise de conscience g\u00e9n\u00e9ralis\u00e9e.<\/b><\/p>\n<p><img loading=\"lazy\" decoding=\"async\" src=\"https:\/\/www.europesays.com\/fr\/wp-content\/uploads\/2025\/05\/1748184908_669_img\" width=\"350\" height=\"200\" border=\"0\" title=\"Un panache de fum\u00c3\u00a9e noire dans le ciel \u00c3\u00a0 l'est de Lyon\"\/><\/p>\n<p>\u25baFaits divers<\/p>\n<p style=\"font-size: 22px;\"><b>Pr\u00e8s de Lyon : c&rsquo;\u00e9tait quoi ce panache de fum\u00e9e noire dans le ciel ?<\/b><\/p>\n<p>Samedi apr\u00e8s-midi, un panache de fum\u00e9e noire \u00e9tait&#8230;<\/p>\n<p><\/p>\n","protected":false},"excerpt":{"rendered":"Malgr\u00e9 une participation en baisse, les volontaires de l&rsquo;association Wings of the Ocean et simples sympathisants se sont&hellip;\n","protected":false},"author":2,"featured_media":127171,"comment_status":"","ping_status":"","sticky":false,"template":"","format":"standard","meta":{"footnotes":""},"categories":[1889],"tags":[1111,11,2430,1777,674,1011,27,2428,25069,12,1800,25070,25],"class_list":{"0":"post-127170","1":"post","2":"type-post","3":"status-publish","4":"format-standard","5":"has-post-thumbnail","7":"category-lyon","8":"tag-actu","9":"tag-actualites","10":"tag-auvergne-rhone-alpes","11":"tag-eu","12":"tag-europe","13":"tag-fr","14":"tag-france","15":"tag-lyon","16":"tag-mgothon","17":"tag-news","18":"tag-pollution","19":"tag-quais-du-rhne","20":"tag-republique-francaise"},"share_on_mastodon":{"url":"https:\/\/pubeurope.com\/@fr\/114569053889814183","error":""},"_links":{"self":[{"href":"https:\/\/www.europesays.com\/fr\/wp-json\/wp\/v2\/posts\/127170","targetHints":{"allow":["GET"]}}],"collection":[{"href":"https:\/\/www.europesays.com\/fr\/wp-json\/wp\/v2\/posts"}],"about":[{"href":"https:\/\/www.europesays.com\/fr\/wp-json\/wp\/v2\/types\/post"}],"author":[{"embeddable":true,"href":"https:\/\/www.europesays.com\/fr\/wp-json\/wp\/v2\/users\/2"}],"replies":[{"embeddable":true,"href":"https:\/\/www.europesays.com\/fr\/wp-json\/wp\/v2\/comments?post=127170"}],"version-history":[{"count":0,"href":"https:\/\/www.europesays.com\/fr\/wp-json\/wp\/v2\/posts\/127170\/revisions"}],"wp:featuredmedia":[{"embeddable":true,"href":"https:\/\/www.europesays.com\/fr\/wp-json\/wp\/v2\/media\/127171"}],"wp:attachment":[{"href":"https:\/\/www.europesays.com\/fr\/wp-json\/wp\/v2\/media?parent=127170"}],"wp:term":[{"taxonomy":"category","embeddable":true,"href":"https:\/\/www.europesays.com\/fr\/wp-json\/wp\/v2\/categories?post=127170"},{"taxonomy":"post_tag","embeddable":true,"href":"https:\/\/www.europesays.com\/fr\/wp-json\/wp\/v2\/tags?post=127170"}],"curies":[{"name":"wp","href":"https:\/\/api.w.org\/{rel}","templated":true}]}}