{"id":127176,"date":"2025-05-25T15:00:10","date_gmt":"2025-05-25T15:00:10","guid":{"rendered":"https:\/\/www.europesays.com\/fr\/127176\/"},"modified":"2025-05-25T15:00:10","modified_gmt":"2025-05-25T15:00:10","slug":"rafael-nadal-de-retour-a-paris-pour-faire-ses-adieux","status":"publish","type":"post","link":"https:\/\/www.europesays.com\/fr\/127176\/","title":{"rendered":"Rafael Nadal de retour \u00e0 Paris pour faire ses adieux"},"content":{"rendered":"<p>La terre va trembler une derni\u00e8re fois. Les larmes, \u00e0 coup s\u00fbr, couleront aussi le long des joues des quelques milliers de chanceux spectateurs invit\u00e9s \u00e0 voir une derni\u00e8re fois ce qu\u2019on ne verra plus\u00a0: <a href=\"https:\/\/www.ledauphine.com\/p\/rafael-nadal\" target=\"_blank\" rel=\"nofollow noopener\">Rafael Nadal<\/a>, debout, sur le court Philippe-Chatrier de <a href=\"https:\/\/www.ledauphine.com\/sport\/roland-garros\" target=\"_blank\" rel=\"nofollow noopener\">Roland-Garros<\/a>. Ce dimanche en fin d\u2019apr\u00e8s-midi, le temps d\u2019un <a href=\"https:\/\/www.ledauphine.com\/sport\/2025\/02\/22\/un-grand-moment-roland-garros-prepare-son-hommage-pour-rafael-nadal\" target=\"_blank\" rel=\"nofollow noopener\">hommage souhait\u00e9 \u00ab simple et authentique \u00bb<\/a>, la l\u00e9gende de la terre battue s\u2019appr\u00eate \u00e0 dire adieu aux siens.<\/p>\n<p><a href=\"https:\/\/www.ledauphine.com\/sport\/2024\/11\/19\/nadal-s-incline-face-a-van-de-zandschulp-pour-ce-qui-pourrait-etre-son-ultime-match\" target=\"_blank\" rel=\"nofollow noopener\">Six mois apr\u00e8s son dernier match<\/a>, c\u2019est \u00e0 Paris, la ville de ses plus belles victoires, qu\u2019il refermera le livre d\u2019une carri\u00e8re dans laquelle <a href=\"https:\/\/www.ledauphine.com\/sport\/2025\/05\/19\/michael-chang-plus-jeune-vainqueur-nadal-sacre-quatorze-fois-les-records-de-roland-garros\" target=\"_blank\" rel=\"nofollow noopener\">ses quatorze titres \u00e0 Roland-Garros <\/a>ont une place \u00e0 part. \u00c0 raison\u00a0: pour beaucoup, c\u2019est le plus grand exploit sportif de tous les temps, tous sports confondus.<\/p>\n<p>Ce contenu est bloqu\u00e9 car vous n&rsquo;avez pas accept\u00e9 les cookies et autres traceurs.<\/p>\n<p>En cliquant sur \u00ab J\u2019accepte \u00bb, les cookies et autres traceurs seront d\u00e9pos\u00e9s et vous pourrez visualiser les contenus  (<a href=\"\" class=\"consentModule_policy\" target=\"_blank\" title=\"Consulter la politique de protection des donn\u00e9es du fournisseur\">plus d&rsquo;informations<\/a>).<\/p>\n<p>En cliquant sur \u00ab J\u2019accepte tous les cookies \u00bb, vous autorisez des d\u00e9p\u00f4ts de cookies et autres traceurs pour le stockage de vos donn\u00e9es sur nos sites et applications \u00e0 des fins de personnalisation et de ciblage publicitaire.<\/p>\n<p class=\"consentModule_secondaryText\">Vous gardez la possibilit\u00e9 de retirer votre consentement \u00e0 tout moment en consultant notre <a href=\"https:\/\/www.ledauphine.com\/protection-des-donnees\" target=\"_blank\" title=\"Consulter notre politique de protection des donn\u00e9es\" rel=\"nofollow noopener\">politique de protection des donn\u00e9es<\/a>. <br \/>&#13;<br \/>\n            <a href=\"https:\/\/www.ledauphine.com\/sport\/2025\/05\/25\/javascript:Didomi.notice.show()\" class=\"consentModule_cmp\" rel=\"nofollow noopener\" target=\"_blank\">G\u00e9rer mes choix<\/a>&#13;\n        <\/p>\n<p>&#13;<br \/>\n                        J&rsquo;accepte&#13;<br \/>\n            J&rsquo;accepte tous les cookies&#13;\n        <\/p>\n<p>  \u00ab\u00a0Aucune solution contre lui\u00a0\u00bb<\/p>\n<p>Le petit gars de Manacor laissera de toute fa\u00e7on une trace profonde dans l\u2019histoire de sa discipline. Par ses mani\u00e8res, sa politesse et son attention aux autres, aussi. Dans les trav\u00e9es de Roland-Garros, \u00ab\u00a0Rafa\u00a0\u00bb salue par leur pr\u00e9nom ceux qui ont assist\u00e9, au c\u0153ur depuis deux d\u00e9cennies, \u00e0 l\u2019impensable.<\/p>\n<p>Car si longtemps, la Porte d\u2019Auteuil avait appartenu \u00e0 Bjorn Borg, vainqueur \u00e0 six reprises entre\u00a01974 et\u00a01981, lui l\u2019a transform\u00e9 en forteresse imprenable. Les chiffres donnent le vertige\u00a0: 116 matches entre le 23\u00a0mai 2005 et le 27\u00a0mai 2024, pour 112 victoires et 4 minuscules d\u00e9faites. \u00ab\u00a0Il faut se souvenir du nombre de fois o\u00f9 les mecs n\u2019avaient absolument aucune solution contre lui\u00a0\u00bb, rappelle le Lorrain Olivier Mutis, <a href=\"https:\/\/www.ledauphine.com\/sport\/2024\/10\/10\/olivier-mutis-le-seul-francais-qui-a-battu-rafael-nadal-sur-terre-battue\" target=\"_blank\" rel=\"nofollow noopener\">seul joueur fran\u00e7ais \u00e0 l\u2019avoir battu un jour sur terre battue<\/a>, \u00e0 Palerme en 2004. \u00ab\u00a0Son lift rebondissait tellement haut, il a longtemps \u00e9t\u00e9 incontr\u00f4lable.\u00a0\u00bb<\/p>\n<p><a href=\"https:\/\/www.ledauphine.com\/sport\/2024\/11\/19\/tu-as-rendu-fier-le-monde-du-tennis-salue-federer-avant-la-retraite-de-nadal\" target=\"_blank\" rel=\"nofollow noopener\">M\u00eame Roger Federer<\/a>, le g\u00e9nie personnifi\u00e9, s\u2019y est cass\u00e9 les dents. Sans Rafael Nadal comme contemporain, il aurait sans nul doute clos le d\u00e9bat autour du meilleur joueur de tous les temps. Mais c\u2019est ainsi et il ne lui en veut pas. Il se murmure m\u00eame que ce dimanche \u00e0 Paris, le Suisse devrait bien faire le d\u00e9placement pour venir prendre dans les bras une derni\u00e8re fois sur un court son plus grand rival. Apr\u00e8s tout, \u00ab\u00a0Roger\u00a0\u00bb ne peut pas rater \u00e7a.<\/p>\n","protected":false},"excerpt":{"rendered":"La terre va trembler une derni\u00e8re fois. Les larmes, \u00e0 coup s\u00fbr, couleront aussi le long des joues&hellip;\n","protected":false},"author":2,"featured_media":127177,"comment_status":"","ping_status":"","sticky":false,"template":"","format":"standard","meta":{"footnotes":""},"categories":[1888],"tags":[1111,1928,11,1927,1777,674,107,1011,27,12,1926,626,1925,25,4171,517,1947,1467],"class_list":{"0":"post-127176","1":"post","2":"type-post","3":"status-publish","4":"format-standard","5":"has-post-thumbnail","7":"category-paris","8":"tag-actu","9":"tag-actu-paris","10":"tag-actualites","11":"tag-actualites-paris","12":"tag-eu","13":"tag-europe","14":"tag-fil-info","15":"tag-fr","16":"tag-france","17":"tag-news","18":"tag-news-paris","19":"tag-paris","20":"tag-paris-news","21":"tag-republique-francaise","22":"tag-roland-garros","23":"tag-sport","24":"tag-sport-national","25":"tag-tennis"},"share_on_mastodon":{"url":"https:\/\/pubeurope.com\/@fr\/114569073579330773","error":""},"_links":{"self":[{"href":"https:\/\/www.europesays.com\/fr\/wp-json\/wp\/v2\/posts\/127176","targetHints":{"allow":["GET"]}}],"collection":[{"href":"https:\/\/www.europesays.com\/fr\/wp-json\/wp\/v2\/posts"}],"about":[{"href":"https:\/\/www.europesays.com\/fr\/wp-json\/wp\/v2\/types\/post"}],"author":[{"embeddable":true,"href":"https:\/\/www.europesays.com\/fr\/wp-json\/wp\/v2\/users\/2"}],"replies":[{"embeddable":true,"href":"https:\/\/www.europesays.com\/fr\/wp-json\/wp\/v2\/comments?post=127176"}],"version-history":[{"count":0,"href":"https:\/\/www.europesays.com\/fr\/wp-json\/wp\/v2\/posts\/127176\/revisions"}],"wp:featuredmedia":[{"embeddable":true,"href":"https:\/\/www.europesays.com\/fr\/wp-json\/wp\/v2\/media\/127177"}],"wp:attachment":[{"href":"https:\/\/www.europesays.com\/fr\/wp-json\/wp\/v2\/media?parent=127176"}],"wp:term":[{"taxonomy":"category","embeddable":true,"href":"https:\/\/www.europesays.com\/fr\/wp-json\/wp\/v2\/categories?post=127176"},{"taxonomy":"post_tag","embeddable":true,"href":"https:\/\/www.europesays.com\/fr\/wp-json\/wp\/v2\/tags?post=127176"}],"curies":[{"name":"wp","href":"https:\/\/api.w.org\/{rel}","templated":true}]}}