{"id":127180,"date":"2025-05-25T15:02:11","date_gmt":"2025-05-25T15:02:11","guid":{"rendered":"https:\/\/www.europesays.com\/fr\/127180\/"},"modified":"2025-05-25T15:02:11","modified_gmt":"2025-05-25T15:02:11","slug":"lfh-le-brest-bh-fait-le-travail-et-simpose-contre-paris-92","status":"publish","type":"post","link":"https:\/\/www.europesays.com\/fr\/127180\/","title":{"rendered":"LFH\u00a0: le Brest BH fait le travail et s\u2019impose contre Paris 92"},"content":{"rendered":"<p>LFH (24e journ\u00e9e). BBH &#8211; Paris 92 : 32-28<\/p>\n<p>Malgr\u00e9 une fin de saison sans enjeu, le Brest BH continue de faire le travail. Apr\u00e8s avoir battu Dijon, mercredi, les Brestoises se sont impos\u00e9es face \u00e0 Paris 92, dimanche (32-28). Les Finist\u00e9riennes n\u2018\u00a0ont eu aucune difficult\u00e9 \u00e0 se d\u00e9faire des Parisiennes, puisqu\u2019elles ont men\u00e9 du d\u00e9but \u00e0 la fin. Alors qu\u2019elles ont pour ambition de terminer meilleure d\u00e9fense du championnat, les Bretonnes devront quand m\u00eame faire mieux d\u00e9fensivement lors des deux derni\u00e8res journ\u00e9es. Dimanche, elles ont ainsi eu beaucoup de mal \u00e0 laisser leurs adversaires sous la barre des 30 buts (32-28).<\/p>\n<p>Arbitres : MMe. Derache et Plouhinec<\/p>\n<p>Exclusions temporaires. Brest : Novak (20\u2019), Foppa (45\u2019), Demb\u00e9l\u00e9 (47\u2019), Ondono (27\u2019) ; Paris 92 : Golvet (6\u2019), Thobor (9\u2019), Pina (17\u2019), Blonbou (20\u2019), Fofana (46\u2019).<\/p>\n<p><strong class=\"tech\">BREST BH<\/strong> : Andr\u00e9, Filter ; Kalai, Lassource (2), Ondono (3), Vyakhireva (5), Novak, Faure (9), Kanor, Foppa (1), Lott (3), Coatan\u00e9a (6), Jarrige (1), Demb\u00e9l\u00e9 (2). Entra\u00eeneur : Rapha\u00eblle Tervel.<\/p>\n<p><strong class=\"tech\">PARIS 92 <\/strong>: Serdarevic, Placzek ; Pina (2), N\u2019Gouan, Cissokho, Kanout\u00e9 (4), Blonbou (5), Techer (4), Moretto (3), Fofana (3), Thobor (1), Prouvensier (4), Golvet (2)<\/p>\n","protected":false},"excerpt":{"rendered":"LFH (24e journ\u00e9e). BBH &#8211; Paris 92 : 32-28 Malgr\u00e9 une fin de saison sans enjeu, le Brest&hellip;\n","protected":false},"author":2,"featured_media":127181,"comment_status":"","ping_status":"","sticky":false,"template":"","format":"standard","meta":{"footnotes":""},"categories":[1888],"tags":[11,3449,3166,1777,674,1011,27,1792,12,626,25,60],"class_list":{"0":"post-127180","1":"post","2":"type-post","3":"status-publish","4":"format-standard","5":"has-post-thumbnail","7":"category-paris","8":"tag-actualites","9":"tag-brest-bretagne-handball","10":"tag-en-continu-sports","11":"tag-eu","12":"tag-europe","13":"tag-fr","14":"tag-france","15":"tag-handball","16":"tag-news","17":"tag-paris","18":"tag-republique-francaise","19":"tag-sports"},"share_on_mastodon":{"url":"https:\/\/pubeurope.com\/@fr\/114569081283292122","error":""},"_links":{"self":[{"href":"https:\/\/www.europesays.com\/fr\/wp-json\/wp\/v2\/posts\/127180","targetHints":{"allow":["GET"]}}],"collection":[{"href":"https:\/\/www.europesays.com\/fr\/wp-json\/wp\/v2\/posts"}],"about":[{"href":"https:\/\/www.europesays.com\/fr\/wp-json\/wp\/v2\/types\/post"}],"author":[{"embeddable":true,"href":"https:\/\/www.europesays.com\/fr\/wp-json\/wp\/v2\/users\/2"}],"replies":[{"embeddable":true,"href":"https:\/\/www.europesays.com\/fr\/wp-json\/wp\/v2\/comments?post=127180"}],"version-history":[{"count":0,"href":"https:\/\/www.europesays.com\/fr\/wp-json\/wp\/v2\/posts\/127180\/revisions"}],"wp:featuredmedia":[{"embeddable":true,"href":"https:\/\/www.europesays.com\/fr\/wp-json\/wp\/v2\/media\/127181"}],"wp:attachment":[{"href":"https:\/\/www.europesays.com\/fr\/wp-json\/wp\/v2\/media?parent=127180"}],"wp:term":[{"taxonomy":"category","embeddable":true,"href":"https:\/\/www.europesays.com\/fr\/wp-json\/wp\/v2\/categories?post=127180"},{"taxonomy":"post_tag","embeddable":true,"href":"https:\/\/www.europesays.com\/fr\/wp-json\/wp\/v2\/tags?post=127180"}],"curies":[{"name":"wp","href":"https:\/\/api.w.org\/{rel}","templated":true}]}}