{"id":12720,"date":"2025-04-09T13:26:07","date_gmt":"2025-04-09T13:26:07","guid":{"rendered":"https:\/\/www.europesays.com\/fr\/12720\/"},"modified":"2025-04-09T13:26:07","modified_gmt":"2025-04-09T13:26:07","slug":"en-pleine-guerre-en-ukraine-la-russie-sinquiete-de-la-chute-du-prix-du-petrole","status":"publish","type":"post","link":"https:\/\/www.europesays.com\/fr\/12720\/","title":{"rendered":"En pleine guerre en Ukraine, la Russie s\u2019inqui\u00e8te de la chute du prix du p\u00e9trole"},"content":{"rendered":"\n<p>Patronne depuis bient\u00f4t dix ans de la Banque centrale du pays, Elvira Nabioullina (60\u00a0ans), joue souvent le r\u00f4le \u00e0 la fois p\u00e9rilleux mais visiblement tol\u00e9r\u00e9 de porteuse de mauvaises nouvelles dans le paysage politique russe. Taux directeur \u00e9lev\u00e9, lutte contre l\u2019inflation, yo-yo du rouble face au dollar\u00a0: depuis le d\u00e9but de la guerre, elle a aussi g\u00e9r\u00e9 sto\u00efquement toutes les turbulences de l\u2019\u00e9conomie russe provoqu\u00e9es par l\u2019invasion de l\u2019Ukraine et les sanctions occidentales qui se sont ensuivies.<\/p>\n<p>Mardi 8\u00a0avril, prenant la parole \u00e0 huis clos devant les d\u00e9put\u00e9s communistes de la Douma, le Parlement russe, elle a aussi mis en garde contre les cons\u00e9quences pour le pays de la guerre commerciale d\u00e9clench\u00e9e par Donald Trump, <a class=\"ithalc\" data-ithal=\"lien_externe\" data-ithalc=\"[nav_article]\" target=\"_blank\" href=\"https:\/\/tass.ru\/ekonomika\/23624795\" rel=\"noopener\">r\u00e9v\u00e8le l\u2019agence de presse officielle <strong>Tass. <\/strong><\/a>Cons\u00e9quences indirectes puisque la Russie (tout comme la Bi\u00e9lorussie) n\u2019est pas touch\u00e9e par la hausse spectaculaire des taxes douani\u00e8res, une d\u00e9cision que la Maison-Blanche avait justifi\u00e9e \u2013 sans toutefois convaincre tout le monde \u2013 par le fait que ces deux pays \u00e9taient d\u00e9j\u00e0 sous le coup de sanctions am\u00e9ricaines en raison de la guerre en <\/p>\n","protected":false},"excerpt":{"rendered":"Patronne depuis bient\u00f4t dix ans de la Banque centrale du pays, Elvira Nabioullina (60\u00a0ans), joue souvent le r\u00f4le&hellip;\n","protected":false},"author":2,"featured_media":12721,"comment_status":"","ping_status":"","sticky":false,"template":"","format":"standard","meta":{"footnotes":""},"categories":[1590],"tags":[11,2388,1777,674,1892,131,12,5821,132,2542,220],"class_list":{"0":"post-12720","1":"post","2":"type-post","3":"status-publish","4":"format-standard","5":"has-post-thumbnail","7":"category-ukraine","8":"tag-actualites","9":"tag-droits-de-douane","10":"tag-eu","11":"tag-europe","12":"tag-gu00e9opolitique","13":"tag-guerre-en-ukraine","14":"tag-news","15":"tag-pu00e9trole","16":"tag-russie","17":"tag-u00e9conomie","18":"tag-ukraine"},"share_on_mastodon":{"url":"https:\/\/pubeurope.com\/@fr\/114308238254239238","error":""},"_links":{"self":[{"href":"https:\/\/www.europesays.com\/fr\/wp-json\/wp\/v2\/posts\/12720","targetHints":{"allow":["GET"]}}],"collection":[{"href":"https:\/\/www.europesays.com\/fr\/wp-json\/wp\/v2\/posts"}],"about":[{"href":"https:\/\/www.europesays.com\/fr\/wp-json\/wp\/v2\/types\/post"}],"author":[{"embeddable":true,"href":"https:\/\/www.europesays.com\/fr\/wp-json\/wp\/v2\/users\/2"}],"replies":[{"embeddable":true,"href":"https:\/\/www.europesays.com\/fr\/wp-json\/wp\/v2\/comments?post=12720"}],"version-history":[{"count":0,"href":"https:\/\/www.europesays.com\/fr\/wp-json\/wp\/v2\/posts\/12720\/revisions"}],"wp:featuredmedia":[{"embeddable":true,"href":"https:\/\/www.europesays.com\/fr\/wp-json\/wp\/v2\/media\/12721"}],"wp:attachment":[{"href":"https:\/\/www.europesays.com\/fr\/wp-json\/wp\/v2\/media?parent=12720"}],"wp:term":[{"taxonomy":"category","embeddable":true,"href":"https:\/\/www.europesays.com\/fr\/wp-json\/wp\/v2\/categories?post=12720"},{"taxonomy":"post_tag","embeddable":true,"href":"https:\/\/www.europesays.com\/fr\/wp-json\/wp\/v2\/tags?post=12720"}],"curies":[{"name":"wp","href":"https:\/\/api.w.org\/{rel}","templated":true}]}}