{"id":127213,"date":"2025-05-25T15:21:08","date_gmt":"2025-05-25T15:21:08","guid":{"rendered":"https:\/\/www.europesays.com\/fr\/127213\/"},"modified":"2025-05-25T15:21:08","modified_gmt":"2025-05-25T15:21:08","slug":"talk-cs-le-psg-vit-la-plus-grande-saison-de-son-histoire","status":"publish","type":"post","link":"https:\/\/www.europesays.com\/fr\/127213\/","title":{"rendered":"Talk CS \u00ab\u00a0Le PSG vit la plus grande saison de son histoire ?!"},"content":{"rendered":"<p><img width=\"780\" height=\"470\" src=\"https:\/\/www.europesays.com\/fr\/wp-content\/uploads\/2025\/05\/TalK-CS-3-780x470.jpeg\" class=\"attachment-jannah-image-post size-jannah-image-post wp-post-image\" alt=\"Talk cs\" is_main_img=\"1\" decoding=\"async\" fetchpriority=\"high\"\/><\/p>\n<p>Dans six jours, le PSG affronte l\u2019Inter Milan en finale de<br \/>\nla Ligue des champions. Les Parisiens tenteront de remporter leur<br \/>\npremi\u00e8re C1 dans une saison europ\u00e9enne compl\u00e8tement folle.<\/p>\n<p>Le 31 mai, le <strong>PSG<\/strong> et l\u2019<strong>Inter<br \/>\nMilan<\/strong> vont s\u2019affronter en finale de la <strong>Ligue des<br \/>\nchampions<\/strong> sur la pelouse de l\u2019<strong>Allianz<br \/>\nArena<\/strong> de <strong>Munich<\/strong>. Cinq ans apr\u00e8s sa<br \/>\nd\u00e9sillusion contre le <strong>Bayern Munich<\/strong>, le club de la<br \/>\ncapitale voudra soulever la premi\u00e8re <strong><a href=\"https:\/\/canal-supporters.com\/cdf-la-finale-de-c1-barcola-kvara-la-conference-dapres-match-de-luis-enrique\/\" title=\"\" target=\"_blank\" rel=\"noopener\">Champions League<\/a><\/strong> de son histoire. Cela<br \/>\npermettrait au <strong>PSG<\/strong> de terminer une saison de fa\u00e7on<br \/>\nf\u00e9erique, apr\u00e8s \u00eatre pass\u00e9 par tous les \u00e9tats lors de cette saison<br \/>\n2024-2025 de <strong>Ligue des champions<\/strong>, qui a vu son<br \/>\nformat \u00eatre chang\u00e9 avec une phase de poules qui a \u00e9t\u00e9 remplac\u00e9 par<br \/>\nune phase de ligue, un d\u00e9part poussif puis un match \u00e9quipe contre<br \/>\n<strong>Manchester City<\/strong> avant une qualification lors de la<br \/>\nderni\u00e8re journ\u00e9e de la phase de ligue contre<br \/>\n<strong>Salzbourg<\/strong>, un barrage ultra-prolifique (10-0 au<br \/>\ncumul\u00e9) contre <strong>Brest<\/strong>, l\u2019\u00e9limination de l\u2019un des<br \/>\nfavoris, <strong>Liverpool<\/strong>, d\u00e8s les huiti\u00e8mes puis de deux<br \/>\nautres clubs anglais (<strong>Aston Villa et Arsenal<\/strong>) pour<br \/>\natteindre la finale de la <strong>Ligue des champions<\/strong><br \/>\ncontre l\u2019<strong><a href=\"https:\/\/canal-supporters.com\/repartir-de-lavant-groupe-la-revue-de-presse-italienne-a-j-6-de-la-finale-de-ldc\/\" title=\"\" target=\"_blank\" rel=\"noopener\">Inter Milan<\/a><\/strong>. Dans le dernier Talk CS, nos<br \/>\njournalistes\u00a0<strong>Jonathan<br \/>\nBensadoun<\/strong>,\u00a0<strong>Mehdi<br \/>\nHouzirane<\/strong>\u00a0et\u00a0<strong>Th\u00e9odore<br \/>\nVives\u00a0<\/strong>reviennent, sans filtre, sur cette ann\u00e9e de<br \/>\nfolie dans un format in\u00e9dit.<\/p>\n<p>A voir aussi : <a href=\"https:\/\/canal-supporters.com\/nuno-mendes-maintenant-il-faut-se-reposer-avant-notre-grande-finale\/\" title=\"\" target=\"_blank\" rel=\"noopener\">Nuno Mendes : \u00ab\u00a0Maintenant, il faut se reposer avant<br \/>\nnotre grande finale\u00a0\u00bb<\/a><\/p>\n<p><a href=\"https:\/\/x.com\/CanalSupporters\" target=\"_blank\" rel=\"noopener\" title=\"\">canalsupporters.com<\/a><\/p>\n<p>Une vid\u00e9o \u00e0 retrouver en int\u00e9gralit\u00e9 sur la<br \/>\ncha\u00eene\u00a0<strong><a href=\"https:\/\/www.youtube.com\/@CanalSupportersParis\" target=\"_blank\" rel=\"noopener\">YouTube Canal<br \/>\nSupporters Paris<\/a><\/strong>\u00a0par le biais du lien<br \/>\nci-dessous. Bon visionnage.<\/p><\/p>\n","protected":false},"excerpt":{"rendered":"Dans six jours, le PSG affronte l\u2019Inter Milan en finale de la Ligue des champions. Les Parisiens tenteront&hellip;\n","protected":false},"author":2,"featured_media":127214,"comment_status":"","ping_status":"","sticky":false,"template":"","format":"standard","meta":{"footnotes":""},"categories":[1410],"tags":[81,21968,25073,21969,63,1011,27,789,447,91,92,93,60,25074,21970,21971,96],"class_list":{"0":"post-127213","1":"post","2":"type-post","3":"status-publish","4":"format-standard","5":"has-post-thumbnail","7":"category-football","8":"tag-canal-supporters","9":"tag-canal-supporters-paris","10":"tag-canal-supporters-youtube","11":"tag-cs-paris","12":"tag-football","13":"tag-fr","14":"tag-france","15":"tag-ldc","16":"tag-ligue-des-champions","17":"tag-paris-saint-germain","18":"tag-paris-sg","19":"tag-psg","20":"tag-sports","21":"tag-talk-canal-supporters","22":"tag-talk-canal-supporters-paris","23":"tag-talk-cs","24":"tag-une"},"share_on_mastodon":{"url":"https:\/\/pubeurope.com\/@fr\/114569155923918613","error":""},"_links":{"self":[{"href":"https:\/\/www.europesays.com\/fr\/wp-json\/wp\/v2\/posts\/127213","targetHints":{"allow":["GET"]}}],"collection":[{"href":"https:\/\/www.europesays.com\/fr\/wp-json\/wp\/v2\/posts"}],"about":[{"href":"https:\/\/www.europesays.com\/fr\/wp-json\/wp\/v2\/types\/post"}],"author":[{"embeddable":true,"href":"https:\/\/www.europesays.com\/fr\/wp-json\/wp\/v2\/users\/2"}],"replies":[{"embeddable":true,"href":"https:\/\/www.europesays.com\/fr\/wp-json\/wp\/v2\/comments?post=127213"}],"version-history":[{"count":0,"href":"https:\/\/www.europesays.com\/fr\/wp-json\/wp\/v2\/posts\/127213\/revisions"}],"wp:featuredmedia":[{"embeddable":true,"href":"https:\/\/www.europesays.com\/fr\/wp-json\/wp\/v2\/media\/127214"}],"wp:attachment":[{"href":"https:\/\/www.europesays.com\/fr\/wp-json\/wp\/v2\/media?parent=127213"}],"wp:term":[{"taxonomy":"category","embeddable":true,"href":"https:\/\/www.europesays.com\/fr\/wp-json\/wp\/v2\/categories?post=127213"},{"taxonomy":"post_tag","embeddable":true,"href":"https:\/\/www.europesays.com\/fr\/wp-json\/wp\/v2\/tags?post=127213"}],"curies":[{"name":"wp","href":"https:\/\/api.w.org\/{rel}","templated":true}]}}