{"id":127215,"date":"2025-05-25T15:22:08","date_gmt":"2025-05-25T15:22:08","guid":{"rendered":"https:\/\/www.europesays.com\/fr\/127215\/"},"modified":"2025-05-25T15:22:08","modified_gmt":"2025-05-25T15:22:08","slug":"thomas-vergara-perd-son-calme-apres-avoir-ete-recale-dune-soiree-a-cannes","status":"publish","type":"post","link":"https:\/\/www.europesays.com\/fr\/127215\/","title":{"rendered":"Thomas Vergara perd son calme apr\u00e8s avoir \u00e9t\u00e9 recal\u00e9 d&rsquo;une soir\u00e9e \u00e0 Cannes"},"content":{"rendered":"<p>Le 21 mai 2025, C \u00e0 vous a r\u00e9uni sur son plateau deux invit\u00e9es inattendues : Jodie Foster, actrice oscaris\u00e9e, et Nabilla, femme de Thomas Vergara devenue influenceuse. Une association qui n&rsquo;a <strong>pas convaincu \u00e0 Laurent Ruquier<\/strong>. Le lendemain, sur RTL, l\u2019animateur des Grosses T\u00eates a vivement r\u00e9agi : \u00ab\u00a0Quand on re\u00e7oit Jodie Foster, on ne re\u00e7oit pas Nabilla en m\u00eame temps !\u00a0\u00bb <\/p>\n<p>Bien qu\u2019il ait pr\u00e9cis\u00e9 : \u00ab\u00a0Je n\u2019ai aucun probl\u00e8me \u00e0 ce qu\u2019on re\u00e7oive Nabilla dans C \u00e0 vous\u00a0\u00bb, il a estim\u00e9 que <strong>cette rencontre simultan\u00e9e <\/strong>manquait de coh\u00e9rence. M\u00eame l\u2019intervention de son chroniqueur S\u00e9bastien Thoen n\u2019a pas suffi \u00e0 nuancer ses propos. Laurent Ruquier a maintenu sa position, et a m\u00eame \u00e9voqu\u00e9 <strong><a href=\"https:\/\/www.public.fr\/cest-honteux-laurent-ruquier-choque-par-la-presence-de-nabilla-dans-c-a-vous-il-pousse-un-coup-de-gueule\" target=\"_blank\" rel=\"noopener\">un choix honteux.<\/a><\/strong><\/p>\n<p>Laurent Ruquier s&rsquo;en prend \u00e0 la femme de Thomas Vergara <\/p>\n<p>Sans surprise, Nabilla a pris la parole sur les r\u00e9seaux sociaux. Sur X, elle a publi\u00e9 un message aussi bref que tranchant : \u00ab\u00a0Vous \u00eates encore vivant vous ? CON DESCENDANT.\u00a0\u00bb Cette r\u00e9ponse a rapidement enflamm\u00e9 la toile mais n&rsquo;a pas pour autant<strong> fait l&rsquo;unanimit\u00e9.<\/strong> <\/p>\n<p>En quelques mots et avec sa franchise l\u00e9gendaire, Nabilla a revendiqu\u00e9 <strong>sa place dans le paysage audiovisuel<\/strong> et refus\u00e9 de se laisser marginaliser. Mais ce face-\u00e0-face m\u00e9diatique a raviv\u00e9 les tensions entre figures traditionnelles du petit \u00e9cran et personnalit\u00e9s issues du num\u00e9rique. Et r\u00e9v\u00e8le ind\u00e9niablement <strong>une fracture g\u00e9n\u00e9rationnelle<\/strong> toujours bien pr\u00e9sente.<\/p>\n<p>L&rsquo;influenceuse d\u00e9ment une nouvelle rumeur d&rsquo;humiliation \u00e0 Cannes<\/p>\n<p>D\u00e9cid\u00e9ment, l\u2019\u00e9dition 2025 du Festival de Cannes n\u2019\u00e9pargne pas Nabilla. Apr\u00e8s l\u2019\u00e9pisode de la robe coinc\u00e9e dans une valise \u00e9gar\u00e9e, une vid\u00e9o devenue virale a affirm\u00e9 qu\u2019elle aurait \u00e9t\u00e9 recal\u00e9e, avec L\u00e9na Situations, <strong>d\u2019un restaurant hupp\u00e9 o\u00f9 Scarlett Johansson venait d\u2019appara\u00eetre<\/strong>. Les internautes ont aussit\u00f4t cri\u00e9 \u00e0 l\u2019humiliation. <\/p>\n<p>Mais Nabilla a r\u00e9pliqu\u00e9 sans d\u00e9tour : \u00ab Vous \u00eates tellement dr\u00f4les, <strong>chaque ann\u00e9e vous essayez de faire \u00e7a ! <\/strong>\u00bb Un sc\u00e9nario qui se r\u00e9p\u00e8te, puisqu\u2019en 2024, une rumeur similaire l\u2019accusait <strong>d\u2019avoir \u00e9t\u00e9 refus\u00e9e sur une plage priv\u00e9e.<\/strong> Cette fois encore, la version relay\u00e9e s\u2019est r\u00e9v\u00e9l\u00e9e trompeuse : accompagn\u00e9e de Paul Duchemin, Nabilla est simplement <strong>entr\u00e9e par une porte discr\u00e8te<\/strong>. Mais elle \u00e9tait bien pr\u00e9sente \u00e0 la soir\u00e9e.<\/p>\n<p>Thomas Vergara s&rsquo;en prend \u00e0 un videur<\/p>\n<p>Pas un jour ne passe sans que le couple Nabilla\u2013Thomas Vergara ne fasse parler de lui sur la Croisette. Cette fois, une nouvelle vid\u00e9o largement relay\u00e9e a affol\u00e9 les r\u00e9seaux sociaux. On y voit Thomas Vergara aux abords d\u2019un lieu pris\u00e9 de Cannes, en compagnie de son ami proche, <strong>le footballeur Marco Verratti<\/strong>. Les deux hommes semblent en pleine <strong>discussion tendue avec un agent de s\u00e9curit\u00e9<\/strong>, qui aurait refus\u00e9 de leur accorder l\u2019entr\u00e9e. <\/p>\n<p>Quelques instants plus tard, Jessica Aidi, \u00e9pouse de Marco Verratti, les rejoint. Visiblement surprise, elle tente de comprendre la situation <strong>qui se joue devant elle.<\/strong> Puis Nabilla fait son apparition, visiblement agac\u00e9e. La vid\u00e9o, sans bande-son claire, laisse place<strong> \u00e0 de nombreuses interpr\u00e9tations.<\/strong> On ignore ce qu\u2019il s\u2019est r\u00e9ellement pass\u00e9, mais cette s\u00e9quence suffit \u00e0 relancer les sp\u00e9culations autour de l&rsquo;aventure cannoise du couple. Une chose est s\u00fbre : entre fascination et critiques, Nabilla et Thomas continuent d\u2019attirer tous les regards. <\/p>\n<p>Toute reproduction interdite sans la mention Public et un lien r\u00e9digeant sur cet article<\/p>\n<p>      Mentionn\u00e9s dans cet article<\/p>\n<p>\u00c0 lire aussi<\/p>\n","protected":false},"excerpt":{"rendered":"Le 21 mai 2025, C \u00e0 vous a r\u00e9uni sur son plateau deux invit\u00e9es inattendues : Jodie Foster,&hellip;\n","protected":false},"author":2,"featured_media":127216,"comment_status":"","ping_status":"","sticky":false,"template":"","format":"standard","meta":{"footnotes":""},"categories":[1359],"tags":[58,59,5411,1011,27,23482,973,23852],"class_list":{"0":"post-127215","1":"post","2":"type-post","3":"status-publish","4":"format-standard","5":"has-post-thumbnail","7":"category-people","8":"tag-divertissement","9":"tag-entertainment","10":"tag-exclusivite-public","11":"tag-fr","12":"tag-france","13":"tag-nabilla-benattia","14":"tag-people","15":"tag-thomas-vergara"},"share_on_mastodon":{"url":"https:\/\/pubeurope.com\/@fr\/114569159854384192","error":""},"_links":{"self":[{"href":"https:\/\/www.europesays.com\/fr\/wp-json\/wp\/v2\/posts\/127215","targetHints":{"allow":["GET"]}}],"collection":[{"href":"https:\/\/www.europesays.com\/fr\/wp-json\/wp\/v2\/posts"}],"about":[{"href":"https:\/\/www.europesays.com\/fr\/wp-json\/wp\/v2\/types\/post"}],"author":[{"embeddable":true,"href":"https:\/\/www.europesays.com\/fr\/wp-json\/wp\/v2\/users\/2"}],"replies":[{"embeddable":true,"href":"https:\/\/www.europesays.com\/fr\/wp-json\/wp\/v2\/comments?post=127215"}],"version-history":[{"count":0,"href":"https:\/\/www.europesays.com\/fr\/wp-json\/wp\/v2\/posts\/127215\/revisions"}],"wp:featuredmedia":[{"embeddable":true,"href":"https:\/\/www.europesays.com\/fr\/wp-json\/wp\/v2\/media\/127216"}],"wp:attachment":[{"href":"https:\/\/www.europesays.com\/fr\/wp-json\/wp\/v2\/media?parent=127215"}],"wp:term":[{"taxonomy":"category","embeddable":true,"href":"https:\/\/www.europesays.com\/fr\/wp-json\/wp\/v2\/categories?post=127215"},{"taxonomy":"post_tag","embeddable":true,"href":"https:\/\/www.europesays.com\/fr\/wp-json\/wp\/v2\/tags?post=127215"}],"curies":[{"name":"wp","href":"https:\/\/api.w.org\/{rel}","templated":true}]}}