{"id":127217,"date":"2025-05-25T15:23:17","date_gmt":"2025-05-25T15:23:17","guid":{"rendered":"https:\/\/www.europesays.com\/fr\/127217\/"},"modified":"2025-05-25T15:23:17","modified_gmt":"2025-05-25T15:23:17","slug":"un-tableau-oublie-de-leonide-bourges-restaure-et-devoile-au-chateau-dauvers","status":"publish","type":"post","link":"https:\/\/www.europesays.com\/fr\/127217\/","title":{"rendered":"un tableau oubli\u00e9 de L\u00e9onide Bourges restaur\u00e9 et d\u00e9voil\u00e9 au ch\u00e2teau d&rsquo;Auvers"},"content":{"rendered":"<p>            Par<br \/>\n        <strong><br \/>\n            <a href=\"https:\/\/actu.fr\/auteur\/romain-dameron\" title=\"Consulter tous les articles de Romain Dameron\" target=\"_blank\" rel=\"noopener\">Romain Dameron<\/a><br \/>\n        <\/strong><\/p>\n<p>        Publi\u00e9 le<\/p>\n<p>            24 mai 2025 \u00e0 18h50        <\/p>\n<p>Un tableau oubli\u00e9, un nom effac\u00e9, mais un talent retrouv\u00e9.<\/p>\n<p class=\" wall-content\">Si l\u2019\u00e9glise d\u2019<a href=\"https:\/\/actu.fr\/ile-de-france\/auvers-sur-oise_95039\" target=\"_blank\" rel=\"noopener\">Auvers-sur-Oise<\/a> (<b>Val-d\u2019Oise<\/b>) a fait le tour du monde gr\u00e2ce au chef-d\u2019\u0153uvre peint en 1890 par <b>Vincent van Gogh<\/b>, on conna\u00eet moins la version du c\u00e9l\u00e8bre monument immortalis\u00e9 par L\u00e9onide Bourges (1838-1909).<\/p>\n<p>Tableau oubli\u00e9<\/p>\n<p class=\" wall-content\">Et pourtant ! Longtemps rel\u00e9gu\u00e9e aux marges de l\u2019histoire de l\u2019art, L\u00e9onide Bourges fut une contemporaine du ma\u00eetre hollandais, mais surtout l\u2019\u00e9l\u00e8ve de Daubigny.<\/p>\n<p class=\" wall-content\">Elle vivait \u00e0 Auvers bien avant l\u2019arriv\u00e9e de Van Gogh et connaissait, elle aussi, le docteur Gachet.<\/p>\n<p>Patience et fougue<\/p>\n<p class=\" wall-content\">L\u2019histoire ne dit pas si les deux artistes se sont d\u00e9j\u00e0 rencontr\u00e9s sur les bords de l\u2019Oise ou au pied de l\u2019\u00e9glise Notre-Dame de l\u2019Assomption.<\/p>\n<p class=\" wall-content\">\u00ab\u00a0Avec Van Gogh, elle ne partageait \u00e0 peu pr\u00e8s rien. Sa patience m\u00e9ticuleuse contraste vivement avec l\u2019intemp\u00e9rance, la fougue de Vincent. Pourtant, ils sont attir\u00e9s par les m\u00eames motifs, analyse Wouter van der Veen, historien d\u2019art et sp\u00e9cialiste de Van Gogh. Serait-il possible que L\u00e9onide ait vu la grande toile de Vincent, et ait voulu proposer sa version personnelle ? Ou bien Vincent aurait-il vu le tableau de L\u00e9onide, et aurait-il trouv\u00e9 l\u2019angle s\u00e9duisant ? Ou bien n\u2019y a-t-il l\u00e0 qu\u2019une co\u00efncidence ? J\u2019en doute fortement.\u00a0\u00bb<\/p>\n<p class=\" wall-content\">Lors d\u2019une vente aux ench\u00e8res, l\u2019historien a d\u00e9couvert puis acquis ce tableau de L\u00e9onide Bourges, en piteux \u00e9tat, trou\u00e9 et presque m\u00e9connaissable.\u00a0<\/p>\n<p>Morceau d\u2019histoire<\/p>\n<p class=\" wall-content\">Touch\u00e9 par ce petit \u00ab\u00a0morceau d\u2019histoire\u00a0\u00bb, Wouter van der Veen a pourtant eu le sentiment d\u2019avoir trouv\u00e9 une p\u00e9pite.<\/p>\n<p>    <img   decoding=\"async\" loading=\"lazy\" class=\"size-large\" src=\"https:\/\/www.europesays.com\/fr\/wp-content\/uploads\/2025\/05\/826ad2ea5f286966ad2ea5f288a6adv-960x640.jpg\" alt=\"Le tableau de L\u00e9onide Bourges a \u00e9t\u00e9 rep\u00e9r\u00e9 et achet\u00e9 par l'historien d'art Wouter van der Veen.\" width=\"960\" height=\"640\"\/><br \/>\n    Le tableau de L\u00e9onide Bourges a \u00e9t\u00e9 rep\u00e9r\u00e9 et achet\u00e9 par l\u2019historien d\u2019art Wouter van der Veen. \u00a9D\u00e9partement du Val-d\u2019Oise<\/p>\n<p class=\" wall-content\">\u00ab\u00a0Je l\u2019ai vite montr\u00e9 \u00e0 mes confr\u00e8res, notamment du mus\u00e9e Van Gogh et du mus\u00e9e d\u2019Orsay. Tout le monde s\u2019est accord\u00e9 \u00e0 consid\u00e9rer qu\u2019il s\u2019agissait d\u2019une jolie trouvaille et d\u2019un joli myst\u00e8re. L\u2019angle choisi par L\u00e9onide est exactement le m\u00eame que celui de Van Gogh, s\u2019\u00e9merveille l\u2019int\u00e9ress\u00e9. Son \u00e9glise n\u2019est pas aussi monumentale que celle de Vincent, et il ne s\u2019agit pas ici de faire de l\u2019un l\u2019\u00e9quivalent de l\u2019autre. Mais au vu du parcours et de la position sociale de L\u00e9onide, c\u00e9libataire, ind\u00e9pendante, \u00e0 une \u00e9poque o\u00f9 le m\u00e9pris des femmes \u00e9tait grav\u00e9 dans la loi, son tableau m\u00e9rite d\u2019\u00eatre vu comme un aboutissement stylistique remarquable.\u00a0\u00bb<\/p>\n<p>Don au D\u00e9partement<\/p>\n<p class=\" wall-content\">Afin de proc\u00e9der \u00e0 la restauration de cette \u0153uvre, Wouter van der Veen en a fait don au Conseil d\u00e9partemental du Val-d\u2019Oise.<\/p>\n<p class=\" wall-content\">Cette toile, tout juste restaur\u00e9e par Xavier Beugnot, a \u00e9t\u00e9 d\u00e9voil\u00e9e mercredi 14 mai, au ch\u00e2teau d\u2019Auvers, o\u00f9 elle est d\u00e9sormais expos\u00e9e.<\/p>\n<p class=\" wall-content\">\u00ab\u00a0Ce nouveau tableau viendra enrichir nos collections et rendre un juste hommage \u00e0 une artiste auversoise dont l\u2019histoire ne lui aura pas accord\u00e9 la reconnaissance m\u00e9rit\u00e9e, confie Marie-Christine Cavecchi, la pr\u00e9sidente (Lr) du Conseil d\u00e9partemental. La r\u00e9putation d\u2019Auvers-sur-Oise contribue \u00e0 l\u2019attractivit\u00e9 du Val-d\u2019Oise, elle fait partie de notre identit\u00e9 collective. Au D\u00e9partement, justement, nous avons \u00e0 c\u0153ur de pr\u00e9server et de valoriser notre patrimoine.\u00a0\u00bb\u00a0<\/p>\n<p>    <a href=\"https:\/\/maps.google.com\/maps?q=49.07276377816775,2.1663468041991996&amp;z=15&amp;output=embed\" title=\"Ouvrie le lien\" target=\"_blank\" rel=\"noopener\">Cliquez ici pour visualiser le contenu<\/a><\/p>\n<p class=\" wall-content\">Suivez toute l\u2019actualit\u00e9 de vos villes et m\u00e9dias favoris en vous inscrivant \u00e0 <a href=\"https:\/\/moncompte.actu.fr\" title=\"D\u00e9couvez Mon Actu\" rel=\"nofollow noopener\" data-trk=\"{&quot;cta&quot;:{&quot;action&quot;:&quot;https:\\\/\\\/moncompte.actu.fr&quot;,&quot;category&quot;:&quot;mon compte&quot;,&quot;from&quot;:&quot;article footer&quot;,&quot;name&quot;:&quot;Mon actu&quot;,&quot;type&quot;:&quot;cta&quot;}}\" target=\"_blank\">Mon Actu<\/a>.<\/p>\n","protected":false},"excerpt":{"rendered":"Par Romain Dameron Publi\u00e9 le 24 mai 2025 \u00e0 18h50 Un tableau oubli\u00e9, un nom effac\u00e9, mais un&hellip;\n","protected":false},"author":2,"featured_media":127218,"comment_status":"","ping_status":"","sticky":false,"template":"","format":"standard","meta":{"footnotes":""},"categories":[1358],"tags":[1348,1384,1385,1386,58,59,1011,27,104,12573],"class_list":{"0":"post-127217","1":"post","2":"type-post","3":"status-publish","4":"format-standard","5":"has-post-thumbnail","7":"category-arts-et-design","8":"tag-arts","9":"tag-arts-and-design","10":"tag-arts-et-design","11":"tag-design","12":"tag-divertissement","13":"tag-entertainment","14":"tag-fr","15":"tag-france","16":"tag-societe","17":"tag-vincent-van-gogh"},"share_on_mastodon":{"url":"https:\/\/pubeurope.com\/@fr\/114569163794914625","error":""},"_links":{"self":[{"href":"https:\/\/www.europesays.com\/fr\/wp-json\/wp\/v2\/posts\/127217","targetHints":{"allow":["GET"]}}],"collection":[{"href":"https:\/\/www.europesays.com\/fr\/wp-json\/wp\/v2\/posts"}],"about":[{"href":"https:\/\/www.europesays.com\/fr\/wp-json\/wp\/v2\/types\/post"}],"author":[{"embeddable":true,"href":"https:\/\/www.europesays.com\/fr\/wp-json\/wp\/v2\/users\/2"}],"replies":[{"embeddable":true,"href":"https:\/\/www.europesays.com\/fr\/wp-json\/wp\/v2\/comments?post=127217"}],"version-history":[{"count":0,"href":"https:\/\/www.europesays.com\/fr\/wp-json\/wp\/v2\/posts\/127217\/revisions"}],"wp:featuredmedia":[{"embeddable":true,"href":"https:\/\/www.europesays.com\/fr\/wp-json\/wp\/v2\/media\/127218"}],"wp:attachment":[{"href":"https:\/\/www.europesays.com\/fr\/wp-json\/wp\/v2\/media?parent=127217"}],"wp:term":[{"taxonomy":"category","embeddable":true,"href":"https:\/\/www.europesays.com\/fr\/wp-json\/wp\/v2\/categories?post=127217"},{"taxonomy":"post_tag","embeddable":true,"href":"https:\/\/www.europesays.com\/fr\/wp-json\/wp\/v2\/tags?post=127217"}],"curies":[{"name":"wp","href":"https:\/\/api.w.org\/{rel}","templated":true}]}}