{"id":12722,"date":"2025-04-09T13:27:15","date_gmt":"2025-04-09T13:27:15","guid":{"rendered":"https:\/\/www.europesays.com\/fr\/12722\/"},"modified":"2025-04-09T13:27:15","modified_gmt":"2025-04-09T13:27:15","slug":"le-nouveau-tesla-model-y-ferait-un-flop-aux-etats-unis-on-le-devine-avec-un-indicateur","status":"publish","type":"post","link":"https:\/\/www.europesays.com\/fr\/12722\/","title":{"rendered":"Le nouveau Tesla Model Y ferait un flop aux \u00c9tats-Unis, on le devine avec un indicateur"},"content":{"rendered":"<p>Aux \u00c9tats-Unis, les stocks de Tesla Model Y s\u2019accumulerait, preuve de la faible demande pour le nouveau SUV. Une situation identique pour la marque en Europe ?<\/p>\n<p>Le nouveau <a href=\"https:\/\/www.numerama.com\/voitures\/model-y-2025\/\" rel=\"nofollow noopener\" target=\"_blank\">Tesla Model Y<\/a> est disponible \u00e0 la commande depuis le 24 janvier dernier. D\u2019abord, dans une <a href=\"https:\/\/www.numerama.com\/vroom\/1910233-la-tesla-model-y-launch-edition-netait-vraiment-pas-une-bonne-affaire.html\" data-type=\"post\" data-id=\"1910233\" rel=\"nofollow noopener\" target=\"_blank\">version sp\u00e9ciale Launch Series<\/a>, puis un mois plus tard dans les traditionnelles versions Propulsion, Grande Autonomie, Transmission int\u00e9grale\u2026 Aux \u00c9tats-Unis, ce n\u2019est pas la m\u00eame histoire, puisque le mod\u00e8le \u00e0 quatre roues motrices est uniquement disponible, et ce depuis quelques jours seulement.<\/p>\n<p>Comme le rapporte le m\u00e9dia am\u00e9ricain <a href=\"https:\/\/electrek.co\/2025\/04\/08\/tesla-already-has-new-model-y-inventory-available-today-in-the-us-demand-is-terrible\/\" target=\"_blank\" rel=\"noreferrer noopener nofollow\">Electrek<\/a> le 8 avril, les commandes pour la nouvelle mouture du SUV \u00e9lectrique n\u2019afflueraient pas vraiment. <a href=\"https:\/\/www.numerama.com\/vroom\/1923031-tesla-a-perdu-la-moitie-de-sa-valeur-en-3-mois-elon-musk-peut-il-perdre-son-poste.html\" data-type=\"link\" data-id=\"https:\/\/www.numerama.com\/vroom\/1923031-tesla-a-perdu-la-moitie-de-sa-valeur-en-3-mois-elon-musk-peut-il-perdre-son-poste.html\" rel=\"nofollow noopener\" target=\"_blank\">Inutile de pr\u00e9ciser pourquoi<\/a>\u2026<\/p>\n<p>Le Tesla Model Y d\u00e9j\u00e0 disponible sur stock<\/p>\n<p>Quand on ach\u00e8te une voiture neuve, il y a plusieurs possibilit\u00e9s. Vous pouvez passer commande et configurer \u00e0 votre guise le v\u00e9hicule, mais vous pouvez \u00e9galement piocher directement dans le stock du constructeur, c\u2019est-\u00e0-dire dans des mod\u00e8les d\u00e9j\u00e0 livr\u00e9s et pr\u00eats \u00e0 prendre la route. Dans le cas de Tesla aux \u00c9tats-Unis, les stocks du nouveau Model Y commenceraient \u00e0 gonfler, alors que les commandes viennent \u00e0 peine d\u2019\u00eatre ouvertes !<\/p>\n<p><a href=\"https:\/\/www.numerama.com\/wp-content\/uploads\/2025\/04\/stock-tesla-model-y-2025-2.jpg\" rel=\"nofollow noopener\" target=\"_blank\"><img decoding=\"async\" width=\"1024\" height=\"576\" loading=\"lazy\" alt=\"Il est possible de repartir avec un nouveau Model Y le jour-m\u00eame aux \u00c9tats-Unis \/\/ Source : Tesla (Capture d'\u00e9cran)\" title=\"Il est possible de repartir avec un nouveau Model Y le jour-m\u00eame aux \u00c9tats-Unis \/\/ Source : Tesla (Capture d'\u00e9cran)\" class=\"wp-image-1947207 placeholder-default wp-image\" src=\"https:\/\/www.europesays.com\/fr\/wp-content\/uploads\/2025\/04\/stock-tesla-model-y-2025-2-1024x576.jpg\" \/><\/a>Il est possible de repartir avec un nouveau Model Y le jour-m\u00eame aux \u00c9tats-Unis \/\/ Source : <a target=\"_blank\" href=\"https:\/\/www.tesla.com\/modely\/design?redirect=no&amp;cfg=#payment\" rel=\"nofollow noopener\">Tesla (Capture d\u2019\u00e9cran)<\/a><\/p>\n<p>Est-ce une si mauvaise chose ? Si le constructeur am\u00e9ricain avait peut-\u00eatre augment\u00e9 le volume de production en pr\u00e9vision, <a href=\"https:\/\/www.numerama.com\/vroom\/1942611-tesla-na-jamais-livre-aussi-peu-de-voitures-electriques-depuis-deux-ans.html\" rel=\"nofollow noopener\" target=\"_blank\">il s\u2019av\u00e8rerait que la demande n\u2019est pas au rendez-vous<\/a>. R\u00e9sultat, dans certains \u00c9tats, il est possible de repartir avec un Model Y flambant neuf le jour-m\u00eame. Sinon, il faut attendre entre 1 et 3 semaines, ce qui est relativement peu.<\/p>\n<p>La m\u00eame situation en Europe ?<\/p>\n<p>En Europe, <a href=\"https:\/\/www.numerama.com\/tag\/tesla\/\" rel=\"nofollow noopener\" target=\"_blank\">Tesla<\/a> semble avoir moins de probl\u00e8mes \u00e0 \u00e9couler son SUV. Cependant, les premiers r\u00e9sultats ne sont pas fameux avec 2 318 immatriculations au mois de mars (qui ne fait pas la distinction entre l\u2019ancien et le nouveau mod\u00e8le). De mani\u00e8re g\u00e9n\u00e9rale, le d\u00e9lai de livraison pour toute nouvelle commande est de 1 \u00e0 2 mois. Toutefois, d\u2019apr\u00e8s nos informations, certains clients en Europe ont pu \u00eatre livr\u00e9s en seulement deux jours.<\/p>\n<p><a href=\"https:\/\/www.numerama.com\/wp-content\/uploads\/2025\/04\/stock-tesla-model-y-2025-1.jpg\" rel=\"nofollow noopener\" target=\"_blank\"><img decoding=\"async\" width=\"1024\" height=\"576\" loading=\"lazy\" alt=\"Tesla a deux nouveaux Model Y en stock en Allemagne \/\/ Source : Tesla (capture d'\u00e9cran)\" title=\"Tesla a deux nouveaux Model Y en stock en Allemagne \/\/ Source : Tesla (capture d'\u00e9cran)\" class=\"wp-image-1947209 placeholder-default wp-image\" src=\"https:\/\/www.europesays.com\/fr\/wp-content\/uploads\/2025\/04\/stock-tesla-model-y-2025-1-1024x576.jpg\" \/><\/a>Tesla a deux nouveaux Model Y en stock en Allemagne \/\/ Source : <a target=\"_blank\" href=\"https:\/\/www.tesla.com\/de_DE\/inventory\/new\/my?arrangeby=mlh&amp;range=0\" rel=\"nofollow noopener\">Tesla (capture d\u2019\u00e9cran)<\/a><\/p>\n<p>Si un stock existait, il est en tout cas presque invisible sur les diff\u00e9rents sites europ\u00e9ens de la marque. Exception faite de l\u2019Allemagne, o\u00f9 l\u2019on peut trouver deux exemplaires du nouveau Model Y sur stock, mais il s\u2019agit de v\u00e9hicules de d\u00e9monstration.<\/p>\n<p class=\"newsletter-headline\">Newsletter <strong style=\"color: #00d195\">Watt Else<\/strong>\n                    <\/p>\n<p class=\"newsletter-title js-newsletter-title\">Vous souhaitez recevoir la newsletter<br \/>\n                        <strong>Watt Else<\/strong> dans votre bo\u00eete mail ?<\/p>\n<p>\n                    Les donn\u00e9es transmises par le biais de ce formulaire sont destin\u00e9es<br \/>\n                    \u00e0 PressTiC Numerama, en sa qualit\u00e9 de responsable de traitement. Ces donn\u00e9es<br \/>\n                    sont trait\u00e9es avec votre consentement aux fins de vous envoyer par e-mail des actualit\u00e9s et<br \/>\n                    informations relatives aux contenus \u00e9ditoriaux publi\u00e9s sur ce site. Vous pouvez vous opposer \u00e0 tout<br \/>\n                    moment \u00e0 ces e-mails en cliquant sur les liens de d\u00e9sinscriptions pr\u00e9sents dans chacun d\u2019eux. Pour<br \/>\n                    plus d\u2019informations, vous pouvez consulter l\u2019int\u00e9gralit\u00e9 de notre <a href=\"https:\/\/www.numerama.com\/politique-donnees-personnelles\" target=\"_blank\" rel=\"nofollow noopener\">politique de traitement de vos<br \/>\n                        donn\u00e9es<br \/>\n                        personnelles<\/a>.\n                <\/p>\n<p>\n                    Vous disposez d\u2019un droit d\u2019acc\u00e8s, de rectification, d\u2019effacement, de limitation, de portabilit\u00e9 et<br \/>\n                    d\u2019opposition pour motif l\u00e9gitime aux donn\u00e9es personnelles vous concernant. Pour exercer l\u2019un de ces<br \/>\n                    droits, merci d\u2019effectuer votre demande via notre <a href=\"http:\/\/www.numerama.com\/contact#rgpd\" target=\"_blank\" rel=\"noopener nofollow\">formulaire de demandes d\u2019exercices de<br \/>\n                        droits<br \/>\n                        d\u00e9di\u00e9<\/a>.\n                <\/p>\n<p>            <img decoding=\"async\" src=\"https:\/\/www.europesays.com\/fr\/wp-content\/uploads\/2025\/04\/iPhone-16-pro.png\" alt=\"Toute l'actu tech en un clien d'oeil\"\/><\/p>\n<p class=\"card-install-pwa__title\">Toute l&rsquo;actu tech en un clin d&rsquo;\u0153il<\/p>\n<p class=\"card-install-pwa__description\">Ajoutez Numerama \u00e0 votre \u00e9cran d&rsquo;accueil et restez connect\u00e9s au futur !<\/p>\n<p>            <img decoding=\"async\" src=\"https:\/\/www.europesays.com\/fr\/wp-content\/uploads\/2025\/04\/logo-card-pwa-coupe.svg.svg+xml\" alt=\"Logo PWA\"\/><\/p>\n<p>       Installer Numerama<\/p>\n","protected":false},"excerpt":{"rendered":"Aux \u00c9tats-Unis, les stocks de Tesla Model Y s\u2019accumulerait, preuve de la faible demande pour le nouveau SUV.&hellip;\n","protected":false},"author":2,"featured_media":12723,"comment_status":"","ping_status":"","sticky":false,"template":"","format":"standard","meta":{"footnotes":""},"categories":[1589],"tags":[11,46,73,1866,12,320,5822,1864,1865,1863,308,5823],"class_list":{"0":"post-12722","1":"post","2":"type-post","3":"status-publish","4":"format-standard","5":"has-post-thumbnail","7":"category-etats-unis","8":"tag-actualites","9":"tag-elon-musk","10":"tag-etats-unis","11":"tag-etats-unis-damerique","12":"tag-news","13":"tag-tesla","14":"tag-tesla-model-y-2025","15":"tag-united-states","16":"tag-united-states-of-america","17":"tag-us","18":"tag-usa","19":"tag-vehicule-electrique"},"share_on_mastodon":{"url":"https:\/\/pubeurope.com\/@fr\/114308241502762821","error":""},"_links":{"self":[{"href":"https:\/\/www.europesays.com\/fr\/wp-json\/wp\/v2\/posts\/12722","targetHints":{"allow":["GET"]}}],"collection":[{"href":"https:\/\/www.europesays.com\/fr\/wp-json\/wp\/v2\/posts"}],"about":[{"href":"https:\/\/www.europesays.com\/fr\/wp-json\/wp\/v2\/types\/post"}],"author":[{"embeddable":true,"href":"https:\/\/www.europesays.com\/fr\/wp-json\/wp\/v2\/users\/2"}],"replies":[{"embeddable":true,"href":"https:\/\/www.europesays.com\/fr\/wp-json\/wp\/v2\/comments?post=12722"}],"version-history":[{"count":0,"href":"https:\/\/www.europesays.com\/fr\/wp-json\/wp\/v2\/posts\/12722\/revisions"}],"wp:featuredmedia":[{"embeddable":true,"href":"https:\/\/www.europesays.com\/fr\/wp-json\/wp\/v2\/media\/12723"}],"wp:attachment":[{"href":"https:\/\/www.europesays.com\/fr\/wp-json\/wp\/v2\/media?parent=12722"}],"wp:term":[{"taxonomy":"category","embeddable":true,"href":"https:\/\/www.europesays.com\/fr\/wp-json\/wp\/v2\/categories?post=12722"},{"taxonomy":"post_tag","embeddable":true,"href":"https:\/\/www.europesays.com\/fr\/wp-json\/wp\/v2\/tags?post=12722"}],"curies":[{"name":"wp","href":"https:\/\/api.w.org\/{rel}","templated":true}]}}