{"id":127221,"date":"2025-05-25T15:25:15","date_gmt":"2025-05-25T15:25:15","guid":{"rendered":"https:\/\/www.europesays.com\/fr\/127221\/"},"modified":"2025-05-25T15:25:15","modified_gmt":"2025-05-25T15:25:15","slug":"sophie-maries-au-premier-regard-partage-une-video-complice-avec-son-frere-a-loccasion-dun-grand-evenement","status":"publish","type":"post","link":"https:\/\/www.europesays.com\/fr\/127221\/","title":{"rendered":"Sophie (Mari\u00e9s au premier regard) partage une vid\u00e9o complice avec son \u00ab\u00a0fr\u00e8re\u00a0\u00bb \u00e0 l&rsquo;occasion d&rsquo;un grand \u00e9v\u00e9nement"},"content":{"rendered":"<p class=\"articleContent-meta\">\n        Aujourd&rsquo;hui \u00e0 12:00 &#8211; par             Doriane Kiniali<\/p>\n<p>                    Tweeter<\/p>\n<p>                    Partager sur Facebook<\/p>\n<p>                        <img decoding=\"async\" src=\"https:\/\/www.europesays.com\/fr\/wp-content\/uploads\/2025\/05\/l-interview-dilemmes-de-sophie-maries-au-premier-regard.jpg\" alt=\"Player Video\" class=\"player-applyRatio poster exclude-seedtag\"\/><\/p>\n<p>Alors que la diffusion de Mari\u00e9s au premier regard 9 se poursuit, Sophie s&rsquo;est saisie de son compte Instagram pour partager des moments complices pass\u00e9s avec son \u00ab\u00a0fr\u00e8re\u00a0\u00bb \u00e0 l&rsquo;occasion d&rsquo;un grand \u00e9v\u00e9nement.<\/p>\n<p>Sophie fait incontestablement partie des candidates qui ont marqu\u00e9 la saison 9 de Mari\u00e9s au premier regard. C\u00e9libataire depuis deux ans, la jeune femme esp\u00e9rait trouver l&rsquo;amour de sa vie en participant \u00e0 cette exp\u00e9rience unique. Mais les choses ne se sont pas pass\u00e9es comme pr\u00e9vu&#8230; Si <a href=\"https:\/\/www.programme.tv\/news\/tele-realite\/240693-un-truc-ne-va-pas-sophie-et-guillaume-maries-au-premier-regard-ont-ils-renonce-a-se-marier-voici-ce-qu-il-s-est-passe-spoiler\/\" target=\"_blank\" rel=\"noopener\">son union avec Guillaume<\/a>, agent immobilier de 35 ans, avait d\u00e9marr\u00e9 sous les meilleurs auspices, la lune de miel s&rsquo;est av\u00e9r\u00e9e \u00eatre un v\u00e9ritable cauchemar pour la danseuse professionnelle. <a href=\"https:\/\/www.programme.tv\/news\/tele-realite\/262002-on-ne-va-pas-abaisser-nos-criteres-guillaume-maries-au-premier-regard-s-explique-apres-ses-propos-blessants-sur-le-physique-de-sophie\/\" target=\"_blank\" rel=\"noopener\">Consciente de ne pas plaire physiquement \u00e0 son \u00e9poux<\/a>, elle <a href=\"https:\/\/www.programme.tv\/news\/tele-realite\/262314-nous-on-y-croyait-les-parents-de-sophie-maries-au-premier-regard-reagissent-a-l-echec-de-leur-fille-dans-l-emission\/\" target=\"_blank\" rel=\"noopener\">avait pris la d\u00e9cision de mettre un terme \u00e0 leur mariage<\/a>. Un choix pour le moins bouleversant pour Sophie, qui est tout de m\u00eame parvenue \u00e0 retrouver le sourire.<\/p>\n<p><b>Sophie (<\/b><b>Mari\u00e9s au premier regard<\/b><b>) partage ces bons moments partag\u00e9s avec son <\/b><b>\u00ab\u00a0fr\u00e8re\u00a0\u00bb <\/b><\/p>\n<p>Alors que la saison 9 de Mari\u00e9s au premier regard est toujours diffus\u00e9e chaque lundi soir sur M6, Sophie compte exercer ses talents de danseuse ces deux prochains jours \u00e0 l&rsquo;occasion du Grand Prix de Monaco. Et la professeure de yoga n&rsquo;a pas fait le voyage seule. \u00ab\u00a0<b>Avec mon fr\u00e8re Joe au Grand Prix de Monaco. C&rsquo;est parti pour 2 jours de shows.<\/b> En attendant, on pr\u00e9pare de petites chor\u00e9graphies et combinaisons\u00a0\u00bb, peut-on lire en l\u00e9gende d&rsquo;une vid\u00e9o d&rsquo;elle dansant dans les rues de Monaco avec son \u00ab\u00a0bro\u00a0\u00bb, le danseur Joe Deadpool. En story Instagram, la trentenaire a partag\u00e9 plusieurs vid\u00e9os des \u00e9v\u00e9nements auxquels ils ont particip\u00e9, dont \u00ab\u00a0un private show\u00a0\u00bb durant lequel les clients leur auraient demand\u00e9 de danser avec une bouteille.<\/p>\n<p>                                    <b>Sophie (<\/b><b>Mari\u00e9s au premier regard<\/b><b>) avait d\u00e9j\u00e0 d\u00e9voil\u00e9 ses talents de danseuse dans une \u00e9mission diffus\u00e9e sur W9<\/b><\/p>\n<p>La p\u00e9tillante rousse a le rythme dans la peau, et elle l&rsquo;avait d\u00e9montr\u00e9 lors de sa br\u00e8ve apparition dans une \u00e9mission bien connue des t\u00e9l\u00e9spectateurs de W9. Pour ceux qui ne le savent pas, Sophie<a href=\"https:\/\/www.programme.tv\/news\/tele-realite\/240584-maries-au-premier-regard-sophie-a-participe-a-une-emission-de-telerealite-devinez-laquelle\/\" target=\"_blank\" rel=\"noopener\"> avait particip\u00e9 au Marseillais vs Le Reste du monde il y a quelques ann\u00e9es maintenant<\/a>. L&rsquo;ex-\u00e9pouse de Guillaume avait donn\u00e9 un cours de danse aux candidats le temps d&rsquo;un \u00e9pisode. Un passage par la case t\u00e9l\u00e9r\u00e9alit\u00e9 qu&rsquo;elle ne regrette pas, comme elle le confiait aupr\u00e8s de Voici. \u00ab\u00a0Je suis all\u00e9e une petite heure pour donner un cours aux Marseillais. C&rsquo;\u00e9tait trop rigolo, je leur ai fait faire des acrobaties dans tous les sens. Je me suis marr\u00e9e, c&rsquo;\u00e9tait sympa.\u00a0\u00bb<\/p>\n<blockquote class=\"instagram-media\" data-instgrm-captioned=\"\" data-instgrm-permalink=\"https:\/\/www.instagram.com\/reel\/DKCoCqVIniI\/?utm_source=ig_embed&amp;utm_campaign=loading\" data-instgrm-version=\"14\" style=\" background:#FFF; border:0; border-radius:3px; box-shadow:0 0 1px 0 rgba(0,0,0,0.5),0 1px 10px 0 rgba(0,0,0,0.15); margin: 1px; max-width:658px; min-width:326px; padding:0; width:99.375%; width:-webkit-calc(100% - 2px); width:calc(100% - 2px);\"\/>\n<p>Article \u00e9crit avec la collaboration de 6M\u00e9dias<\/p>\n<p>Rejoignez-nous sur Google News !<\/p>\n<p class=\"articleContent-pushTagline\">Abonnez-vous \u00e0 <a href=\"https:\/\/news.google.com\/publications\/CAAiEJwr-IZFXDFoZD1ePbkC_VcqFAgKIhCcK_iGRVwxaGQ9Xj25Av1X\" target=\"_blank\" rel=\"noopener\">T\u00e9l\u00e9 2 semaines sur Google News<\/a> pour ne manquer aucune info !<\/p>\n<p><script async src=\"\/\/www.instagram.com\/embed.js\"><\/script><\/p>\n","protected":false},"excerpt":{"rendered":"Aujourd&rsquo;hui \u00e0 12:00 &#8211; par Doriane Kiniali Tweeter Partager sur Facebook Alors que la diffusion de Mari\u00e9s au&hellip;\n","protected":false},"author":2,"featured_media":127222,"comment_status":"","ping_status":"","sticky":false,"template":"","format":"standard","meta":{"footnotes":""},"categories":[1356],"tags":[20753,58,59,1011,27,2173,6218,20754,5214,252,12663,3604,1364],"class_list":{"0":"post-127221","1":"post","2":"type-post","3":"status-publish","4":"format-standard","5":"has-post-thumbnail","7":"category-television","8":"tag-dilemmes","9":"tag-divertissement","10":"tag-entertainment","11":"tag-fr","12":"tag-france","13":"tag-interview","14":"tag-maries-au-premier-regard","15":"tag-mariu00c9s-au-premier-regard","16":"tag-mariu00e9s-au-premier-regard","17":"tag-television","18":"tag-tl","19":"tag-tu00e9lu00e9-ru00e9alitu00e9","20":"tag-tv"},"share_on_mastodon":{"url":"https:\/\/pubeurope.com\/@fr\/114569171743691148","error":""},"_links":{"self":[{"href":"https:\/\/www.europesays.com\/fr\/wp-json\/wp\/v2\/posts\/127221","targetHints":{"allow":["GET"]}}],"collection":[{"href":"https:\/\/www.europesays.com\/fr\/wp-json\/wp\/v2\/posts"}],"about":[{"href":"https:\/\/www.europesays.com\/fr\/wp-json\/wp\/v2\/types\/post"}],"author":[{"embeddable":true,"href":"https:\/\/www.europesays.com\/fr\/wp-json\/wp\/v2\/users\/2"}],"replies":[{"embeddable":true,"href":"https:\/\/www.europesays.com\/fr\/wp-json\/wp\/v2\/comments?post=127221"}],"version-history":[{"count":0,"href":"https:\/\/www.europesays.com\/fr\/wp-json\/wp\/v2\/posts\/127221\/revisions"}],"wp:featuredmedia":[{"embeddable":true,"href":"https:\/\/www.europesays.com\/fr\/wp-json\/wp\/v2\/media\/127222"}],"wp:attachment":[{"href":"https:\/\/www.europesays.com\/fr\/wp-json\/wp\/v2\/media?parent=127221"}],"wp:term":[{"taxonomy":"category","embeddable":true,"href":"https:\/\/www.europesays.com\/fr\/wp-json\/wp\/v2\/categories?post=127221"},{"taxonomy":"post_tag","embeddable":true,"href":"https:\/\/www.europesays.com\/fr\/wp-json\/wp\/v2\/tags?post=127221"}],"curies":[{"name":"wp","href":"https:\/\/api.w.org\/{rel}","templated":true}]}}