{"id":127240,"date":"2025-05-25T15:35:11","date_gmt":"2025-05-25T15:35:11","guid":{"rendered":"https:\/\/www.europesays.com\/fr\/127240\/"},"modified":"2025-05-25T15:35:11","modified_gmt":"2025-05-25T15:35:11","slug":"une-manifestation-contre-vincent-bollore-reunit-entre-500-et-600-personnes-a-ergue-gaberic","status":"publish","type":"post","link":"https:\/\/www.europesays.com\/fr\/127240\/","title":{"rendered":"Une manifestation contre Vincent Bollor\u00e9 r\u00e9unit entre 500 et 600 personnes \u00e0 Ergu\u00e9-Gab\u00e9ric"},"content":{"rendered":"<p>Des centaines de militants des Soul\u00e8vements de la terre de Bretagne sont r\u00e9unis depuis ce dimanche 25 mai \u00e0 midi pr\u00e8s de l\u2019usine Blue Solutions, de Vincent Bollor\u00e9, \u00e0 Ergu\u00e9 Gaberic pr\u00e8s de Quimper. Un rassemblement pourtant interdit par la pr\u00e9fecture du Finist\u00e8re.<\/p>\n<p>Entre 500 et 600 militants sont pr\u00e9sents et font face \u00e0 un important d\u00e9ploiement des forces de l\u2019ordre. Quelques tirs de grenades lacrymog\u00e8nes ont d\u00e9j\u00e0 eu lieu, ainsi que des fumig\u00e8nes.<\/p>\n<p><img decoding=\"async\" src=\"https:\/\/www.europesays.com\/fr\/wp-content\/uploads\/2025\/05\/68332635817d07c29c037c06.1.jpeg\" width=\"480\" height=\"300\" class=\"web_golden_m\" loading=\"lazy\" alt=\"Un\u00a0cordon de gendarmes mobiles a \u00e9t\u00e9 d\u00e9ploy\u00e9 en amont de Blue Solutions.\"\/>Un\u00a0cordon de gendarmes mobiles a \u00e9t\u00e9 d\u00e9ploy\u00e9 en amont de Blue Solutions. (Le T\u00e9l\u00e9gramme\/Thierry Charpentier)<\/p>\n<p>Sur leur parcours, les manifestants ont tagu\u00e9 les murs et aubettes de slogans <a href=\"https:\/\/www.letelegramme.fr\/bretagne\/village-a-guiscriff-et-flottille-aux-glenan-une-mobilisation-anti-bollore-ce-week-end-6822027.php\" target=\"_blank\" rel=\"noopener\">hostiles \u00e0 l\u2019homme d\u2019affaires<\/a>. La police, ainsi que des gendarmes mobiles venus en renfort, ont boucl\u00e9 la zone, et un h\u00e9licopt\u00e8re est en appui.<\/p>\n<p><img decoding=\"async\" src=\"https:\/\/www.europesays.com\/fr\/wp-content\/uploads\/2025\/05\/68332635817d07c29c037c05.1.jpeg\" width=\"480\" height=\"300\" class=\"web_golden_m\" loading=\"lazy\" alt=\"Un\u00a0cordon de gendarmes mobiles a \u00e9t\u00e9 d\u00e9ploy\u00e9 en amont de Blue Solutions.\"\/>Un\u00a0cordon de gendarmes mobiles a \u00e9t\u00e9 d\u00e9ploy\u00e9 en amont de Blue Solutions. (Le T\u00e9l\u00e9gramme\/Thierry Charpentier)<\/p>\n","protected":false},"excerpt":{"rendered":"Des centaines de militants des Soul\u00e8vements de la terre de Bretagne sont r\u00e9unis depuis ce dimanche 25 mai&hellip;\n","protected":false},"author":2,"featured_media":127241,"comment_status":"","ping_status":"","sticky":false,"template":"","format":"standard","meta":{"footnotes":""},"categories":[2],"tags":[11,829,765,25075,3321,1011,27,12,3319],"class_list":{"0":"post-127240","1":"post","2":"type-post","3":"status-publish","4":"format-standard","5":"has-post-thumbnail","7":"category-actualites","8":"tag-actualites","9":"tag-bretagne","10":"tag-en-continu","11":"tag-ergue-gaberic","12":"tag-finistere","13":"tag-fr","14":"tag-france","15":"tag-news","16":"tag-quimper"},"share_on_mastodon":{"url":"https:\/\/pubeurope.com\/@fr\/114569211035692529","error":""},"_links":{"self":[{"href":"https:\/\/www.europesays.com\/fr\/wp-json\/wp\/v2\/posts\/127240","targetHints":{"allow":["GET"]}}],"collection":[{"href":"https:\/\/www.europesays.com\/fr\/wp-json\/wp\/v2\/posts"}],"about":[{"href":"https:\/\/www.europesays.com\/fr\/wp-json\/wp\/v2\/types\/post"}],"author":[{"embeddable":true,"href":"https:\/\/www.europesays.com\/fr\/wp-json\/wp\/v2\/users\/2"}],"replies":[{"embeddable":true,"href":"https:\/\/www.europesays.com\/fr\/wp-json\/wp\/v2\/comments?post=127240"}],"version-history":[{"count":0,"href":"https:\/\/www.europesays.com\/fr\/wp-json\/wp\/v2\/posts\/127240\/revisions"}],"wp:featuredmedia":[{"embeddable":true,"href":"https:\/\/www.europesays.com\/fr\/wp-json\/wp\/v2\/media\/127241"}],"wp:attachment":[{"href":"https:\/\/www.europesays.com\/fr\/wp-json\/wp\/v2\/media?parent=127240"}],"wp:term":[{"taxonomy":"category","embeddable":true,"href":"https:\/\/www.europesays.com\/fr\/wp-json\/wp\/v2\/categories?post=127240"},{"taxonomy":"post_tag","embeddable":true,"href":"https:\/\/www.europesays.com\/fr\/wp-json\/wp\/v2\/tags?post=127240"}],"curies":[{"name":"wp","href":"https:\/\/api.w.org\/{rel}","templated":true}]}}