{"id":127244,"date":"2025-05-25T15:37:10","date_gmt":"2025-05-25T15:37:10","guid":{"rendered":"https:\/\/www.europesays.com\/fr\/127244\/"},"modified":"2025-05-25T15:37:10","modified_gmt":"2025-05-25T15:37:10","slug":"les-freres-simon-dominent-a-saint-etienne-de-chigny","status":"publish","type":"post","link":"https:\/\/www.europesays.com\/fr\/127244\/","title":{"rendered":"les fr\u00e8res Simon dominent \u00e0 Saint-\u00c9tienne-de-Chigny"},"content":{"rendered":"<p>Licenci\u00e9 dans le club orl\u00e9anais de l\u2019ECO-CJF et sp\u00e9cialiste de demi-fond, Benjamin Simon n\u2019a souffert d\u2019aucune contestation pour remporter la course de 7\u00a0km en ouverture du\u00a0Buda Trail, dimanche. Comme Zo\u00e9 Roche-Ternoir (Les Accro\u2019pattes) en f\u00e9minines, tout aussi dominatrice.<\/p>\n<p>L\u2019\u00e9preuve, organis\u00e9e en bord de Loire, d\u00e9butait donc sous les meilleurs auspices et la suite n\u2019allait pas \u00eatre d\u00e9cevante, d\u2019autant que les parcours trac\u00e9s par les organisateurs faisaient l\u2019unanimit\u00e9. Thibault Simon (AS Fondettes), \u00e0 l\u2019aise sur les longues distances, confirmait ses cinq victoires glan\u00e9es sur les \u00e9preuves d\u2019Indre-et-Loire en 2024, ajoutant le 20\u00a0km du Buda Trail \u00e0 son palmar\u00e8s. <\/p>\n<p>Apr\u00e8s quelques kilom\u00e8tres en compagnie de Florent Montrau (EVMA) et d\u2019Anthony Carr\u00e9 (RSSC), le Fondettois s\u2019est envol\u00e9\u00a0: \u00ab\u00a0Jusqu\u2019au 6 ou 7e kilom\u00e8tre, nous \u00e9tions trois. Ensuite, ils ont l\u00e2ch\u00e9 et j\u2019ai pu maintenir le rythme. Il y avait beaucoup de relances et beaucoup de mont\u00e9es et descentes sur les hauts de la commune, donc c\u2019\u00e9tait tr\u00e8s sympa ce d\u00e9nivel\u00e9 et cette technicit\u00e9.\u00a0\u00bb Une bonne pr\u00e9paration avant la Maxi Race d\u2019Annecy le week-end prochain. Derri\u00e8re, Montrau et Carr\u00e9 se livraient \u00e0 un mano \u00e0 mano\u00a0pour la seconde place, qui\u00a0tournait\u00a0finalement \u00e0 l\u2019avantage du Vend\u00f4mois.<\/p>\n<p>Doussot facile sur le 14\u00a0km<\/p>\n<p>Mais le RS Saint-Cyr montait toutefois sur la plus haute marche du podium gr\u00e2ce \u00e0 la victoire sur la course de 14\u00a0km d\u2019Alexis Doussot, devan\u00e7ant de plus de deux minutes Damien Chaize (Jou\u00e9 Running 37), d\u00e9j\u00e0 deuxi\u00e8me vendredi soir \u00e0 Luzill\u00e9.\u00a0En f\u00e9minines, Coline Allard (A3T) s\u2019est impos\u00e9e de justesse sur le 14\u00a0km, devant C\u00e9line Dicharry (ASPTT Tours), tandis que Sandrine Peronnet (ACC 37) a elle aussi d\u00e9croch\u00e9 les lauriers sur 20\u00a0km, devant Carine Th\u00e9m\u00e9 (USSP) et Marion Hamang.<\/p>\n<p><img alt=\"Alexis Doussot, tout en fra\u00eecheur, \u00e0 l\u2019arriv\u00e9e du 14\u00a0km\" loading=\"lazy\" width=\"980\" height=\"573\" decoding=\"async\" data-nimg=\"1\" class=\"img-responsive spinner-show\" style=\"color:transparent;background-size:cover;background-position:50% 50%;background-repeat:no-repeat;background-image:url(&quot;data:image\/svg+xml;charset=utf-8,%3Csvg xmlns=\" http:=\"\" viewbox=\"0 0 980 573\" id=\"b\" color-interpolation-filters=\"sRGB\" stddeviation=\"20\" values=\"1 0 0 0 0 0 1 0 0 0 0 0 1 0 0 0 0 0 100 -1\" result=\"s\" x=\"0\" y=\"0\" operator=\"out\" in=\"s\" in2=\"SourceGraphic\" preserveaspectratio=\"none\" href=\"https:\/\/images.lanouvellerepublique.fr\/image\/upload\/t_88w\/f_auto\/68332c5a99117cf55e8b4585.jpg\"   src=\"https:\/\/www.europesays.com\/fr\/wp-content\/uploads\/2025\/05\/68332c5a99117cf55e8b4585.jpg\"\/><\/p>\n<p style=\"background-color:#F2F2F2;padding:5px;margin-top:0px;margin-bottom:10px\">Alexis Doussot, tout en fra\u00eecheur, \u00e0 l\u2019arriv\u00e9e du 14\u00a0km<br \/> \u00a9 (Photo cor. NR, \u00c9.N.)<\/p>\n<p>Les r\u00e9sultats<\/p>\n<p><strong>&gt;\u00a020\u00a0km. Hommes\u00a0:<\/strong> 1. Simon (AS Fondettes) 1h18&rsquo;24\u00a0; 2. Montrau (EVMA) 1h20&rsquo;16\u00a0; 3. Carr\u00e9 (RSSC) 1h20&rsquo;51\u00a0; 4. Gressard 1h23&rsquo;40\u00a0; 5. Le Brun 1h24&rsquo;13\u2026 <strong>Femmes\u00a0:<\/strong> 1. Peronnet (ACC 37) 1h43&rsquo;42\u00a0; 2 Th\u00e9m\u00e9 (USSP) 1h44&rsquo;12\u00a0; 3. Hamang 1h45&rsquo;00\u00a0; 4. Langlet 1h48&rsquo;56\u00a0; 5. Rimbert-Hollanders (ACC 37) 1h51&rsquo;49\u2026<br \/><strong>&gt;\u00a014\u00a0km. Hommes\u00a0:<\/strong> 1. Doussot (RSSC) 55&rsquo;02\u00a0; 2. Chaize (Jou\u00e9 Running 37) 57&rsquo;25\u00a0; 3. Depril-Dupr\u00e9 58&rsquo;27\u00a0; 4. Maisons (AS Fondettes) 59&rsquo;45\u00a0; 5. Cottineau 1h02&rsquo;31\u2026 <strong>Femmes\u00a0:<\/strong> 1. Allard (A3 Tours) 1h12&rsquo;20\u00a0; 2. Dicharry (ASPTT Tours) 1h12&rsquo;40\u00a0; 3. Prat (Phoenix OCR) 1h16&rsquo;20\u00a0; 4. Chauveau 1h18&rsquo;53\u00a0; 5. Berthoux 1h19&rsquo;40\u2026<br \/><strong>&gt;\u00a07\u00a0km. Hommes\u00a0:<\/strong> 1. Simon (ECO-CJF) 27&rsquo;30\u00a0; 2. Benchellal (RSSC) 28&rsquo;21\u00a0; 3. Viboux 30&rsquo;42\u00a0; 4. Briard 30&rsquo;42\u00a0; 5. Bovan 32&rsquo;20\u2026 <strong>Femmes\u00a0:<\/strong> 1. Roche-Tenoir (Les Accro\u2019pattes) 33&rsquo;23\u00a0; 2. Mousset 34&rsquo;46\u00a0; 3. Miot-Rez\u00e9 (RSSC)\u00a0; 4. Parente 36&rsquo;23\u00a0; 5. Fazelly 39&rsquo;36\u2026<\/p>\n<p class=\"alireaussi\"><b>&gt;\u00a0Rejoignez la communaut\u00e9 NR\u00a0&#8211; Les sports en Touraine sur Facebook.<\/b><\/p>\n<p>Nous avons bloqu\u00e9 l&rsquo;affichage de ce contenu pour respecter vos choix en mati\u00e8re de cookies. En cliquant sur \u00ab\u00a0Accepter\u00a0\u00bb,\u00a0vous acceptez le d\u00e9p\u00f4t de cookies. Vous pouvez modifier vos choix \u00e0 tout moment en vous rendant sur <a class=\"blocSansConsentement_lien__m9THN\" href=\"https:\/\/www.lanouvellerepublique.fr\/politique-de-confidentialite\" target=\"_blank\" rel=\"noopener\">cette page<\/a>.<\/p>\n<p>Accepter<\/p>\n","protected":false},"excerpt":{"rendered":"Licenci\u00e9 dans le club orl\u00e9anais de l\u2019ECO-CJF et sp\u00e9cialiste de demi-fond, Benjamin Simon n\u2019a souffert d\u2019aucune contestation pour&hellip;\n","protected":false},"author":2,"featured_media":127245,"comment_status":"","ping_status":"","sticky":false,"template":"","format":"standard","meta":{"footnotes":""},"categories":[9653],"tags":[1111,11,2430,1777,674,1011,27,1387,12,25,7135,4001,13222,60],"class_list":{"0":"post-127244","1":"post","2":"type-post","3":"status-publish","4":"format-standard","5":"has-post-thumbnail","7":"category-saint-etienne","8":"tag-actu","9":"tag-actualites","10":"tag-auvergne-rhone-alpes","11":"tag-eu","12":"tag-europe","13":"tag-fr","14":"tag-france","15":"tag-indre-et-loire","16":"tag-news","17":"tag-republique-francaise","18":"tag-running","19":"tag-saint-etienne","20":"tag-saint-etienne-de-chigny","21":"tag-sports"},"share_on_mastodon":{"url":"https:\/\/pubeurope.com\/@fr\/114569218814954587","error":""},"_links":{"self":[{"href":"https:\/\/www.europesays.com\/fr\/wp-json\/wp\/v2\/posts\/127244","targetHints":{"allow":["GET"]}}],"collection":[{"href":"https:\/\/www.europesays.com\/fr\/wp-json\/wp\/v2\/posts"}],"about":[{"href":"https:\/\/www.europesays.com\/fr\/wp-json\/wp\/v2\/types\/post"}],"author":[{"embeddable":true,"href":"https:\/\/www.europesays.com\/fr\/wp-json\/wp\/v2\/users\/2"}],"replies":[{"embeddable":true,"href":"https:\/\/www.europesays.com\/fr\/wp-json\/wp\/v2\/comments?post=127244"}],"version-history":[{"count":0,"href":"https:\/\/www.europesays.com\/fr\/wp-json\/wp\/v2\/posts\/127244\/revisions"}],"wp:featuredmedia":[{"embeddable":true,"href":"https:\/\/www.europesays.com\/fr\/wp-json\/wp\/v2\/media\/127245"}],"wp:attachment":[{"href":"https:\/\/www.europesays.com\/fr\/wp-json\/wp\/v2\/media?parent=127244"}],"wp:term":[{"taxonomy":"category","embeddable":true,"href":"https:\/\/www.europesays.com\/fr\/wp-json\/wp\/v2\/categories?post=127244"},{"taxonomy":"post_tag","embeddable":true,"href":"https:\/\/www.europesays.com\/fr\/wp-json\/wp\/v2\/tags?post=127244"}],"curies":[{"name":"wp","href":"https:\/\/api.w.org\/{rel}","templated":true}]}}