{"id":127258,"date":"2025-05-25T15:48:08","date_gmt":"2025-05-25T15:48:08","guid":{"rendered":"https:\/\/www.europesays.com\/fr\/127258\/"},"modified":"2025-05-25T15:48:08","modified_gmt":"2025-05-25T15:48:08","slug":"grenoble-une-idee-dentreprise-rendez-vous-au-forum-je-cree-ma-boite-le-jeudi-5-juin","status":"publish","type":"post","link":"https:\/\/www.europesays.com\/fr\/127258\/","title":{"rendered":"Grenoble. Une id\u00e9e d&rsquo;entreprise ? Rendez-vous au forum \u201cJe cr\u00e9e ma bo\u00eete\u201d le jeudi 5\u00a0juin"},"content":{"rendered":"<p>Envie de cr\u00e9er votre bo\u00eete\u00a0? Participez au forum d\u00e9di\u00e9 \u00e0 l\u2019entrepreneuriat\u00a0!<\/p>\n<p>La prochaine \u00e9dition du forum \u201cJe cr\u00e9e ma bo\u00eete\u201d se tiendra le jeudi 5\u00a0juin de 12\u00a0h \u00e0 18\u00a0h \u00e0 la r\u00e9sidence Cowool de Grenoble, pr\u00e8s de Grand\u2019Place. Organis\u00e9 deux fois par an par Grenoble Alpes M\u00e9tropole, cet \u00e9v\u00e9nement s\u2019adresse \u00e0 celles et ceux qui ont une id\u00e9e, une envie ou un projet d\u00e9j\u00e0 avanc\u00e9 de cr\u00e9ation d\u2019entreprise.<\/p>\n<p>  Un accompagnement sur mesure<\/p>\n<p>Cet \u00e9v\u00e9nement est d\u00e9di\u00e9 \u00e0 celles et ceux qui souhaitent cr\u00e9er ou reprendre une activit\u00e9. Des professionnels seront pr\u00e9sents pour vous conseiller lors d\u2019entretiens individuels, vous orienter sur le financement. Des t\u00e9moignages inspirants d\u2019entrepreneurs ou encore des conf\u00e9rences rythmeront \u00e9galement l\u2019apr\u00e8s-midi.<\/p>\n<p>Un temps sera aussi consacr\u00e9 \u00e0 l\u2019\u00e9conomie sociale et solidaire, aux coop\u00e9ratives et au portage d\u2019activit\u00e9 pour d\u00e9couvrir d\u2019autres mani\u00e8res d\u2019entreprendre.<\/p>\n<p>  Un rendez-vous pour passer \u00e0 l\u2019action<\/p>\n<p>Vous pourrez \u00e9changer avec des sp\u00e9cialistes qui vous guideront dans les premi\u00e8res \u00e9tapes. De 15\u00a0h \u00e0 16\u00a0h\u00a030, un atelier \u201cEntreprendre autrement\u201d mettra en lumi\u00e8re les formes d\u2019activit\u00e9s solidaires ou coop\u00e9ratives. Enfin, un concours de la meilleure id\u00e9e de cr\u00e9ation est propos\u00e9 avec, \u00e0 la cl\u00e9, un ch\u00e8que de 500\u00a0\u20ac \u00e0 utiliser pour vos besoins\u00a0: communication, expertise ou formation. Le formulaire est disponible en ligne depuis le 5\u00a0mai ou sur place jusqu\u2019\u00e0 15\u00a0h\u00a045.<\/p>\n","protected":false},"excerpt":{"rendered":"Envie de cr\u00e9er votre bo\u00eete\u00a0? Participez au forum d\u00e9di\u00e9 \u00e0 l\u2019entrepreneuriat\u00a0! La prochaine \u00e9dition du forum \u201cJe cr\u00e9e&hellip;\n","protected":false},"author":2,"featured_media":127259,"comment_status":"","ping_status":"","sticky":false,"template":"","format":"standard","meta":{"footnotes":""},"categories":[9566],"tags":[1111,11,2430,33,112,1777,674,1011,27,2731,2732,12,25],"class_list":{"0":"post-127258","1":"post","2":"type-post","3":"status-publish","4":"format-standard","5":"has-post-thumbnail","7":"category-grenoble","8":"tag-actu","9":"tag-actualites","10":"tag-auvergne-rhone-alpes","11":"tag-economie","12":"tag-edition-grenoble-agglomeration","13":"tag-eu","14":"tag-europe","15":"tag-fr","16":"tag-france","17":"tag-grenoble","18":"tag-grenoble-bassin","19":"tag-news","20":"tag-republique-francaise"},"share_on_mastodon":{"url":"https:\/\/pubeurope.com\/@fr\/114569262232413110","error":""},"_links":{"self":[{"href":"https:\/\/www.europesays.com\/fr\/wp-json\/wp\/v2\/posts\/127258","targetHints":{"allow":["GET"]}}],"collection":[{"href":"https:\/\/www.europesays.com\/fr\/wp-json\/wp\/v2\/posts"}],"about":[{"href":"https:\/\/www.europesays.com\/fr\/wp-json\/wp\/v2\/types\/post"}],"author":[{"embeddable":true,"href":"https:\/\/www.europesays.com\/fr\/wp-json\/wp\/v2\/users\/2"}],"replies":[{"embeddable":true,"href":"https:\/\/www.europesays.com\/fr\/wp-json\/wp\/v2\/comments?post=127258"}],"version-history":[{"count":0,"href":"https:\/\/www.europesays.com\/fr\/wp-json\/wp\/v2\/posts\/127258\/revisions"}],"wp:featuredmedia":[{"embeddable":true,"href":"https:\/\/www.europesays.com\/fr\/wp-json\/wp\/v2\/media\/127259"}],"wp:attachment":[{"href":"https:\/\/www.europesays.com\/fr\/wp-json\/wp\/v2\/media?parent=127258"}],"wp:term":[{"taxonomy":"category","embeddable":true,"href":"https:\/\/www.europesays.com\/fr\/wp-json\/wp\/v2\/categories?post=127258"},{"taxonomy":"post_tag","embeddable":true,"href":"https:\/\/www.europesays.com\/fr\/wp-json\/wp\/v2\/tags?post=127258"}],"curies":[{"name":"wp","href":"https:\/\/api.w.org\/{rel}","templated":true}]}}