{"id":127264,"date":"2025-05-25T15:51:16","date_gmt":"2025-05-25T15:51:16","guid":{"rendered":"https:\/\/www.europesays.com\/fr\/127264\/"},"modified":"2025-05-25T15:51:16","modified_gmt":"2025-05-25T15:51:16","slug":"ce-mercredi-la-culture-maltaise-sera-mise-a-lhonneur-a-strasbourg","status":"publish","type":"post","link":"https:\/\/www.europesays.com\/fr\/127264\/","title":{"rendered":"ce mercredi, la culture maltaise sera mise \u00e0 l&rsquo;honneur \u00e0 Strasbourg !"},"content":{"rendered":"<p>    <img loading=\"lazy\" width=\"1800\" height=\"900\" src=\"https:\/\/www.europesays.com\/fr\/wp-content\/uploads\/2025\/04\/jeanne-callthepolice.jpg\" class=\"attachment-full size-full\" alt=\"\" id=\"imageLove\" decoding=\"async\"  \/><\/p>\n<p id=\"breadcrumbs\"><a href=\"https:\/\/pokaa.fr\/\" target=\"_blank\" rel=\"noopener\">Accueil<\/a> \/ <a href=\"https:\/\/pokaa.fr\/categories\/strasbourg\/\" target=\"_blank\" rel=\"noopener\">Strasbourg<\/a> \/ Musique, po\u00e9sie et soleil : ce mercredi, la culture maltaise sera mise \u00e0 l\u2019honneur \u00e0 Strasbourg !<\/p>\n<p>                    Strasbourg<\/p>\n<p><b>Avec son statut de capitale europ\u00e9enne, Strasbourg est non seulement au croisement des cultures, mais la ville fait r\u00e9guli\u00e8rement la part belle aux actions men\u00e9es par les institutions europ\u00e9ennes qui si\u00e8gent ici. Parmi elles\u00a0: le changement de Pr\u00e9sidence du Comit\u00e9 des Ministres, au Conseil de l\u2019Europe. Tous les 6 mois, un nouveau pays. Et du 14 mai au 14 novembre, c\u2019est au tour de Malte d\u2019en prendre la responsabilit\u00e9. Outre ses engagements politiques, le plus petit pays de l\u2019UE en profite pour nous entra\u00eener dans la richesse de sa culture. Avec une c\u00e9r\u00e9monie d\u2019inauguration le 28 mai, o\u00f9 tu es invit\u00e9(e)\u00a0! On t\u2019en dit plus.<\/b><\/p>\n<p>La Pr\u00e9sidence du Comit\u00e9 des Ministres\u00a0: k\u00e9sako\u00a0?<\/p>\n<p>Pour comprendre ce qui se jouer, il faut comprendre<b> le r\u00f4le du Comit\u00e9 des ministres<\/b>. <b>Organe ex\u00e9cutif du Conseil de l\u2019Europe<\/b>, il est<b> <\/b>charg\u00e9 \u2013 entre autres \u2013 de superviser les travaux du Conseil, mettre en \u0153uvre les d\u00e9cisions et <b>discuter des grandes questions europ\u00e9ennes<\/b>.<\/p>\n<p><b>Il se compose des ministres des Affaires \u00e9trang\u00e8res<\/b> lors de la session minist\u00e9rielle annuelle (ici, Ian Borg, Vice-Premier ministre et ministre des Affaires \u00e9trang\u00e8res et du Tourisme de Malte)\u00a0; et de <b>repr\u00e9sentant(e)s permanent(e)s des \u00c9tats membres<\/b>, lors des r\u00e9unions hebdomadaires des D\u00e9l\u00e9gu\u00e9(e)s (ici, l\u2019Ambassadrice Francesca Camilleri Vettiger).<\/p>\n<p>    <img width=\"480\" height=\"600\" src=\"https:\/\/www.europesays.com\/fr\/wp-content\/uploads\/2025\/05\/valletta-photo1-480x600.jpg\" class=\"attachment-image-size-M size-image-size-M\" alt=\"Malte pr\u00e9sidence\" decoding=\"async\" loading=\"lazy\"  \/>         \u00a9 Malta Tourism Authority \/ Document remis <\/p>\n<p>Tous les 6 mois, la<b> Pr\u00e9sidence du Comit\u00e9 des Ministres du Conseil de l\u2019Europe<\/b> est transf\u00e9r\u00e9 d\u2019un pays \u00e0 l\u2019autre (entre les 46 \u00e9tats membres du Conseil), suivant l\u2019ordre alphab\u00e9tique anglais. Et pour faire suite \u00e0 celle de Luxembourg\u00a0: celle de <a href=\"https:\/\/www.coe.int\/fr\/web\/cm\/cm-presidency\" target=\"_blank\" rel=\"noopener\"><b>Malte, qui en prend les commandes du 14 mai au 14 novembre \u2013 pour la quatri\u00e8me fois dans l\u2019histoire du pays<\/b>.<\/a><\/p>\n<p>\u00ab\u00a0<b>Une pr\u00e9sidence qui r\u00e9sonne d\u2019une symbolique forte<\/b>, alors que notre pays c\u00e9l\u00e8bre <b>son 60\u00e8me anniversaire au sein de cette organisation qu\u2019il a rejointe dans l\u2019\u00e9lan de son ind\u00e9pendance [en 1964]<\/b>, affirmant avec fiert\u00e9 son attachement aux valeurs partag\u00e9es\u00a0\u00bb, explique Francesca Camilleri Vettiger.<\/p>\n<p><b>Cette pr\u00e9sidence co\u00efncidera \u00e9galement avec le 75e anniversaire de la Convention europ\u00e9enne des droits de l\u2019homme (le 4 novembre)<\/b>. L\u2019occasion pour Malte de rappeler <b>ses engagements en faveur de la d\u00e9mocratie et du multilat\u00e9ralisme<\/b> (apr\u00e8s ses mandats cons\u00e9cutifs r\u00e9cents en tant que membre \u00e9lu du Conseil de s\u00e9curit\u00e9 des Nations Unies, et \u00e0 la pr\u00e9sidence de l\u2019Organisation pour la s\u00e9curit\u00e9 et la coop\u00e9ration en Europe).<\/p>\n<p>    <img width=\"800\" height=\"563\" src=\"https:\/\/www.europesays.com\/fr\/wp-content\/uploads\/2025\/05\/20250512-prcoe-luzzu11-800x563.jpg\" class=\"attachment-image-size-L size-image-size-L\" alt=\"Malte pr\u00e9sidence\" decoding=\"async\" loading=\"lazy\"  \/>         \u00a9 Malta Tourism Authority \/ Document remis <\/p>\n<p>Parmi ses priorit\u00e9s (\u00e9mises devant le Conseil)\u00a0: <b>l\u2019\u00e9galit\u00e9, le respect et l\u2019inclusion<\/b>, en quatre points\u2026 \u00ab\u00a0Renforcer la <b>protection des enfants<\/b>\u00a0\u00bb, \u00ab\u00a0Lutter <b>contre la violence et la discrimination<\/b>\u00a0\u00bb, \u00ab\u00a0<b>L\u2019inclusion des jeunes <\/b>dans les processus d\u00e9mocratiques\u00a0\u00bb et \u00ab\u00a0La<b> solidarit\u00e9 avec l\u2019Ukraine<\/b>\u00a0\u00bb.<\/p>\n<p>\u00ab\u00a0Mer\u0127ba\u00a0\u00bb [Bienvenue!]\u00a0: une c\u00e9r\u00e9monie d&rsquo;inauguration gratuite<\/p>\n<p>Outre l\u2019implication politique de Malte \u00e0 la t\u00eate du Comit\u00e9 des Ministres, son empreinte sera aussi culturelle, \u00e0 Strasbourg. Pour honorer la Pr\u00e9sidence maltaise, <b>notre ville fera la part belle jusqu\u2019en novembre \u00e0 <\/b><b>\u00ab\u00a0cet \u00e9crin m\u00e9diterran\u00e9en, au carrefour des civilisations \u00e0 la culture vibrante \u00a0\u00bb<\/b> comme nous le d\u00e9crit Jeanne Barseghian, maire de Strasbourg.<\/p>\n<p>                <img width=\"752\" height=\"500\" src=\"https:\/\/www.europesays.com\/fr\/wp-content\/uploads\/2025\/05\/230920-pka-palais-u-36-752x500.jpg\" class=\"attachment-gallery size-gallery\" alt=\"Palais Universitaire\" data-full-url=\"https:\/\/pokaa.fr\/wp-content\/uploads\/2023\/09\/28\/230920-pka-palais-u-36.jpg\" decoding=\"async\" loading=\"lazy\"  \/>            <\/p>\n<p>                <img width=\"752\" height=\"500\" src=\"https:\/\/www.europesays.com\/fr\/wp-content\/uploads\/2025\/05\/230920-pka-palais-u-12-752x500.jpg\" class=\"attachment-gallery size-gallery\" alt=\"Palais Universitaire\" data-full-url=\"https:\/\/pokaa.fr\/wp-content\/uploads\/2023\/09\/28\/230920-pka-palais-u-12.jpg\" decoding=\"async\" loading=\"lazy\"  \/>            <\/p>\n<p>                    Palais universitaire de Strasbourg \u00a9 Adrien Labit \/ Pokaa<\/p>\n<p>Si nous te d\u00e9roulerons bient\u00f4t cette programmation culturelle th\u00e9matique, pr\u00e9vue \u00e0 Strasbourg, commen\u00e7ons ici par <b>la c\u00e9r\u00e9monie d\u2019inauguration<\/b> de la Pr\u00e9sidence de Malte au Comit\u00e9 des Ministres. <b>Le mercredi 28 mai, le Palais Universitaire de Strasbourg accueillera une soir\u00e9e sp\u00e9ciale, entre musique et po\u00e9sie, d\u00e9di\u00e9e \u00e0 la culture maltaise<\/b>. Un rendez-vous <b>gratuit<\/b> (sur r\u00e9servation)\u00a0!<\/p>\n<p>Pour l\u2019incarner :<b> un concert r\u00e9unissant Ira Losco, l\u2019une des t\u00eates d\u2019affiches de la sc\u00e8ne musicale maltaise<\/b> (<a href=\"https:\/\/www.youtube.com\/watch?v=58YS5m3EYVY\" target=\"_blank\" rel=\"noopener\">candidate \u00e0 l\u2019Eurovision en 2002 et 2016<\/a>), <b>la contralto et autrice-compositrice Claire Tonna<\/b> et <b>Jamie Cardona<\/b>, vainqueur du Festival maltais de la chanson 2025.<\/p>\n<p>    <img width=\"800\" height=\"503\" src=\"https:\/\/www.europesays.com\/fr\/wp-content\/uploads\/2025\/05\/artist-collage-update1-800x503.jpg\" class=\"attachment-image-size-L size-image-size-L\" alt=\"Malte pr\u00e9sidence\" decoding=\"async\" loading=\"lazy\"  \/>         Les artistes invit\u00e9(e)s \u00e0 la C\u00e9r\u00e9monie d&rsquo;inauguration &#8211; collage avec les photos de : \u00a9 Daryl Cauchi \u00a9 Marija Grech \u00a9 Big Band Brothers \u00a9 Lisa Attard \u00a9 Stephen Buhagiar \/ Document remis <\/p>\n<p>Accompagn\u00e9es du<b> groupe Big Band Brothers <\/b>\u2013 et de leur leader Daniel Cauchi \u2013, ces trois voix interpr\u00e9teront pour nous des <b>morceaux en maltais<\/b>. Un programme compos\u00e9, entre autres, de <b>reprises de makjetti traditionnels \u2013 <\/b>\u00ab\u00a0des marches embl\u00e9matiques rendant hommage \u00e0 l\u2019h\u00e9ritage de l\u2019\u00eele\u00a0\u00bb. Au c\u0153ur de leur performance\u00a0? La po\u00e9sie d\u2019Oliver Friggieri, \u00ab\u00a0tissant un r\u00e9cit \u00e9mouvant autour de <b>l\u2019identit\u00e9, de l\u2019histoire et du patrimoine artistique de Malte<\/b>\u00a0\u00bb.<\/p>\n<p>Pour leur faire suite\u00a0: <b>Daqxejn ta\u2019 Requiem g\u0127al Leli<\/b>, une performance de la compagnie maltaise Teatru Anon, <b>avec des <\/b><b>marionnettes<\/b><b> et un orchestre<\/b> dirig\u00e9 par Kris Spiteri, qui offre \u00ab\u00a0une r\u00e9flexion profonde sur la m\u00e9moire, l\u2019identit\u00e9 et la r\u00e9silience\u00a0\u00bb.<b> Pour <\/b><b>\u00ab\u00a0un voyage m\u00e9morable \u00e0 travers le pass\u00e9, le pr\u00e9sent et l\u2019avenir de Malte\u00a0\u00bb<\/b>, nous dit-on.<\/p>\n<p>Un bien joli programme\u00a0: r\u00e9serve d\u00e8s \u00e0 pr\u00e9sent ta place. C\u2019est gratuit, alors \u00ab\u00a0Mer\u0127ba\u00a0\u00bb [bienvenue].<\/p>\n<\/p>\n<p>            C\u00e9r\u00e9monie d\u2019inauguration de la Pr\u00e9sidence de Malte au Conseil de l&rsquo;Europe<\/p>\n","protected":false},"excerpt":{"rendered":"Accueil \/ Strasbourg \/ Musique, po\u00e9sie et soleil : ce mercredi, la culture maltaise sera mise \u00e0 l\u2019honneur&hellip;\n","protected":false},"author":2,"featured_media":127265,"comment_status":"","ping_status":"","sticky":false,"template":"","format":"standard","meta":{"footnotes":""},"categories":[2820],"tags":[1111,11,1697,7577,251,1777,674,1011,27,775,326,7950,12,25076,316,25,640],"class_list":{"0":"post-127264","1":"post","2":"type-post","3":"status-publish","4":"format-standard","5":"has-post-thumbnail","7":"category-strasbourg","8":"tag-actu","9":"tag-actualites","10":"tag-concert","11":"tag-conseil-de-leurope","12":"tag-culture","13":"tag-eu","14":"tag-europe","15":"tag-fr","16":"tag-france","17":"tag-grand-est","18":"tag-gratuit","19":"tag-malte","20":"tag-news","21":"tag-palais-universitaire","22":"tag-politique","23":"tag-republique-francaise","24":"tag-strasbourg"},"share_on_mastodon":{"url":"https:\/\/pubeurope.com\/@fr\/114569275182186681","error":""},"_links":{"self":[{"href":"https:\/\/www.europesays.com\/fr\/wp-json\/wp\/v2\/posts\/127264","targetHints":{"allow":["GET"]}}],"collection":[{"href":"https:\/\/www.europesays.com\/fr\/wp-json\/wp\/v2\/posts"}],"about":[{"href":"https:\/\/www.europesays.com\/fr\/wp-json\/wp\/v2\/types\/post"}],"author":[{"embeddable":true,"href":"https:\/\/www.europesays.com\/fr\/wp-json\/wp\/v2\/users\/2"}],"replies":[{"embeddable":true,"href":"https:\/\/www.europesays.com\/fr\/wp-json\/wp\/v2\/comments?post=127264"}],"version-history":[{"count":0,"href":"https:\/\/www.europesays.com\/fr\/wp-json\/wp\/v2\/posts\/127264\/revisions"}],"wp:featuredmedia":[{"embeddable":true,"href":"https:\/\/www.europesays.com\/fr\/wp-json\/wp\/v2\/media\/127265"}],"wp:attachment":[{"href":"https:\/\/www.europesays.com\/fr\/wp-json\/wp\/v2\/media?parent=127264"}],"wp:term":[{"taxonomy":"category","embeddable":true,"href":"https:\/\/www.europesays.com\/fr\/wp-json\/wp\/v2\/categories?post=127264"},{"taxonomy":"post_tag","embeddable":true,"href":"https:\/\/www.europesays.com\/fr\/wp-json\/wp\/v2\/tags?post=127264"}],"curies":[{"name":"wp","href":"https:\/\/api.w.org\/{rel}","templated":true}]}}