{"id":127272,"date":"2025-05-25T15:55:24","date_gmt":"2025-05-25T15:55:24","guid":{"rendered":"https:\/\/www.europesays.com\/fr\/127272\/"},"modified":"2025-05-25T15:55:24","modified_gmt":"2025-05-25T15:55:24","slug":"reze-echanges-culturels-sur-le-theme-de-leau","status":"publish","type":"post","link":"https:\/\/www.europesays.com\/fr\/127272\/","title":{"rendered":"Rez\u00e9. \u00c9changes culturels sur le th\u00e8me de l\u2019eau"},"content":{"rendered":"<p>Vingt-cinq\u00a0coll\u00e9giens allemands et leurs professeures de fran\u00e7ais du Sankt Michael Gymnasium de Ahlen, pr\u00e8s de M\u00fcnster et Dortmund, ont \u00e9t\u00e9 accueillis au coll\u00e8ge Pont-Rousseau dans les familles des \u00e9l\u00e8ves germanistes de quatri\u00e8me et de troisi\u00e8me.<\/p>\n<p>La semaine, \u00e9labor\u00e9e par Viviane Charreyron et Nolwenn Hervy, professeures d\u2019allemand et SVT, \u00e9tait plac\u00e9e sur le th\u00e8me de l\u2019eau.<\/p>\n<p>\u00a0Trentemoult et Nantes \u00e9taient les premi\u00e8res \u00e9tapes de ce s\u00e9jour. Le groupe a ensuite pris la direction de Saint-Nazaire pour visiter le sous-marinEspadon. Il s\u2019est familiaris\u00e9 avec la culture du sel par une visite guid\u00e9e en allemand dans les marais salants de Batz-sur-Mer. Les jeunes Allemands se sont promen\u00e9s dans Gu\u00e9rande et \u00e0 Clisson o\u00f9 ils ont fait du cano\u00eb sur la base nautique. D\u2019ailleurs, cette activit\u00e9 a soud\u00e9 les liens, certains ont m\u00eame fini dans l\u2019eau\u00a0, relatent les enseignantes qui avaient accompagn\u00e9 en Allemagne leurs \u00e9l\u00e8ves en mars dernier. Le s\u00e9jour s\u2019est cl\u00f4tur\u00e9 au coll\u00e8ge autour d\u2019un buffet r\u00e9alis\u00e9 par les familles avec musique, vid\u00e9os du s\u00e9jour en Allemagne et en France. Les coll\u00e9giens vont certainement continuer \u00e0 entretenir des \u00e9changes.<\/p>\n<p>\u00a0<\/p>\n","protected":false},"excerpt":{"rendered":"Vingt-cinq\u00a0coll\u00e9giens allemands et leurs professeures de fran\u00e7ais du Sankt Michael Gymnasium de Ahlen, pr\u00e8s de M\u00fcnster et Dortmund,&hellip;\n","protected":false},"author":2,"featured_media":127273,"comment_status":"","ping_status":"","sticky":false,"template":"","format":"standard","meta":{"footnotes":""},"categories":[2818],"tags":[1111,11,19354,4858,25078,1777,674,1011,27,766,12,2636,25,3740,10948],"class_list":{"0":"post-127272","1":"post","2":"type-post","3":"status-publish","4":"format-standard","5":"has-post-thumbnail","7":"category-nantes","8":"tag-actu","9":"tag-actualites","10":"tag-culturels","11":"tag-eau","12":"tag-echanges","13":"tag-eu","14":"tag-europe","15":"tag-fr","16":"tag-france","17":"tag-nantes","18":"tag-news","19":"tag-pays-de-la-loire","20":"tag-republique-francaise","21":"tag-reze","22":"tag-theme"},"share_on_mastodon":{"url":"https:\/\/pubeurope.com\/@fr\/114569289615792046","error":""},"_links":{"self":[{"href":"https:\/\/www.europesays.com\/fr\/wp-json\/wp\/v2\/posts\/127272","targetHints":{"allow":["GET"]}}],"collection":[{"href":"https:\/\/www.europesays.com\/fr\/wp-json\/wp\/v2\/posts"}],"about":[{"href":"https:\/\/www.europesays.com\/fr\/wp-json\/wp\/v2\/types\/post"}],"author":[{"embeddable":true,"href":"https:\/\/www.europesays.com\/fr\/wp-json\/wp\/v2\/users\/2"}],"replies":[{"embeddable":true,"href":"https:\/\/www.europesays.com\/fr\/wp-json\/wp\/v2\/comments?post=127272"}],"version-history":[{"count":0,"href":"https:\/\/www.europesays.com\/fr\/wp-json\/wp\/v2\/posts\/127272\/revisions"}],"wp:featuredmedia":[{"embeddable":true,"href":"https:\/\/www.europesays.com\/fr\/wp-json\/wp\/v2\/media\/127273"}],"wp:attachment":[{"href":"https:\/\/www.europesays.com\/fr\/wp-json\/wp\/v2\/media?parent=127272"}],"wp:term":[{"taxonomy":"category","embeddable":true,"href":"https:\/\/www.europesays.com\/fr\/wp-json\/wp\/v2\/categories?post=127272"},{"taxonomy":"post_tag","embeddable":true,"href":"https:\/\/www.europesays.com\/fr\/wp-json\/wp\/v2\/tags?post=127272"}],"curies":[{"name":"wp","href":"https:\/\/api.w.org\/{rel}","templated":true}]}}