{"id":127287,"date":"2025-05-25T16:03:09","date_gmt":"2025-05-25T16:03:09","guid":{"rendered":"https:\/\/www.europesays.com\/fr\/127287\/"},"modified":"2025-05-25T16:03:09","modified_gmt":"2025-05-25T16:03:09","slug":"ces-fontaines-fraiches-sont-reinstallees-a-marseille-pour-lete-voici-ou","status":"publish","type":"post","link":"https:\/\/www.europesays.com\/fr\/127287\/","title":{"rendered":"Ces fontaines fra\u00eeches sont r\u00e9install\u00e9es \u00e0 Marseille pour l\u2019\u00e9t\u00e9 : voici o\u00f9\u2009"},"content":{"rendered":"<p>            Par<br \/>\n        <strong><br \/>\n            <a href=\"https:\/\/actu.fr\/auteur\/thibault-nadal-actu-fr\" title=\"Consulter tous les articles de Thibault Nadal\" rel=\"nofollow noopener\" target=\"_blank\">Thibault Nadal<\/a><br \/>\n        <\/strong><\/p>\n<p>        Publi\u00e9 le<\/p>\n<p>            25 mai 2025 \u00e0 6h28        <\/p>\n<p>M\u00eame si le mercure n\u2019est pas encore rendez-vous avec des derniers mois marqu\u00e9s par des \u00e9pisodes de pluie r\u00e9currents, <a href=\"https:\/\/actu.fr\/tag\/metropole-aix-marseille\" rel=\"nofollow noopener\" target=\"_blank\">la m\u00e9tropole Aix-Marseille-Provence<\/a> se veut pr\u00e9voyante. \u00c0 l\u2019aube de la p\u00e9riode estivale et <a href=\"https:\/\/actu.fr\/tag\/vague-de-chaleur\" rel=\"nofollow noopener\" target=\"_blank\">des fortes temp\u00e9ratures<\/a>, elle a d\u00e9cid\u00e9 de r\u00e9installer ses <strong>fontaines r\u00e9frig\u00e9r\u00e9es<\/strong>.<\/p>\n<p class=\" wall-content\">Un dispositif qui avait fait ses preuves l\u2019\u00e9t\u00e9 dernier, lors de la p\u00e9riode des <a href=\"https:\/\/actu.fr\/tag\/jo-paris-2024\" rel=\"nofollow noopener\" target=\"_blank\">Jeux olympiques.<\/a><\/p>\n<p class=\" wall-content\">Voici tous les d\u00e9tails pour en profiter.<\/p>\n<p>Du 15\u00a0mai au 15\u00a0septembre<\/p>\n<p class=\" wall-content\">D\u00e8s la semaine prochaine, il va faire chaud \u00e0 <a href=\"https:\/\/actu.fr\/marseille\/\" rel=\"nofollow noopener\" target=\"_blank\">Marseille<\/a> avec des temp\u00e9ratures d\u00e9passant les 25\u00b0C. Pour se rafra\u00eechir, la m\u00e9tropole a remis en service ses trois fontaines r\u00e9frig\u00e9r\u00e9es depuis le 15\u00a0mai. Elles resteront sur place jusqu\u2019au 15\u00a0septembre.<\/p>\n<p class=\" wall-content\">Ces fontaines permettront aux habitants de se rafra\u00eechir lors des p\u00e9riodes de fortes chaleurs. \u00ab\u2009Nous r\u00e9affirmons ainsi notre engagement en faveur d\u2019un service public de proximit\u00e9 de qualit\u00e9. En r\u00e9installant ces fontaines r\u00e9frig\u00e9r\u00e9es, la M\u00e9tropole poursuit son action pour rendre l\u2019eau toujours plus accessible et partag\u00e9e\u2009\u00bb, se f\u00e9licite, dans un communiqu\u00e9, Martine Vassal, la pr\u00e9sidente (DVD) de la M\u00e9tropole.<\/p>\n<p>Vid\u00e9os : en ce moment sur ActuSur le Vieux-Port, la Corniche et pr\u00e8s du stade V\u00e9lodrome<\/p>\n<p class=\" wall-content\">Pour en profiter, comme l\u2019\u00e9t\u00e9 dernier, trois lieux bien espac\u00e9s dans la ville ont \u00e9t\u00e9 choisis\u2009:<\/p>\n<ul class=\" wall-content\">\n<li>sur le Vieux-Port (1er arrondissement),<\/li>\n<li>sur la Corniche, pr\u00e8s de la Marina (7e),<\/li>\n<li>aux abords du stade V\u00e9lodrome.<\/li>\n<\/ul>\n<p class=\" wall-content\">Outre ces fontaines, la M\u00e9tropole rappelle que <strong>douze stations de m\u00e9tro<\/strong> sont \u00e9quip\u00e9es de fontaines \u00e0 eau (La Rose, Sainte-Marguerite Dromel, Timone, Estrangin, Vieux-Port, R\u00e9form\u00e9s, Joliette, G\u00e8ze, Castellane, Saint-Charles, Rond-Point du Prado et Noailles) et qu\u2019une <strong>quarantaine de sanisettes publiques<\/strong> permettent d\u2019avoir acc\u00e8s \u00e0 de l\u2019eau potable.<\/p>\n<p class=\" wall-content\">Suivez toute l\u2019actualit\u00e9 de vos villes et m\u00e9dias favoris en vous inscrivant \u00e0 <a href=\"https:\/\/moncompte.actu.fr\" title=\"D\u00e9couvez Mon Actu\" rel=\"nofollow noopener\" data-trk=\"{&quot;cta&quot;:{&quot;action&quot;:&quot;https:\\\/\\\/moncompte.actu.fr&quot;,&quot;category&quot;:&quot;mon compte&quot;,&quot;from&quot;:&quot;article footer&quot;,&quot;name&quot;:&quot;Mon actu&quot;,&quot;type&quot;:&quot;cta&quot;}}\" target=\"_blank\">Mon Actu<\/a>.<\/p>\n<ul class=\"ac-article-tag wall-content\">\n<li><a href=\"https:\/\/actu.fr\/tag\/eau-potable\" data-trk=\"{&quot;cta&quot;:{&quot;action&quot;:&quot;Eau potable&quot;,&quot;category&quot;:&quot;tag&quot;,&quot;from&quot;:&quot;article footer&quot;,&quot;name&quot;:&quot;Eau potable&quot;,&quot;type&quot;:&quot;cta&quot;}}\" rel=\"nofollow noopener\" target=\"_blank\">#Eau potable<\/a><\/li>\n<li><a href=\"https:\/\/actu.fr\/tag\/vague-de-chaleur\" data-trk=\"{&quot;cta&quot;:{&quot;action&quot;:&quot;Vague de chaleur&quot;,&quot;category&quot;:&quot;tag&quot;,&quot;from&quot;:&quot;article footer&quot;,&quot;name&quot;:&quot;Vague de chaleur&quot;,&quot;type&quot;:&quot;cta&quot;}}\" rel=\"nofollow noopener\" target=\"_blank\">#Vague de chaleur<\/a><\/li>\n<\/ul>\n","protected":false},"excerpt":{"rendered":"Par Thibault Nadal Publi\u00e9 le 25 mai 2025 \u00e0 6h28 M\u00eame si le mercure n\u2019est pas encore rendez-vous&hellip;\n","protected":false},"author":2,"featured_media":127288,"comment_status":"","ping_status":"","sticky":false,"template":"","format":"standard","meta":{"footnotes":""},"categories":[2814],"tags":[1111,11,9746,1777,674,1011,27,884,12,882,25,104,15637],"class_list":{"0":"post-127287","1":"post","2":"type-post","3":"status-publish","4":"format-standard","5":"has-post-thumbnail","7":"category-marseille","8":"tag-actu","9":"tag-actualites","10":"tag-eau-potable","11":"tag-eu","12":"tag-europe","13":"tag-fr","14":"tag-france","15":"tag-marseille","16":"tag-news","17":"tag-provence-alpes-cote-dazur","18":"tag-republique-francaise","19":"tag-societe","20":"tag-vague-de-chaleur"},"share_on_mastodon":{"url":"https:\/\/pubeurope.com\/@fr\/114569321224722414","error":""},"_links":{"self":[{"href":"https:\/\/www.europesays.com\/fr\/wp-json\/wp\/v2\/posts\/127287","targetHints":{"allow":["GET"]}}],"collection":[{"href":"https:\/\/www.europesays.com\/fr\/wp-json\/wp\/v2\/posts"}],"about":[{"href":"https:\/\/www.europesays.com\/fr\/wp-json\/wp\/v2\/types\/post"}],"author":[{"embeddable":true,"href":"https:\/\/www.europesays.com\/fr\/wp-json\/wp\/v2\/users\/2"}],"replies":[{"embeddable":true,"href":"https:\/\/www.europesays.com\/fr\/wp-json\/wp\/v2\/comments?post=127287"}],"version-history":[{"count":0,"href":"https:\/\/www.europesays.com\/fr\/wp-json\/wp\/v2\/posts\/127287\/revisions"}],"wp:featuredmedia":[{"embeddable":true,"href":"https:\/\/www.europesays.com\/fr\/wp-json\/wp\/v2\/media\/127288"}],"wp:attachment":[{"href":"https:\/\/www.europesays.com\/fr\/wp-json\/wp\/v2\/media?parent=127287"}],"wp:term":[{"taxonomy":"category","embeddable":true,"href":"https:\/\/www.europesays.com\/fr\/wp-json\/wp\/v2\/categories?post=127287"},{"taxonomy":"post_tag","embeddable":true,"href":"https:\/\/www.europesays.com\/fr\/wp-json\/wp\/v2\/tags?post=127287"}],"curies":[{"name":"wp","href":"https:\/\/api.w.org\/{rel}","templated":true}]}}