{"id":127297,"date":"2025-05-25T16:09:07","date_gmt":"2025-05-25T16:09:07","guid":{"rendered":"https:\/\/www.europesays.com\/fr\/127297\/"},"modified":"2025-05-25T16:09:07","modified_gmt":"2025-05-25T16:09:07","slug":"130-pompiers-mobilises-toute-la-nuit-pour-un-violent-incendie-a-lecole-militaire","status":"publish","type":"post","link":"https:\/\/www.europesays.com\/fr\/127297\/","title":{"rendered":"130 pompiers mobilis\u00e9s toute la nuit pour un violent incendie \u00e0 l&rsquo;Ecole militaire"},"content":{"rendered":"<p>            Par<br \/>\n        <strong><br \/>\n            <a href=\"https:\/\/actu.fr\/auteur\/thomas-martin\" title=\"Consulter tous les articles de Thomas Martin\" target=\"_blank\" rel=\"noopener\">Thomas Martin<\/a><br \/>\n        <\/strong><\/p>\n<p>        Publi\u00e9 le<\/p>\n<p>            25 mai 2025 \u00e0 18h00        <\/p>\n<p>L\u2019intervention rapide et massive des <a href=\"https:\/\/actu.fr\/tag\/brigade-de-sapeurs-pompiers-de-paris\" target=\"_blank\" rel=\"noopener\">Pompiers de Paris<\/a> a sans doute permis d\u2019\u00e9viter le pire. Ce dimanche 25 mai, vers 1h30, les soldats du feu ont \u00e9t\u00e9 appel\u00e9s pour un feu de toiture dans une partie des locaux de l\u2019<strong>Ecole militaire<\/strong> (7e arrondissement), qui fait face au Champ-de-Mars et \u00e0 la<a href=\"https:\/\/actu.fr\/tag\/tour-eiffel\" target=\"_blank\" rel=\"noopener\"> tour Eiffel<\/a>, destin\u00e9s \u00e0 l\u2019enseignement et \u00e0 des bureaux.\u00a0<\/p>\n<p>\u00ab\u00a0De gros d\u00e9g\u00e2ts mat\u00e9riels\u00a0\u00bb<\/p>\n<p class=\" wall-content\">Pour venir \u00e0 bout de l\u2019incendie, 130 pompiers ont \u00e9t\u00e9 mobilis\u00e9s. Ils ont d\u00fb batailler jusqu\u2019\u00e0 7h40. \u00ab\u00a0C\u2019est un feu assez technique\u00a0\u00bb, commente-t-on \u00e0 la BSPP. Aucun bless\u00e9 n\u2019est \u00e0 d\u00e9plorer.\u00a0<\/p>\n<p class=\" wall-content\">Sur X, Josiane Gaude, 1\u00e8re adjointe au maire de l\u2019arrondissement, fait \u00e9tat de \u00ab\u00a0gros d\u00e9g\u00e2ts mat\u00e9riels\u00a0\u00bb.\u00a0<\/p>\n<p class=\" wall-content\">\n<p class=\" wall-content\">L\u2019\u00c9cole militaire, \u00e9difi\u00e9e sous le r\u00e8gne de Louis XV pour former les jeunes cadets de l\u2019arm\u00e9e royale, a accueilli, par la suite, les plus grands hommes de guerre du pays, dont Napol\u00e9on Bonaparte.<\/p>\n<p class=\" wall-content\">Aujourd\u2019hui, l\u2019\u00e9tablissement regroupe les organismes de l\u2019enseignement militaire sup\u00e9rieur o\u00f9 sont form\u00e9s les officiers, et se visite \u00e0 l\u2019occasion des Journ\u00e9es du patrimoine.<\/p>\n<p>Vid\u00e9os : en ce moment sur Actu<\/p>\n<p class=\" wall-content\">Suivez toute l\u2019actualit\u00e9 de vos villes et m\u00e9dias favoris en vous inscrivant \u00e0 <a href=\"https:\/\/moncompte.actu.fr\" title=\"D\u00e9couvez Mon Actu\" rel=\"nofollow noopener\" data-trk=\"{&quot;cta&quot;:{&quot;action&quot;:&quot;https:\\\/\\\/moncompte.actu.fr&quot;,&quot;category&quot;:&quot;mon compte&quot;,&quot;from&quot;:&quot;article footer&quot;,&quot;name&quot;:&quot;Mon actu&quot;,&quot;type&quot;:&quot;cta&quot;}}\" target=\"_blank\">Mon Actu<\/a>.<\/p>\n","protected":false},"excerpt":{"rendered":"Par Thomas Martin Publi\u00e9 le 25 mai 2025 \u00e0 18h00 L\u2019intervention rapide et massive des Pompiers de Paris&hellip;\n","protected":false},"author":2,"featured_media":127298,"comment_status":"","ping_status":"","sticky":false,"template":"","format":"standard","meta":{"footnotes":""},"categories":[1888],"tags":[1111,1928,11,1927,3056,1777,674,118,1011,27,1310,12,1926,626,1925,1311,25],"class_list":{"0":"post-127297","1":"post","2":"type-post","3":"status-publish","4":"format-standard","5":"has-post-thumbnail","7":"category-paris","8":"tag-actu","9":"tag-actu-paris","10":"tag-actualites","11":"tag-actualites-paris","12":"tag-brigade-de-sapeurs-pompiers-de-paris","13":"tag-eu","14":"tag-europe","15":"tag-faits-divers","16":"tag-fr","17":"tag-france","18":"tag-incendie","19":"tag-news","20":"tag-news-paris","21":"tag-paris","22":"tag-paris-news","23":"tag-pompiers","24":"tag-republique-francaise"},"share_on_mastodon":{"url":"https:\/\/pubeurope.com\/@fr\/114569345279489706","error":""},"_links":{"self":[{"href":"https:\/\/www.europesays.com\/fr\/wp-json\/wp\/v2\/posts\/127297","targetHints":{"allow":["GET"]}}],"collection":[{"href":"https:\/\/www.europesays.com\/fr\/wp-json\/wp\/v2\/posts"}],"about":[{"href":"https:\/\/www.europesays.com\/fr\/wp-json\/wp\/v2\/types\/post"}],"author":[{"embeddable":true,"href":"https:\/\/www.europesays.com\/fr\/wp-json\/wp\/v2\/users\/2"}],"replies":[{"embeddable":true,"href":"https:\/\/www.europesays.com\/fr\/wp-json\/wp\/v2\/comments?post=127297"}],"version-history":[{"count":0,"href":"https:\/\/www.europesays.com\/fr\/wp-json\/wp\/v2\/posts\/127297\/revisions"}],"wp:featuredmedia":[{"embeddable":true,"href":"https:\/\/www.europesays.com\/fr\/wp-json\/wp\/v2\/media\/127298"}],"wp:attachment":[{"href":"https:\/\/www.europesays.com\/fr\/wp-json\/wp\/v2\/media?parent=127297"}],"wp:term":[{"taxonomy":"category","embeddable":true,"href":"https:\/\/www.europesays.com\/fr\/wp-json\/wp\/v2\/categories?post=127297"},{"taxonomy":"post_tag","embeddable":true,"href":"https:\/\/www.europesays.com\/fr\/wp-json\/wp\/v2\/tags?post=127297"}],"curies":[{"name":"wp","href":"https:\/\/api.w.org\/{rel}","templated":true}]}}