{"id":127303,"date":"2025-05-25T16:12:27","date_gmt":"2025-05-25T16:12:27","guid":{"rendered":"https:\/\/www.europesays.com\/fr\/127303\/"},"modified":"2025-05-25T16:12:27","modified_gmt":"2025-05-25T16:12:27","slug":"entre-paris-et-amiens-ce-parc-medieval-avec-tour-et-animaux-vous-fait-voyager-dans-le-temps","status":"publish","type":"post","link":"https:\/\/www.europesays.com\/fr\/127303\/","title":{"rendered":"Entre Paris et Amiens, ce parc m\u00e9di\u00e9val avec tour et animaux vous fait voyager dans le temps"},"content":{"rendered":"<p>            Par<br \/>\n        <strong><br \/>\n            <a href=\"https:\/\/actu.fr\/auteur\/adrien-deschepper\" title=\"Consulter tous les articles de Adrien Deschepper\" target=\"_blank\" rel=\"noopener\">Adrien Deschepper<\/a><br \/>\n        <\/strong><\/p>\n<p>        Publi\u00e9 le<\/p>\n<p>            25 mai 2025 \u00e0 17h32        <\/p>\n<p>Le voyage dans le temps est assur\u00e9 ! A <strong>Lassigny<\/strong>, dans l\u2019<a href=\"http:\/\/actu.fr\/oise\/\" target=\"_blank\" rel=\"noopener\">Oise<\/a>, le parc m\u00e9di\u00e9val de la <strong>Tour Roland<\/strong> redonne vie \u00e0 celle d\u2019autrefois. Un site de 2 hectares reconstitu\u00e9 comme il l\u2019\u00e9tait au Moyen \u00c2ge, qui ouvre ses portes aux visiteurs plusieurs fois par an. L\u2019occasion pour les \u00eatres modernes que nous sommes d\u2019en apprendre davantage sur le mode de vie des habitants d\u2019une seigneurie il y a plus de mille ans.<\/p>\n<p class=\" wall-content\">D\u00e8s votre entr\u00e9e, plusieurs <strong>ateliers et maisons m\u00e9di\u00e9vales<\/strong>, r\u00e9serv\u00e9es aux paysans de la basse cour, attireront votre attention. Des b\u00e2timents d\u2019\u00e9poque reconstruits \u00e0 l\u2019identique. F\u00fbt un temps, elles \u00e9taient occup\u00e9es par une poti\u00e8re, un forgeron et un charpentier. Mais ce qui fait rayonner ce site, c\u2019est <strong>une splendide tour de trois \u00e9tages<\/strong>, aussi appel\u00e9e motte castrale, en plein centre du village, \u00e0 l\u2019int\u00e9rieur de laquelle vivait le seigneur.<\/p>\n<p>\u00ab\u00a0Un lieu historique\u00a0\u00bb<\/p>\n<p class=\" wall-content\">Aujourd\u2019hui, cet endroit unique re\u00e7oit des groupes scolaires deux fois par semaine entre mai et juin pour un cours d\u2019histoire dans un lieu qui s\u2019y pr\u00eate parfaitement, o\u00f9 b\u00e9n\u00e9voles et employ\u00e9s endossent le r\u00f4le des artisans, v\u00eatus de <strong>v\u00eatements d\u2019antan<\/strong>. Et plusieurs fois par an, la Tour Roland ouvre au grand public, \u00e0 des dates qu\u2019il ne faut surtout pas manquer.<\/p>\n<blockquote class=\"ac-article-quote wall-content\">\n<p>Il y a mille ans, il y avait vraiment ici une tour comme celle-ci et une basse cour avec des artisans. On est vraiment sur un lieu historique.<\/p>\n<p>    <strong>Bruno de Saedeleer<\/strong><br \/>\n        Directeur de la Tour Roland    <\/p><\/blockquote>\n<p class=\" wall-content\">Ce projet, c\u2019est Bruno de Saedeleer, <strong>un \u00ab\u00a0passionn\u00e9 d\u2019histoire<\/strong> depuis toujours\u00a0\u00bb, qui l\u2019a imagin\u00e9. Il y a plus de dix ans, cet ancien Conti a voulu remettre cette motte \u00e9tat, elle qui avait \u00e9t\u00e9 s\u00e9rieusement d\u00e9grad\u00e9e pendant la Premi\u00e8re guerre mondiale (la commune de Lassigny \u00e9tant sur la ligne de front, occup\u00e9e par les Allemands).<\/p>\n<p><a class=\"jo-module-caroussel__img-container\" href=\"https:\/\/static.actu.fr\/uploads\/2025\/05\/tour-roland-lassigny.jpeg\" title=\"Agrandir la photo La Tour Roland est le joyau du village m\u00e9di\u00e9val de Lassigny. (\u00a9 Adrien Deschepper \/ actu Oise)\" data-idx=\"1\" target=\"_blank\" rel=\"noopener\"><br \/>\n    <img decoding=\"async\" class=\"jo-module-caroussel__img\" loading=\"lazy\" src=\"https:\/\/www.europesays.com\/fr\/wp-content\/uploads\/2025\/05\/tour-roland-lassigny-640x427.jpeg\" alt=\"La Tour Roland est le joyau du village m\u00e9di\u00e9val de Lassigny. (\u00a9 Adrien Deschepper \/ actu Oise)\" width=\"640\" height=\"427\"\/><\/a><a class=\"jo-module-caroussel__img-container\" href=\"https:\/\/static.actu.fr\/uploads\/2025\/05\/lassigny-parc-medieval-oise.jpeg\" title=\"Agrandir la photo Plusieurs b\u00e9n\u00e9voles et employ\u00e9s animent le site de la Tour Roland lorsqu\u2019il ouvre aux visiteurs. (\u00a9 Adrien Deschepper \/ actu Oise)\" data-idx=\"2\" target=\"_blank\" rel=\"noopener\"><br \/>\n    <img decoding=\"async\" class=\"jo-module-caroussel__img\" loading=\"lazy\" src=\"https:\/\/www.europesays.com\/fr\/wp-content\/uploads\/2025\/05\/lassigny-parc-medieval-oise-640x427.jpeg\" alt=\"Plusieurs b\u00e9n\u00e9voles et employ\u00e9s animent le site de la Tour Roland lorsqu\u2019il ouvre aux visiteurs. (\u00a9 Adrien Deschepper \/ actu Oise)\" width=\"640\" height=\"427\"\/><\/a>La vie entre les 10e et 11e si\u00e8cles<\/p>\n<p class=\" wall-content\">\u00ab\u00a0Il fallait \u00e0 mon sens la sauvegarder. <strong>L\u2019id\u00e9e a \u00e9t\u00e9 de tout reconstruire \u00e0 l\u2019identique<\/strong>, ou au plus pr\u00e8s possible en tout cas\u00a0\u00bb, se souvient celui qui prend le r\u00f4le de Roland de Lacheni, le seigneur qui vivait ici \u00e0 l\u2019\u00e9poque, lorsque vient le public. C\u2019est alors qu\u2019il cr\u00e9\u00e9 une association de sauvegarde du patrimoine.<\/p>\n<p class=\" wall-content\">Ici, il a souhait\u00e9 cr\u00e9er une photographie de la vie entre les 10e et 11e si\u00e8cles. Toutes les b\u00e2tisses ont \u00e9t\u00e9 faites \u00e0 la main, par Bruno et cinq anciens de ses coll\u00e8gues.<\/p>\n<blockquote class=\"ac-article-quote wall-content\">\n<p>On a arr\u00eat\u00e9 l&rsquo;histoire \u00e0 la construction de la tour, entre le 10e si\u00e8cle et le 11e. Entre les maisons et les tenues d&rsquo;\u00e9poque que nous portons, tout est coh\u00e9rent.<\/p>\n<p>    <strong>Bruno de Saedeleer<\/strong><br \/>\n        Directeur de la Tour Roland    <\/p><\/blockquote>\n<p class=\" wall-content\">A l\u2019int\u00e9rieur de la tour, une grande table, des bancs, des peaux de b\u00eates, de la vaisselle en poterie, des haches, un grand bouclier\u2026 mais aussi un lit, des toilettes, une salle de bain\u2026 \u00ab\u00a0Tout ce qu\u2019il y a ici est vrai\u00a0\u00bb, assure le seigneur, devant un groupe d\u2019\u00e9l\u00e8ves. \u00ab\u00a0Ici, \u00e0 l\u2019\u00e9poque, on \u00e9tait en pleine for\u00eat. Les b\u00fbcherons avaient abattu tous les arbres et ils avaient fait des champs\u00a0\u00bb.<\/p>\n<p>    <img   decoding=\"async\" loading=\"lazy\" src=\"https:\/\/www.europesays.com\/fr\/wp-content\/uploads\/2025\/05\/tour-roland-lassigny-moyen-age-960x640.jpeg\" alt=\"En tenue d'\u00e9poque, Bruno de Saedeleer se mue en Roland de Lacheni, le seigneur qui occupait la tour au Moyen \u00c2ge.\" width=\"960\" height=\"640\"\/><br \/>\n    En tenue d\u2019\u00e9poque, Bruno de Saedeleer se mue en Roland de Lacheni, le seigneur qui occupait la tour au Moyen \u00c2ge. (\u00a9Adrien Deschepper \/ actu Oise)Animaux et spectacles<\/p>\n<p class=\" wall-content\">Au Moyen \u00c2ge, la motte castrale de Lassigny se trouvait \u00ab\u00a0sur un lieu strat\u00e9gique entre <strong>Compi\u00e8gne<\/strong> et Amiens, ou en direction de <strong>Noyon<\/strong>, une ville qui \u00e9tait en effervescence\u00a0\u00bb, raconte Roland de Lacheni, dans son r\u00f4le. \u00ab\u00a0A l\u2019\u00e9poque, on faisait payer des taxes aux personnes qui passaient\u00a0\u00bb.<\/p>\n<p class=\" wall-content\">Au pied de la tour, en plus des ateliers et habitations, les visiteurs peuvent d\u00e9couvrir une <strong>ferme p\u00e9dagogique<\/strong> avec moutons, ch\u00e8vres, poules, chevaux et vache Highland. Lors de ses journ\u00e9es d\u2019ouverture, la Tour Roland propose diff\u00e9rents spectacles, animations et d\u00e9monstrations, en accueillant diverses troupes et compagnies.<\/p>\n<p>    <a href=\"https:\/\/www.facebook.com\/plugins\/post.php?href=https%3A%2F%2Fwww.facebook.com%2Fphoto.php%3Ffbid%3D1132725812223899%26set%3Da.462169105946243%26type%3D3&amp;show_text=true&amp;width=350\" title=\"Ouvrie le lien\" target=\"_blank\" rel=\"noopener\">Cliquez ici pour visualiser le contenu<\/a><\/p>\n<p class=\" wall-content\">Les prochaines dates : le <strong>dimanche 1er juin<\/strong>, pour un spectacle de farces th\u00e9\u00e2tralis\u00e9es inspir\u00e9es du Moyen \u00c2ge, \u00e0 14h30 et 16h30. Une compagnie de reconstitution Viking sera \u00e9galement pr\u00e9sente. Des visites guid\u00e9es seront propos\u00e9es.<\/p>\n<p class=\" wall-content\">Date importante, le <strong>29 juin<\/strong> prochain, aura lieu la grande f\u00eate m\u00e9di\u00e9vale du site. Plusieurs troupes seront pr\u00e9sentes, un tournoi de chevalerie et des visites guid\u00e9es seront aussi propos\u00e9es. La Tour Roland accueillera \u00e9galement le grand public les 13 juillet et 21 septembre prochains.<\/p>\n<p>Et m\u00eame un escape game<\/p>\n<p class=\" wall-content\">Pour sa premi\u00e8re de l\u2019ann\u00e9e, le 18 mai dernier, plus de 200 personnes avaient r\u00e9pondu pr\u00e9sents pour le spectacle. Un record pour une premi\u00e8re journ\u00e9e, pour ce lieu qui commence \u00e0 \u00eatre de plus en plus connu.<\/p>\n<p class=\" wall-content\">D\u2019autant plus que depuis peu, la communaut\u00e9 de communes du Pays des Sources y a cr\u00e9\u00e9 un <strong>escape game<\/strong>. Prochaines dates : les 21 juin, 9 juillet et 30 ao\u00fbt, de 9h30 \u00e0 17h30. R\u00e9servation obligatoire. Tarifs : 15 euros par personne et 9 euros pour les moins de 12 ans.<\/p>\n<p><strong>Informations pratiques :\u00a0<\/strong><br \/>\nParc de reconstitution historique de la Tour Roland,<br \/>\nImpasse Pierre-Antoine Demoustier, 60310 Lassigny,<br \/>\nTarifs : 8 euros pour les plus de 18 ans, 4 euros pour les plus de 6 ans, gratuit pour les moins de 6 ans,<br \/>\nPlus d\u2019informations <a href=\"https:\/\/tour-roland.com\/\" target=\"_blank\" rel=\"noopener\">ici<\/a>.<\/p>\n<p class=\" wall-content\">Suivez toute l\u2019actualit\u00e9 de vos villes et m\u00e9dias favoris en vous inscrivant \u00e0 <a href=\"https:\/\/moncompte.actu.fr\" title=\"D\u00e9couvez Mon Actu\" rel=\"nofollow noopener\" data-trk=\"{&quot;cta&quot;:{&quot;action&quot;:&quot;https:\\\/\\\/moncompte.actu.fr&quot;,&quot;category&quot;:&quot;mon compte&quot;,&quot;from&quot;:&quot;article footer&quot;,&quot;name&quot;:&quot;Mon actu&quot;,&quot;type&quot;:&quot;cta&quot;}}\" target=\"_blank\">Mon Actu<\/a>.<\/p>\n","protected":false},"excerpt":{"rendered":"Par Adrien Deschepper Publi\u00e9 le 25 mai 2025 \u00e0 17h32 Le voyage dans le temps est assur\u00e9 !&hellip;\n","protected":false},"author":2,"featured_media":127304,"comment_status":"","ping_status":"","sticky":false,"template":"","format":"standard","meta":{"footnotes":""},"categories":[1888],"tags":[11,1777,674,1011,27,7364,12,626,25,104],"class_list":{"0":"post-127303","1":"post","2":"type-post","3":"status-publish","4":"format-standard","5":"has-post-thumbnail","7":"category-paris","8":"tag-actualites","9":"tag-eu","10":"tag-europe","11":"tag-fr","12":"tag-france","13":"tag-loise","14":"tag-news","15":"tag-paris","16":"tag-republique-francaise","17":"tag-societe"},"share_on_mastodon":{"url":"https:\/\/pubeurope.com\/@fr\/114569356592939874","error":""},"_links":{"self":[{"href":"https:\/\/www.europesays.com\/fr\/wp-json\/wp\/v2\/posts\/127303","targetHints":{"allow":["GET"]}}],"collection":[{"href":"https:\/\/www.europesays.com\/fr\/wp-json\/wp\/v2\/posts"}],"about":[{"href":"https:\/\/www.europesays.com\/fr\/wp-json\/wp\/v2\/types\/post"}],"author":[{"embeddable":true,"href":"https:\/\/www.europesays.com\/fr\/wp-json\/wp\/v2\/users\/2"}],"replies":[{"embeddable":true,"href":"https:\/\/www.europesays.com\/fr\/wp-json\/wp\/v2\/comments?post=127303"}],"version-history":[{"count":0,"href":"https:\/\/www.europesays.com\/fr\/wp-json\/wp\/v2\/posts\/127303\/revisions"}],"wp:featuredmedia":[{"embeddable":true,"href":"https:\/\/www.europesays.com\/fr\/wp-json\/wp\/v2\/media\/127304"}],"wp:attachment":[{"href":"https:\/\/www.europesays.com\/fr\/wp-json\/wp\/v2\/media?parent=127303"}],"wp:term":[{"taxonomy":"category","embeddable":true,"href":"https:\/\/www.europesays.com\/fr\/wp-json\/wp\/v2\/categories?post=127303"},{"taxonomy":"post_tag","embeddable":true,"href":"https:\/\/www.europesays.com\/fr\/wp-json\/wp\/v2\/tags?post=127303"}],"curies":[{"name":"wp","href":"https:\/\/api.w.org\/{rel}","templated":true}]}}