{"id":127305,"date":"2025-05-25T16:13:09","date_gmt":"2025-05-25T16:13:09","guid":{"rendered":"https:\/\/www.europesays.com\/fr\/127305\/"},"modified":"2025-05-25T16:13:09","modified_gmt":"2025-05-25T16:13:09","slug":"lhelicoptere-de-vladimir-poutine-vise-par-des-drones-ukrainiens-une-etincelle-dans-le-conflit-en-ukraine","status":"publish","type":"post","link":"https:\/\/www.europesays.com\/fr\/127305\/","title":{"rendered":"L&rsquo;h\u00e9licopt\u00e8re de Vladimir Poutine vis\u00e9 par des drones ukrainiens\u00a0: une \u00e9tincelle dans le conflit en Ukraine\u00a0?"},"content":{"rendered":"<p class=\"ap-StoryElement ap-StoryElement--mb ap-StoryText\">Les forces russes auraient repouss\u00e9 une attaque \u00ab\u00a0massive\u00a0\u00bb de drones ukrainiens visant l&rsquo;h\u00e9licopt\u00e8re de Vladimir Poutine, a <a href=\"https:\/\/tass.com\/politics\/1963135\" target=\"_blank\" rel=\"noopener\">d\u00e9clar\u00e9<\/a> le commandant russe de la division de d\u00e9fense a\u00e9rienne Iouri Dachkine aupr\u00e8s de l&rsquo;agence Tass. En d\u00e9placement dans la r\u00e9gion de Koursk le 20 mai dernier, le pr\u00e9sident a rencontr\u00e9 des volontaires, responsables municipaux et le gouverneur par int\u00e9rim.<\/p>\n<p class=\"ap-StoryElement ap-StoryElement--mb ap-StoryText\">\u00ab\u00a0L&rsquo;h\u00e9licopt\u00e8re du pr\u00e9sident russe s&rsquo;est trouv\u00e9 pratiquement \u00e0 l&rsquo;\u00e9picentre de la riposte \u00e0 une attaque de grande envergure men\u00e9e par les drones de l&rsquo;ennemi\u00a0\u00bb, a affirm\u00e9 Dachkine dans une interview. \u00ab\u00a0L&rsquo;intensit\u00e9 de l&rsquo;attaque pendant le vol de l&rsquo;appareil avec le commandant en chef au-dessus du territoire de la r\u00e9gion de Koursk a augment\u00e9 de mani\u00e8re significative\u00a0\u00bb, a-t-il ajout\u00e9, pr\u00e9cisant que la s\u00e9curit\u00e9 du pr\u00e9sident a bien \u00e9t\u00e9 assur\u00e9e.<\/p>\n<p>Pour acc\u00e9der \u00e0 cet article, veuillez vous connecter au r\u00e9seau internet.<\/p>\n","protected":false},"excerpt":{"rendered":"Les forces russes auraient repouss\u00e9 une attaque \u00ab\u00a0massive\u00a0\u00bb de drones ukrainiens visant l&rsquo;h\u00e9licopt\u00e8re de Vladimir Poutine, a d\u00e9clar\u00e9&hellip;\n","protected":false},"author":2,"featured_media":127306,"comment_status":"","ping_status":"","sticky":false,"template":"","format":"standard","meta":{"footnotes":""},"categories":[1591],"tags":[11,2122,1887,12,1885,1886,132,135],"class_list":{"0":"post-127305","1":"post","2":"type-post","3":"status-publish","4":"format-standard","5":"has-post-thumbnail","7":"category-russie","8":"tag-actualites","9":"tag-conflit-russie-ukraine","10":"tag-federation-de-russie","11":"tag-news","12":"tag-russia","13":"tag-russian-federation","14":"tag-russie","15":"tag-vladimir-poutine"},"share_on_mastodon":{"url":"https:\/\/pubeurope.com\/@fr\/114569360502317415","error":""},"_links":{"self":[{"href":"https:\/\/www.europesays.com\/fr\/wp-json\/wp\/v2\/posts\/127305","targetHints":{"allow":["GET"]}}],"collection":[{"href":"https:\/\/www.europesays.com\/fr\/wp-json\/wp\/v2\/posts"}],"about":[{"href":"https:\/\/www.europesays.com\/fr\/wp-json\/wp\/v2\/types\/post"}],"author":[{"embeddable":true,"href":"https:\/\/www.europesays.com\/fr\/wp-json\/wp\/v2\/users\/2"}],"replies":[{"embeddable":true,"href":"https:\/\/www.europesays.com\/fr\/wp-json\/wp\/v2\/comments?post=127305"}],"version-history":[{"count":0,"href":"https:\/\/www.europesays.com\/fr\/wp-json\/wp\/v2\/posts\/127305\/revisions"}],"wp:featuredmedia":[{"embeddable":true,"href":"https:\/\/www.europesays.com\/fr\/wp-json\/wp\/v2\/media\/127306"}],"wp:attachment":[{"href":"https:\/\/www.europesays.com\/fr\/wp-json\/wp\/v2\/media?parent=127305"}],"wp:term":[{"taxonomy":"category","embeddable":true,"href":"https:\/\/www.europesays.com\/fr\/wp-json\/wp\/v2\/categories?post=127305"},{"taxonomy":"post_tag","embeddable":true,"href":"https:\/\/www.europesays.com\/fr\/wp-json\/wp\/v2\/tags?post=127305"}],"curies":[{"name":"wp","href":"https:\/\/api.w.org\/{rel}","templated":true}]}}