{"id":12731,"date":"2025-04-09T13:32:13","date_gmt":"2025-04-09T13:32:13","guid":{"rendered":"https:\/\/www.europesays.com\/fr\/12731\/"},"modified":"2025-04-09T13:32:13","modified_gmt":"2025-04-09T13:32:13","slug":"lelysee-a-facilite-le-lobbying-de-nestle-alors-quil-savait-quil-trichait","status":"publish","type":"post","link":"https:\/\/www.europesays.com\/fr\/12731\/","title":{"rendered":"L\u2019Elys\u00e9e a facilit\u00e9 le lobbying de Nestl\u00e9 alors qu\u2019il \u00ab\u00a0savait\u00a0\u00bb qu\u2019il \u00ab\u00a0trichait\u00a0\u00bb"},"content":{"rendered":"<p> \u00abL\u2019<a href=\"https:\/\/www.20minutes.fr\/dossier\/elysee\" target=\"_blank\" class=\"color-ultramarine c-link\" rel=\"noopener\">Elys\u00e9e<\/a> n\u2019\u00e9tait pas une forteresse contre le lobbying de Nestl\u00e9.\u00a0\u00bb La phrase du s\u00e9nateur PS Alexandre Ouizille, rapporteur de la commission d\u2019enqu\u00eate sur les <a href=\"https:\/\/www.20minutes.fr\/actu-generale\/4069551-20240109-eau-bouteille-contient-centaines-milliers-particules-plastique-litre-selon-etude\" class=\"color-ultramarine c-link\" target=\"_blank\" rel=\"noopener\">eaux en bouteille<\/a>, r\u00e9sonne comme une accusation directe. Selon lui, la pr\u00e9sidence de la R\u00e9publique a ouvert les portes des minist\u00e8res \u00e0 <a href=\"https:\/\/www.20minutes.fr\/dossier\/nestle\" target=\"_blank\" class=\"color-ultramarine c-link\" rel=\"noopener\">Nestl\u00e9 Waters<\/a> alors qu\u2019elle savait que le groupe suisse \u00ab\u00a0trichait depuis plusieurs ann\u00e9es\u00a0\u00bb sur les <a href=\"https:\/\/www.20minutes.fr\/societe\/4073262-20240129-ultraviolet-charbon-nestle-recours-traitements-interdits-eaux-minerales\" class=\"color-ultramarine c-link\" target=\"_blank\" rel=\"noopener\">traitements appliqu\u00e9s \u00e0 ses eaux min\u00e9rales<\/a>, notamment Perrier et H\u00e9par.<\/p>\n<p>Mardi, lors d\u2019une pr\u00e9sentation publique au S\u00e9nat, le rapporteur a d\u00e9voil\u00e9 la teneur de 74 pages de documents transmis par l\u2019Elys\u00e9e, <a href=\"https:\/\/www.20minutes.fr\/societe\/4147394-20250407-scandale-eaux-bouteille-nestle-alexis-kohler-refuse-temoigner-devant-commission-enquete\" target=\"_blank\" class=\"color-ultramarine c-link\" rel=\"noopener\">faute de pouvoir auditionner Alexis Kohler<\/a>. Le secr\u00e9taire g\u00e9n\u00e9ral de l\u2019Elys\u00e9e, d\u00e9missionnaire, a d\u00e9clin\u00e9 sa convocation au nom de la \u00ab\u00a0s\u00e9paration des pouvoirs\u00a0\u00bb. Ce refus est jug\u00e9 \u00ab\u00a0incompr\u00e9hensible\u00a0\u00bb par le s\u00e9nateur au vu du contenu des \u00e9changes entre la pr\u00e9sidence et Nestl\u00e9 Waters.<\/p>\n<p>Plus de 100 personnes entendues<\/p>\n<p>Ces documents, qui couvrent une p\u00e9riode allant de\u00a02022 \u00e0 fin\u00a02024, attesteraient d\u2019une intense proximit\u00e9 entre l\u2019Elys\u00e9e et le g\u00e9ant de l\u2019<a href=\"https:\/\/www.20minutes.fr\/economie\/agroalimentaire\/\" target=\"_blank\" class=\"color-ultramarine c-link\" rel=\"noopener\">agroalimentaire<\/a>. \u00ab\u00a0Les contacts sont fr\u00e9quents, l\u2019Elys\u00e9e ouvre les portes de certains minist\u00e8res au groupe suisse\u00a0\u00bb, a affirm\u00e9 Alexandre Ouizille, pr\u00e9cisant que la pr\u00e9sidence avait connaissance de contaminations bact\u00e9riologiques.<\/p>\n<\/p>\n<p>En quatre mois de travaux, la commission s\u00e9natoriale a auditionn\u00e9 pr\u00e8s de 100 personnes, dont trois ministres et anciens ministres. Son pr\u00e9sident, Laurent Burgoa (LR), a d\u00e9nonc\u00e9 mardi un manque de transparence syst\u00e9mique, allant jusqu\u2019\u00e0 concerner certaines administrations et \u00ab\u00a0la repr\u00e9sentation nationale elle-m\u00eame\u00a0\u00bb.<\/p>\n<p>Macron nie toute connivence ou entente<\/p>\n<p>Parmi les \u00e9l\u00e9ments les plus sensibles d\u00e9voil\u00e9s figure une rencontre \u00e0 l\u2019Elys\u00e9e le 10\u00a0octobre 2024 entre Alexis Kohler, le directeur g\u00e9n\u00e9ral de Nestl\u00e9 Laurent Freixe et la pr\u00e9sidente de Nestl\u00e9 Waters Muriel Lienau. Face \u00e0 l\u2019ampleur des r\u00e9v\u00e9lations, la commission s\u00e9natoriale entend proposer dans son rapport attendu mi-mai une r\u00e9forme de l\u2019ordonnance de\u00a01958 pour renforcer les pouvoirs du Parlement, estimant qu\u2019en l\u2019\u00e9tat, la possibilit\u00e9 de sanctions judiciaires reste largement th\u00e9orique.<\/p>\n<p><a href=\"https:\/\/www.20minutes.fr\/dossier\/nestle\" target=\"_blank\" class=\"c-link c-btn c-btn--primary\" rel=\"noopener\">Tous nos articles sur Nestl\u00e9<\/a><\/p>\n<p>De son c\u00f4t\u00e9, Nestl\u00e9 Waters continue d\u2019assurer que la s\u00e9curit\u00e9 alimentaire de ses produits n\u2019a jamais \u00e9t\u00e9 compromise et revendique une d\u00e9marche de transparence, tout en demandant une clarification r\u00e9glementaire sur les techniques de filtration autoris\u00e9es. Sollicit\u00e9 mardi, le groupe n\u2019a pas souhait\u00e9 commenter davantage. <a href=\"https:\/\/www.20minutes.fr\/politique\/emmanuel-macron\/\" target=\"_blank\" class=\"color-ultramarine c-link\" rel=\"noopener\">Emmanuel Macron<\/a> avait, en f\u00e9vrier, ni\u00e9 toute connivence ou entente, affirmant ne pas avoir \u00e9t\u00e9 inform\u00e9 de l\u2019affaire.<\/p>\n","protected":false},"excerpt":{"rendered":"\u00abL\u2019Elys\u00e9e n\u2019\u00e9tait pas une forteresse contre le lobbying de Nestl\u00e9.\u00a0\u00bb La phrase du s\u00e9nateur PS Alexandre Ouizille, rapporteur&hellip;\n","protected":false},"author":2,"featured_media":12732,"comment_status":"","ping_status":"","sticky":false,"template":"","format":"standard","meta":{"footnotes":""},"categories":[2],"tags":[47,11,5825,5826,4858,4527,1073,1011,27,5824,12,316,5747,25,1747,1004,104],"class_list":{"0":"post-12731","1":"post","2":"type-post","3":"status-publish","4":"format-standard","5":"has-post-thumbnail","7":"category-actualites","8":"tag-actualite","9":"tag-actualites","10":"tag-agroalimentaire","11":"tag-contamination","12":"tag-eau","13":"tag-elysee","14":"tag-emmanuel-macron","15":"tag-fr","16":"tag-france","17":"tag-nestle","18":"tag-news","19":"tag-politique","20":"tag-rapport","21":"tag-republique-francaise","22":"tag-scandale","23":"tag-senat","24":"tag-societe"},"share_on_mastodon":{"url":"https:\/\/pubeurope.com\/@fr\/114308261119599448","error":""},"_links":{"self":[{"href":"https:\/\/www.europesays.com\/fr\/wp-json\/wp\/v2\/posts\/12731","targetHints":{"allow":["GET"]}}],"collection":[{"href":"https:\/\/www.europesays.com\/fr\/wp-json\/wp\/v2\/posts"}],"about":[{"href":"https:\/\/www.europesays.com\/fr\/wp-json\/wp\/v2\/types\/post"}],"author":[{"embeddable":true,"href":"https:\/\/www.europesays.com\/fr\/wp-json\/wp\/v2\/users\/2"}],"replies":[{"embeddable":true,"href":"https:\/\/www.europesays.com\/fr\/wp-json\/wp\/v2\/comments?post=12731"}],"version-history":[{"count":0,"href":"https:\/\/www.europesays.com\/fr\/wp-json\/wp\/v2\/posts\/12731\/revisions"}],"wp:featuredmedia":[{"embeddable":true,"href":"https:\/\/www.europesays.com\/fr\/wp-json\/wp\/v2\/media\/12732"}],"wp:attachment":[{"href":"https:\/\/www.europesays.com\/fr\/wp-json\/wp\/v2\/media?parent=12731"}],"wp:term":[{"taxonomy":"category","embeddable":true,"href":"https:\/\/www.europesays.com\/fr\/wp-json\/wp\/v2\/categories?post=12731"},{"taxonomy":"post_tag","embeddable":true,"href":"https:\/\/www.europesays.com\/fr\/wp-json\/wp\/v2\/tags?post=12731"}],"curies":[{"name":"wp","href":"https:\/\/api.w.org\/{rel}","templated":true}]}}