{"id":127317,"date":"2025-05-25T16:19:09","date_gmt":"2025-05-25T16:19:09","guid":{"rendered":"https:\/\/www.europesays.com\/fr\/127317\/"},"modified":"2025-05-25T16:19:09","modified_gmt":"2025-05-25T16:19:09","slug":"une-semaine-avant-la-presidentielle-pro-ue-et-nationalistes-se-mesurent-une-derniere-fois-dans-la-rue-liberation","status":"publish","type":"post","link":"https:\/\/www.europesays.com\/fr\/127317\/","title":{"rendered":"une semaine avant la pr\u00e9sidentielle, pro-UE et nationalistes se mesurent une derni\u00e8re fois dans la rue \u2013 Lib\u00e9ration"},"content":{"rendered":"<p class=\"sc-ksZaOG ehjQrN text-element\">Un dernier round avant le second tour. Dimanche 25 mai, le camp pro-europ\u00e9en et son rival nationaliste, <a href=\"https:\/\/www.liberation.fr\/international\/europe\/presidentielle-en-pologne-un-enieme-face-a-face-entre-pro-europeen-et-nationaliste-sur-fond-de-percee-de-lextreme-droite-20250519_M4W4BXLW7FACZOXB25AUMBDXSU\/?redirected=1\" target=\"_blank\" rel=\"noreferrer noopener\" title=\"https:\/\/www.liberation.fr\/international\/europe\/presidentielle-en-pologne-un-enieme-face-a-face-entre-pro-europeen-et-nationaliste-sur-fond-de-percee-de-lextreme-droite-20250519_M4W4BXLW7FACZOXB25AUMBDXSU\/?redirected=1\">qui s\u2019affrontent dimanche 1er juin pour d\u00e9signer le prochain pr\u00e9sident polonais,<\/a> ont rivalis\u00e9 d\u2019affluence dans les rues de la capitale polonaise, avec des dizaines de milliers de partisans de part et d\u2019autre dans la rue.<\/p>\n<p class=\"sc-ksZaOG ehjQrN text-element\">Une \u00abgrande marche des patriotes\u00bb a converg\u00e9 vers la place de la Constitution, en pr\u00e9sence du maire pro-UE de la capitale, Rafal Trzaskowski, 53 ans, soutenu par le gouvernement centriste de Donald Tusk et qui est arriv\u00e9 en t\u00eate au premier tour. \u00abCes \u00e9lections sont l\u2019occasion de construire, de cr\u00e9er et non de d\u00e9truire\u00bb, a-t-il lanc\u00e9 \u00e0 ses partisans.<\/p>\n<p class=\"sc-ksZaOG ehjQrN text-element\">La \u00abmarche pour la Pologne\u00bb de l\u2019historien nationaliste Karol Nawrocki, 42 ans, devait elle se terminer sur la place du Ch\u00e2teau dans la vieille ville de Varsovie, les manifestants scandant des chants patriotiques ou religieux et brandissant notamment des pancartes demandant l\u2019arr\u00eat de l\u2019immigration. \u00abLe changement arrive. Nous allons gagner !\u00bb, a lanc\u00e9 cet admirateur de Donald Trump.<\/p>\n<p class=\"sc-ksZaOG ehjQrN text-element\">Selon ses organisateurs, la marche du candidat nationaliste a r\u00e9uni environ 200 000 personnes, tandis que, selon le Premier ministre Donald Tusk, les pro-Trzaskowski, tr\u00e8s dominateurs dans la capitale polonaise, \u00e9taient 500 000. Des chiffres tr\u00e8s largement nuanc\u00e9s par le site Onet, qui a comptabilis\u00e9 70 000 personnes en soutien de l\u2019historien et 160 000 pour le maire de Varsovie.<\/p>\n<p class=\"sc-ksZaOG ehjQrN text-element\">Les deux hommes sont sortis en t\u00eate du premier tour, dans un mouchoir de poche : <a href=\"https:\/\/www.liberation.fr\/international\/europe\/election-presidentielle-en-pologne-le-candidat-pro-europeen-legerement-en-tete-du-premier-tour-20250518_MACTCFM2VFFAZFFQJVGB7BYCMA\/\" target=\"_blank\" rel=\"noreferrer noopener\" title=\"https:\/\/www.liberation.fr\/international\/europe\/election-presidentielle-en-pologne-le-candidat-pro-europeen-legerement-en-tete-du-premier-tour-20250518_MACTCFM2VFFAZFFQJVGB7BYCMA\/\">31% pour Trzaskowski et 30% pour Nawrocki,<\/a> qui peut s\u2019appuyer sur le score fort de l\u2019extr\u00eame droite au premier tour. Les sondages pr\u00e9voient une \u00e9galit\u00e9 parfaite avec 46,3% pour chacun des candidats \u00e0 la succession d\u2019Andrzej Duda, le pr\u00e9sident sortant conservateur du parti PiS.<\/p>\n<p class=\"sc-ksZaOG ehjQrN text-element\">La victoire de Rafal Trzaskowski permettrait de mettre fin \u00e0 une cohabitation difficile du gouvernement pro-europ\u00e9en du Premier ministre Donald Tusk avec le chef de l\u2019Etat en place, tandis qu\u2019un succ\u00e8s de <a href=\"https:\/\/www.liberation.fr\/idees-et-debats\/en-pologne-en-roumanie-comme-ailleurs-il-est-urgent-de-mobiliser-la-theorie-feministe-face-a-lextreme-droite-20250525_QKJVKZHNU5BYRAJWWQWIBM7L3Q\/\" target=\"_blank\" rel=\"noreferrer noopener\" title=\"https:\/\/www.liberation.fr\/idees-et-debats\/en-pologne-en-roumanie-comme-ailleurs-il-est-urgent-de-mobiliser-la-theorie-feministe-face-a-lextreme-droite-20250525_QKJVKZHNU5BYRAJWWQWIBM7L3Q\/\">son adversaire nationaliste pourrait la compliquer davantage.<\/a><\/p>\n<p class=\"sc-ksZaOG ehjQrN text-element\">Une victoire de Nawrocki pourrait aussi \u00e9branler le soutien ind\u00e9fectible de la Pologne \u00e0 l\u2019Ukraine voisine : il s\u2019oppose en effet \u00e0 l\u2019adh\u00e9sion de Kyiv \u00e0 l\u2019Otan et a d\u00e9nonc\u00e9 <a href=\"https:\/\/www.liberation.fr\/international\/europe\/en-pologne-des-refugies-ukrainiens-de-moins-en-moins-bienvenus-20250516_M2E5DMLP45DH5GLHV2IBMSSZ7A\/\" target=\"_blank\" rel=\"noreferrer noopener\" title=\"https:\/\/www.liberation.fr\/international\/europe\/en-pologne-des-refugies-ukrainiens-de-moins-en-moins-bienvenus-20250516_M2E5DMLP45DH5GLHV2IBMSSZ7A\/\">les avantages accord\u00e9s au million de r\u00e9fugi\u00e9s ukrainiens<\/a> en Pologne, pays d\u2019Europe centrale de 38 millions d\u2019habitants.<\/p>\n","protected":false},"excerpt":{"rendered":"Un dernier round avant le second tour. Dimanche 25 mai, le camp pro-europ\u00e9en et son rival nationaliste, qui&hellip;\n","protected":false},"author":2,"featured_media":127318,"comment_status":"","ping_status":"","sticky":false,"template":"","format":"standard","meta":{"footnotes":""},"categories":[1586],"tags":[11,1777,674,1779,1011,27,12,2437,25,1778,364],"class_list":{"0":"post-127317","1":"post","2":"type-post","3":"status-publish","4":"format-standard","5":"has-post-thumbnail","7":"category-europe","8":"tag-actualites","9":"tag-eu","10":"tag-europe","11":"tag-european-union","12":"tag-fr","13":"tag-france","14":"tag-news","15":"tag-pologne","16":"tag-republique-francaise","17":"tag-ue","18":"tag-union-europeenne"},"share_on_mastodon":{"url":"https:\/\/pubeurope.com\/@fr\/114569384049394581","error":""},"_links":{"self":[{"href":"https:\/\/www.europesays.com\/fr\/wp-json\/wp\/v2\/posts\/127317","targetHints":{"allow":["GET"]}}],"collection":[{"href":"https:\/\/www.europesays.com\/fr\/wp-json\/wp\/v2\/posts"}],"about":[{"href":"https:\/\/www.europesays.com\/fr\/wp-json\/wp\/v2\/types\/post"}],"author":[{"embeddable":true,"href":"https:\/\/www.europesays.com\/fr\/wp-json\/wp\/v2\/users\/2"}],"replies":[{"embeddable":true,"href":"https:\/\/www.europesays.com\/fr\/wp-json\/wp\/v2\/comments?post=127317"}],"version-history":[{"count":0,"href":"https:\/\/www.europesays.com\/fr\/wp-json\/wp\/v2\/posts\/127317\/revisions"}],"wp:featuredmedia":[{"embeddable":true,"href":"https:\/\/www.europesays.com\/fr\/wp-json\/wp\/v2\/media\/127318"}],"wp:attachment":[{"href":"https:\/\/www.europesays.com\/fr\/wp-json\/wp\/v2\/media?parent=127317"}],"wp:term":[{"taxonomy":"category","embeddable":true,"href":"https:\/\/www.europesays.com\/fr\/wp-json\/wp\/v2\/categories?post=127317"},{"taxonomy":"post_tag","embeddable":true,"href":"https:\/\/www.europesays.com\/fr\/wp-json\/wp\/v2\/tags?post=127317"}],"curies":[{"name":"wp","href":"https:\/\/api.w.org\/{rel}","templated":true}]}}