{"id":127321,"date":"2025-05-25T16:21:12","date_gmt":"2025-05-25T16:21:12","guid":{"rendered":"https:\/\/www.europesays.com\/fr\/127321\/"},"modified":"2025-05-25T16:21:12","modified_gmt":"2025-05-25T16:21:12","slug":"le-classement-apres-la-course-de-formule-1","status":"publish","type":"post","link":"https:\/\/www.europesays.com\/fr\/127321\/","title":{"rendered":"Le classement apr\u00e8s la course de Formule 1"},"content":{"rendered":"<p>Dimanche apr\u00e8s-midi, le Rocher accueillait le Grand Prix de Formule 1 de Monaco. Parti en pole position, Lando Norris s&rsquo;est impos\u00e9 sur le Rocher, pour la premi\u00e8re fois de sa carri\u00e8re. Il a termin\u00e9 devant Charles Lerclerc (Ferrari) et son co\u00e9quipier Oscar Piastri, toujours leader du championnat. Verstappen (Red Bull) a conclu la course \u00e0 la 4e place, devant les Fran\u00e7ais Hadjar (Racing Bulls) 6e et Esteban Ocon (Haas), 7e.<\/p>\n<p class=\"mb-m@xs text-l@xs\">En cliquant sur\u00ab J\u2019accepte \u00bb, vous acceptez le d\u00e9p\u00f4t de cookies par des services externes et aurez ainsi acc\u00e8s aux contenus de nos partenaires.<\/p>\n<p class=\"mb-xl@xs text-s@xs\">Plus d\u2019informations sur la page<a href=\"https:\/\/www.20minutes.fr\/gestion-cookies\" class=\"mx-xxs@xs color-ultramarine\" target=\"_blank\" rel=\"noopener\">Politique de gestion des cookies<\/a><\/p>\n<p>J\u2019accepteLe classement du Grand Prix de Monaco 2025<\/p>\n<ol>\n<li>Lando Norris &#8211; McLaren<\/li>\n<li>Charles Leclerc &#8211; Ferrari<\/li>\n<li>Oscar Piastri &#8211; McLaren<\/li>\n<li>Max Verstappen &#8211; Red Bull Racing<\/li>\n<li><a href=\"https:\/\/www.20minutes.fr\/sport\/lewis_hamilton\/\" class=\"color-ultramarine c-link\" target=\"_blank\" rel=\"noopener\">Lewis Hamilton<\/a> &#8211; <a href=\"https:\/\/www.20minutes.fr\/sport\/ferrari\/\" class=\"color-ultramarine c-link\" target=\"_blank\" rel=\"noopener\">Ferrari<\/a><\/li>\n<li>Isack Hadjar &#8211; Racing Bulls, \u00e0 1 tour<\/li>\n<li><a href=\"https:\/\/www.20minutes.fr\/sport\/esteban-ocon\/\" class=\"color-ultramarine c-link\" target=\"_blank\" rel=\"noopener\">Esteban Ocon<\/a> &#8211; Haas F1 Team, \u00e0 1 tour<\/li>\n<li>Liam Lawson &#8211; Racing Bulls, \u00e0 1 tour<\/li>\n<li>Alexander Albon &#8211; Williams, \u00e0 2 tours<\/li>\n<li>Carlos Jr. Sainz &#8211; Williams, \u00e0 2 tours<\/li>\n<li>George Russell &#8211; Mercedes, \u00e0 2 tours<\/li>\n<li>Oliver Bearman &#8211; Haas F1 Team, \u00e0 2 tours<\/li>\n<li>Franco Colapinto &#8211; Alpine, \u00e0 2 tours<\/li>\n<li>Gabriel Bortoleto &#8211; Kick Sauber, \u00e0 2 tours<\/li>\n<li>Lance Stroll &#8211; Aston Martin, \u00e0 2 tours<\/li>\n<li>Nico H\u00fclkenberg &#8211; Kick Sauber, \u00e0 2 tours<\/li>\n<li>Yuki Tsunoda &#8211; Red Bull Racing, \u00e0 2 tours<\/li>\n<li>Andrea Kimi Antonelli &#8211; Mercedes, \u00e0 3 tours<\/li>\n<li><a href=\"https:\/\/www.20minutes.fr\/sport\/fernando_alonso\/\" class=\"color-ultramarine c-link\" target=\"_blank\" rel=\"noopener\">Fernando Alonso<\/a> &#8211; Aston Martin, abandon<\/li>\n<li><a href=\"https:\/\/www.20minutes.fr\/sport\/pierre-gasly\/\" class=\"color-ultramarine c-link\" target=\"_blank\" rel=\"noopener\">Pierre Gasly<\/a> &#8211; <a href=\"https:\/\/www.20minutes.fr\/economie\/auto\/alpine\/\" class=\"color-ultramarine c-link\" target=\"_blank\" rel=\"noopener\">Alpine<\/a>, abandon<\/li>\n<\/ol>\n<p>Le classement g\u00e9n\u00e9ral apr\u00e8s le Grand Prix de Monaco<\/p>\n<ol>\n<li>O. Piastri\t161 points\t4 victoires<\/li>\n<li>L. Norris\t158\t&#8211; 2 victoires<\/li>\n<li>M. Verstappen\t136 &#8211;\t2 victoires<\/li>\n<li>G. Russell\t99\t&#8211;<\/li>\n<li>C. Leclerc\t79\t&#8211;<\/li>\n<li>L. Hamilton\t63\t&#8211;<\/li>\n<li>A. Antonelli\t48\t&#8211;<\/li>\n<li>A. Albon\t42\t&#8211;<\/li>\n<li>E. Ocon\t20\t&#8211;<\/li>\n<li>I. Hadjar\t15\t&#8211;<\/li>\n<li>L. Stroll\t14\t&#8211;<\/li>\n<li>C. Sainz\t12\t&#8211;<\/li>\n<li>Y. Tsunoda\t10\t&#8211;<\/li>\n<li>P. Gasly\t7\t&#8211;<\/li>\n<li>O. Bearman\t6\t&#8211;<\/li>\n<li>N. H\u00fclkenberg\t6\t&#8211;<\/li>\n<li>F. Alonso\t0\t&#8211;<\/li>\n<li>L. Lawson\t4\t&#8211;<\/li>\n<li>J. Doohan\t0\t&#8211;<\/li>\n<li>G. Bortoleto\t0\t&#8211;<\/li>\n<li>F. Colapinto\t0\t&#8211;<\/li>\n<\/ol>\n<p>Le classement des constructeurs F1 &#8211; 2025<\/p>\n<ol>\n<li>McLaren\t319<\/li>\n<li>Mercedes\t147<\/li>\n<li>Red Bull Racing\t143<\/li>\n<li>Ferrari\t142<\/li>\n<li>Williams\t54<\/li>\n<li>Haas F1 Team\t26<\/li>\n<li>Racing Bulls\t22<\/li>\n<li>Aston Martin\t14<\/li>\n<li>Alpine\t7<\/li>\n<li>Kick Sauber\t6<\/li>\n<\/ol>\n","protected":false},"excerpt":{"rendered":"Dimanche apr\u00e8s-midi, le Rocher accueillait le Grand Prix de Formule 1 de Monaco. Parti en pole position, Lando&hellip;\n","protected":false},"author":2,"featured_media":127322,"comment_status":"","ping_status":"","sticky":false,"template":"","format":"standard","meta":{"footnotes":""},"categories":[2],"tags":[11,2240,7842,1011,27,25082,2236,4475,12,25,517],"class_list":{"0":"post-127321","1":"post","2":"type-post","3":"status-publish","4":"format-standard","5":"has-post-thumbnail","7":"category-actualites","8":"tag-actualites","9":"tag-charles-leclerc","10":"tag-formule-1-f1","11":"tag-fr","12":"tag-france","13":"tag-grand-prix-f1-de-monaco","14":"tag-max-verstappen","15":"tag-mclaren","16":"tag-news","17":"tag-republique-francaise","18":"tag-sport"},"share_on_mastodon":{"url":"https:\/\/pubeurope.com\/@fr\/114569391897723445","error":""},"_links":{"self":[{"href":"https:\/\/www.europesays.com\/fr\/wp-json\/wp\/v2\/posts\/127321","targetHints":{"allow":["GET"]}}],"collection":[{"href":"https:\/\/www.europesays.com\/fr\/wp-json\/wp\/v2\/posts"}],"about":[{"href":"https:\/\/www.europesays.com\/fr\/wp-json\/wp\/v2\/types\/post"}],"author":[{"embeddable":true,"href":"https:\/\/www.europesays.com\/fr\/wp-json\/wp\/v2\/users\/2"}],"replies":[{"embeddable":true,"href":"https:\/\/www.europesays.com\/fr\/wp-json\/wp\/v2\/comments?post=127321"}],"version-history":[{"count":0,"href":"https:\/\/www.europesays.com\/fr\/wp-json\/wp\/v2\/posts\/127321\/revisions"}],"wp:featuredmedia":[{"embeddable":true,"href":"https:\/\/www.europesays.com\/fr\/wp-json\/wp\/v2\/media\/127322"}],"wp:attachment":[{"href":"https:\/\/www.europesays.com\/fr\/wp-json\/wp\/v2\/media?parent=127321"}],"wp:term":[{"taxonomy":"category","embeddable":true,"href":"https:\/\/www.europesays.com\/fr\/wp-json\/wp\/v2\/categories?post=127321"},{"taxonomy":"post_tag","embeddable":true,"href":"https:\/\/www.europesays.com\/fr\/wp-json\/wp\/v2\/tags?post=127321"}],"curies":[{"name":"wp","href":"https:\/\/api.w.org\/{rel}","templated":true}]}}