{"id":127337,"date":"2025-05-25T16:31:08","date_gmt":"2025-05-25T16:31:08","guid":{"rendered":"https:\/\/www.europesays.com\/fr\/127337\/"},"modified":"2025-05-25T16:31:08","modified_gmt":"2025-05-25T16:31:08","slug":"repartir-de-lavant-groupe-la-revue-de-presse-italienne-a-j-6-de-la-finale-de-ldc-canal-supporters-psg-24-7","status":"publish","type":"post","link":"https:\/\/www.europesays.com\/fr\/127337\/","title":{"rendered":"Repartir de l&#039;avant, groupe&#8230; La revue de presse italienne \u00e0 J-6 de la finale de LdC &#8211; Canal Supporters PSG 24-7"},"content":{"rendered":"<ol>\n<li><a href=\"https:\/\/news.google.com\/rss\/articles\/CBMirwFBVV95cUxNamVGYVdpNXNzTmpfSE1yUUZPbVNrVDVQWU0zcERJMGYwdmplZVpKcFg2SDRpbXZaRTFsS0MyOHJPT0k5YlNEb1hfY3J6Q2RPUHhvbHVXaXdlTmJ3ak95RktnUnFJWWQ3eVNMdzdBWEZXS2JvZXJzY0ltYTRwa2QxT1NncEdfS05wVlEzb0pPTkFRV1hZYlR0SFJQUHpMQlA5eFV5U2Z0RXBST3Y2LXVR0gG0AUFVX3lxTE0tUW1Jbkd1cy1WQlh4UEVSMlBoNnhRYml0Qno3R3JGU3hTSmhTQWJiRHlTMTctQ0c4YW5Pc1Nnb0duaUlpR1Rzc3lsUS1BRDRLRHFZbG40NVJ1eDlHamJSZVJWdXUxVjJlNVEycWt3UWdpbmZ1OE5BVGl4MUJHX1N2VHhTQldlcXlGYUQ5TVNyZmFSUTNHbzYzdVo4NkJDWW4wRms5LWNlY0FXbmZlVlA4Uy1KVA?oc=5\" target=\"_blank\" rel=\"nofollow noopener\">Repartir de l&rsquo;avant, groupe&#8230; La revue de presse italienne \u00e0 J-6 de la finale de LdC<\/a>&nbsp;&nbsp;Canal Supporters PSG 24-7<\/li>\n<li><a href=\"https:\/\/news.google.com\/rss\/articles\/CBMi0AJBVV95cUxOdFA0UmhJcWhERGZMS1VuSWNqOTdEem1UWDJSRUwtbGFFZVZIc3NudHhQY2hHdUpWaXpERjhvOGJNUTNWUjh4UG00cU8zd2wxclFjT1JtNnEza2pHNjRGS1h1S3pOVUQ4eFpBa1VLOV83ajR5WUVzdUlJMmZSUVpPWm5FMXdvZW1hbENUSm1RMkpLNm1adHhCeWpfeFNObHpnV1E4VjhsNzFVUWp0dVc3RFFhME9sTkEyZC0yVW5IY2ZxNWY4WnJudk02ektXSHNsMkFqMUtkdHhNbW01Z2JyRzh2M1BBU0duSjJnZnF0dWd4MWFGdGV0SWgzQ201X0lSNjBKNEtOUmNKaUFEbWYzNEo1eTdHT0t6elJMSHZhX3dPTDdXSlN3dVFTaTdLalIxQldlRjBlUDRmZGo2aHRQWFQxQUx0dXdVNkxqSzRYODk?oc=5\" target=\"_blank\" rel=\"nofollow noopener\">\u00ab On a pr\u00e9serv\u00e9 les joueurs qui doivent arriver dans la meilleure condition possible \u00e0 Munich \u00bb : l&rsquo;Inter Milan mise d\u00e9sormais tout sur la finale de la Ligue des champions contre le PSG<\/a>&nbsp;&nbsp;L&rsquo;\u00c9quipe<\/li>\n<li><a href=\"https:\/\/news.google.com\/rss\/articles\/CBMitAFBVV95cUxPd3NUR294V09EZ2taYkw3THhmTUpzcG1tZlFRRmJIOTA2S01lTWJLWmZDTTJnWHB5UE4yYlNBNFZVb3J1ZlJMVVpfeWJvclNTLXB2UmlSLWtBX2JQcmM3bWdtUFBNNWoxSVFXa2ZJS1c0LXdsSzNYc3d3T1Rta0dXOW9uem1FdlhjUlRHQThKalJzMi1iRlVKMFUyMFRWYWdTbl91MC0wcUN1SVo2em5ERHBIRUg?oc=5\" target=\"_blank\" rel=\"nofollow noopener\">Inter : les propri\u00e9taires ont pris leur d\u00e9cision pour Simone Inzaghi<\/a>&nbsp;&nbsp;Foot Mercato<\/li>\n<li><a href=\"https:\/\/news.google.com\/rss\/articles\/CBMi8wFBVV95cUxPb0RKVUJDMWpMRGtOazZEZkswOFhWUlREMnJHRkZ0NENCWHZILW1CR1J2YmIybndvZ2c4NW9nTHhkQk82a3lpVkN3SWJ5N1BqejJfRk9WMjdKemU4ZjJxSng3bFlEMVhndkRQdFpTUWJUNU5lVklvSGJVQjJ1OWdEeGc5bkdFamhlVThQMnBRcEVoY3VnRmprMDhnLUNFNk9lNkl2RDY5VWxRaFkzbncwZF9KMTgzTEd6aHJ1MHo1T0ZFa2ZiQ0RhR2tUQ21JUjBsU0o4em9GUE5tTWMzQl8wZF9YcG1rWTJDUEJSWVM3akYwOFE?oc=5\" target=\"_blank\" rel=\"nofollow noopener\">PSG-Inter: l&rsquo;incroyable statistique des Milanais sur la saison de Ligue des champions<\/a>&nbsp;&nbsp;RMC Sport<\/li>\n<li><a href=\"https:\/\/news.google.com\/rss\/articles\/CBMiqAFBVV95cUxOdUE4N3R5N1JiNmpZS3YzdVNiSERIUDhHVHg4ZHFkdlBEaDJnLVVHSlNHZEZmbXkyX09DZXh1WHF2S18wMWtDaS1hM1BRM282amRnTVlkNnNCb0h5M01JWVdlTmRxZXZfcm5hTnBvN29DanJvMzU0QU5PSnk1LS1QQWtzdHp0cXFZcFhHTVU0c29VYkcxSG5CYm53T1Q5bG1PVU5LMExMcFY?oc=5\" target=\"_blank\" rel=\"nofollow noopener\">LdC : L\u2019Arabie Saoudite fait le jeu du PSG<\/a>&nbsp;&nbsp;Foot01<\/li>\n<\/ol>\n","protected":false},"excerpt":{"rendered":"Repartir de l&rsquo;avant, groupe&#8230; La revue de presse italienne \u00e0 J-6 de la finale de LdC&nbsp;&nbsp;Canal Supporters PSG&hellip;\n","protected":false},"author":2,"featured_media":92024,"comment_status":"","ping_status":"","sticky":false,"template":"","format":"standard","meta":{"footnotes":""},"categories":[1410],"tags":[4786,786,448,787,5046,2396,63,1011,27,789,447,626,91,92,25086,93,19330,20357,19331,19332,25087,60,796,96,25088],"class_list":{"0":"post-127337","1":"post","2":"type-post","3":"status-publish","4":"format-standard","5":"has-post-thumbnail","7":"category-football","8":"tag-benjamin-pavard","9":"tag-c1","10":"tag-champions-league","11":"tag-cs","12":"tag-entrainement-collectif","13":"tag-finale","14":"tag-football","15":"tag-fr","16":"tag-france","17":"tag-ldc","18":"tag-ligue-des-champions","19":"tag-paris","20":"tag-paris-saint-germain","21":"tag-paris-sg","22":"tag-piotr-zielinski","23":"tag-psg","24":"tag-psg-int","25":"tag-psg-inter","26":"tag-psg-inter-milan","27":"tag-psgint","28":"tag-revue-de-presse-italienne","29":"tag-sports","30":"tag-uefa-champions-league","31":"tag-une","32":"tag-yann-bisseck"},"share_on_mastodon":{"url":"https:\/\/pubeurope.com\/@fr\/114569431475026122","error":""},"_links":{"self":[{"href":"https:\/\/www.europesays.com\/fr\/wp-json\/wp\/v2\/posts\/127337","targetHints":{"allow":["GET"]}}],"collection":[{"href":"https:\/\/www.europesays.com\/fr\/wp-json\/wp\/v2\/posts"}],"about":[{"href":"https:\/\/www.europesays.com\/fr\/wp-json\/wp\/v2\/types\/post"}],"author":[{"embeddable":true,"href":"https:\/\/www.europesays.com\/fr\/wp-json\/wp\/v2\/users\/2"}],"replies":[{"embeddable":true,"href":"https:\/\/www.europesays.com\/fr\/wp-json\/wp\/v2\/comments?post=127337"}],"version-history":[{"count":0,"href":"https:\/\/www.europesays.com\/fr\/wp-json\/wp\/v2\/posts\/127337\/revisions"}],"wp:featuredmedia":[{"embeddable":true,"href":"https:\/\/www.europesays.com\/fr\/wp-json\/wp\/v2\/media\/92024"}],"wp:attachment":[{"href":"https:\/\/www.europesays.com\/fr\/wp-json\/wp\/v2\/media?parent=127337"}],"wp:term":[{"taxonomy":"category","embeddable":true,"href":"https:\/\/www.europesays.com\/fr\/wp-json\/wp\/v2\/categories?post=127337"},{"taxonomy":"post_tag","embeddable":true,"href":"https:\/\/www.europesays.com\/fr\/wp-json\/wp\/v2\/tags?post=127337"}],"curies":[{"name":"wp","href":"https:\/\/api.w.org\/{rel}","templated":true}]}}