{"id":127338,"date":"2025-05-25T16:32:14","date_gmt":"2025-05-25T16:32:14","guid":{"rendered":"https:\/\/www.europesays.com\/fr\/127338\/"},"modified":"2025-05-25T16:32:14","modified_gmt":"2025-05-25T16:32:14","slug":"charlotte-casiraghi-et-raphael-elmaleh-deja-grand-zinedine-zidane-et-sa-femme-patrick-dempsey-dans-les-paddocks-du-gp-de-f1","status":"publish","type":"post","link":"https:\/\/www.europesays.com\/fr\/127338\/","title":{"rendered":"Charlotte Casiraghi et Rapha\u00ebl Elmaleh (d\u00e9j\u00e0 grand), Zinedine Zidane et sa femme, Patrick Dempsey&#8230; Dans les paddocks du GP de F1"},"content":{"rendered":"<p>Le coup d\u2019envoi du tr\u00e8s attendu <strong>Grand Prix de<br \/>\nMonaco<\/strong> a \u00e9t\u00e9 donn\u00e9, le vendredi 23 mai dernier.<br \/>\nL\u2019occasion pour les fans royaux de voir des membres de la famille<br \/>\nroyale mon\u00e9gasque. Ainsi, les enfants et les petits-enfants de<br \/>\n<strong>la princesse Caroline de Monaco<\/strong> ont volontiers<br \/>\njou\u00e9 au jeu des photographes. C\u2019\u00e9tait, bien entendu, le cas pour<br \/>\n<a href=\"https:\/\/www.closermag.fr\/people\/a-lire-dans-closer-gad-elmaleh-le-cheri-de-charlotte-casiraghi-papa-gateau-p-355350\" target=\"_blank\" rel=\"noopener\"><br \/>\nRapha\u00ebl Elmaleh<\/a>, le fils de <strong>Charlotte<br \/>\nCasiraghi<\/strong> et de Gad Elmaleh.<\/p>\n<p>Ag\u00e9 de 11 ans, <strong>Rapha\u00ebl Elmaleh<\/strong> a pris la pose<br \/>\naux c\u00f4t\u00e9s de m\u00e8re, permettant aux fans de voir \u00e0 quel point il a<br \/>\ngrandi. Apr\u00e8s tout, les apparitions du fils de l\u2019humoriste de 54<br \/>\nans sont tr\u00e8s rares. Sa derni\u00e8re apparition remonte au 11 avril<br \/>\ndernier. Le jeune gar\u00e7on avait particip\u00e9 au <strong>salon du livre<br \/>\nde Paris<\/strong> aux c\u00f4t\u00e9s de <a href=\"https:\/\/www.closermag.fr\/royautes\/charlotte-casiraghi-plus-de-difficultes-la-fille-de-caroline-de-monaco-fait-mouche-avec-un-discours-engage-3526630\" target=\"_blank\" rel=\"noopener\"><br \/>\nCharlotte Casiraghi<\/a>.<\/p>\n<p>Grand Prix de F1 : Zinedine Zidane en famille et Patrick<br \/>\nDempsey \u00e0 Monaco\u2026<\/p>\n<p>Parmi les personnalit\u00e9s pr\u00e9sentes dans les paddocks au GP de F1<br \/>\nde Monaco le samedi 24 dernier, il y avait la famille de<br \/>\n<strong>Zinedine Zidane<\/strong>. En effet, l\u2019ancien footballeur<br \/>\nest venu avec sa Femme, V\u00e9ronique et son fils, <strong>Enzo<br \/>\nZidane<\/strong>, assister aux essais qualificatifs. Le champion du<br \/>\nmonde 1998 \u00e9tait venu soutenir les pilotes.<\/p>\n<p>Sans surprise, <strong>Patrick Dempsey<\/strong> \u00e9tait \u00e9galement<br \/>\nau rendez-vous. Grand habitu\u00e9 du <strong>Grand Prix de<br \/>\nMonaco<\/strong>, l\u2019acteur de 59 ans \u00e9tait pr\u00e9sent dans les<br \/>\npaddocks, le 24 mai dernier. L\u2019ann\u00e9e derni\u00e8re, celui qui a pass\u00e9 11<br \/>\nsaisons dans <strong>Grey\u2019s Anatomy<\/strong> et qui<br \/>\nposs\u00e8de une \u00e9curie automobile \u00e9tait en roue libre en s\u2019installant<br \/>\ndans les si\u00e8ges baquets de certaines voitures de ma<br \/>\ncomp\u00e9tition.<\/p>\n<blockquote class=\"instagram-media\" style=\"background: #ffffff;border: 0;margin: 1px;width: 100%;padding: 0;max-width: 500px;\" data-instgrm-permalink=\"https:\/\/www.instagram.com\/p\/DJ1AXUfCcYP\/?utm_source=ig_web_copy_link&amp;igsh=MzRlODBiNWFlZA==\" data-instgrm-version=\"14\"\/><p>\nRapha\u00ebl Elmaleh : sa relation avec son<br \/>\np\u00e8re<\/p>\n<p>Il est certain que l\u2019apparition de <strong>Rapha\u00ebl<br \/>\nElmaleh<\/strong> au <strong>GP de F1<\/strong> de Monaco a<br \/>\n\u00e9t\u00e9 tr\u00e8s remarqu\u00e9e. Lui qui a \u00e9t\u00e9 la raison du retour de <a href=\"https:\/\/www.telestar.fr\/actu_tv\/derniere-de-tpmp-etrange-coup-de-fil-entre-gad-elmaleh-et-cyril-hanouna-lechange-est-plus-tendu-que-prevu-1711491\" target=\"_blank\" rel=\"noopener\"><br \/>\nGad Elmaleh<\/a> en France. Chose que l\u2019humoriste avait soulign\u00e9e<br \/>\nlors d\u2019une interview \u00e0 Nice-Matin, en 2022. \u00ab\u00a0Mon choix<br \/>\nde revenir en France est aussi d\u00fb \u00e0 mon fils de huit ans\u00a0\u00bb,<br \/>\navait-il confi\u00e9.<\/p>\n<blockquote class=\"instagram-media\" style=\"background: #ffffff;border: 0;margin: 1px;width: 100%;padding: 0;max-width: 500px;\" data-instgrm-permalink=\"https:\/\/www.instagram.com\/reel\/DKCaKcxI_mE\/?utm_source=ig_web_copy_link&amp;igsh=MzRlODBiNWFlZA==\" data-instgrm-version=\"14\"\/>\n<p>\u00ab\u00a0J\u2019essaie d\u2019\u00eatre <strong>l\u00e0 pour<br \/>\nlui<\/strong>, le plus souvent possible\u00a0\u00bb, avait<br \/>\nexpliqu\u00e9 l\u2019humoriste. Rappelons que <strong>Gad Elmaleh<\/strong><br \/>\nest d\u00e9j\u00e0 pr\u00e8s de <strong>No\u00e9<\/strong>, n\u00e9e de sa pr\u00e9c\u00e9dente<br \/>\nrelation. Une premi\u00e8re exp\u00e9rience qui aurait \u00e9puis\u00e9 sa patience,<br \/>\nselon ses dires. \u00ab\u00a0Je crois que j\u2019ai plus de patience avec le<br \/>\npetit qu\u2019avec le grand. Je crois que j\u2019ai <strong>compris<br \/>\nbeaucoup de choses<\/strong>\u00ab\u00a0, avait-il d\u2019ailleurs expliqu\u00e9 au<br \/>\npodcast Monaco Info, en 2024.<\/p>\n<p>Diaporama<br \/>\n<img decoding=\"async\" class=\"diapo_img img-responsive lazy-load\" loading=\"lazy\" src=\"https:\/\/www.europesays.com\/fr\/wp-content\/uploads\/2025\/05\/bestimage_00708267_000035.jpg\"\/><\/p>\n<p>Jean-Fran\u00e7ois Ottonello \/<br \/>\nBestimage<\/p>\n<p>1\/6 Charlotte Casiraghi et Rapha\u00ebl Elmaleh au<br \/>\nGP de F1 de Monaco<\/p>\n<p>Le coup d\u2019envoi du tr\u00e8s attendu Grand Prix de<br \/>\nMonaco a \u00e9t\u00e9 donn\u00e9, le vendredi 23 mai dernier. L\u2019occasion pour les<br \/>\nfans royaux de voir des membres de la famille royale<br \/>\nmon\u00e9gasque.<\/p>\n<p><img decoding=\"async\" class=\"diapo_img img-responsive lazy-load\" loading=\"lazy\" src=\"https:\/\/www.europesays.com\/fr\/wp-content\/uploads\/2025\/05\/bestimage_00708251_000002.jpg\"\/><\/p>\n<p>Lionel Urman \/ Bestimage<\/p>\n<p>2\/6 Rapha\u00ebl Elmaleh : le fils de Charlotte<br \/>\nCasiraghi d\u00e9j\u00e0 grand<\/p>\n<p>Ag\u00e9 de 11 ans, Rapha\u00ebl Elmaleh a pris la pose<br \/>\naux c\u00f4t\u00e9s de m\u00e8re, permettant aux fans de voir \u00e0 quel point il a<br \/>\ngrandi. Apr\u00e8s tout, les apparitions du fils de l\u2019humoriste de 54<br \/>\nans sont tr\u00e8s rares.<\/p>\n<p><img decoding=\"async\" class=\"diapo_img img-responsive lazy-load\" loading=\"lazy\" src=\"https:\/\/www.europesays.com\/fr\/wp-content\/uploads\/2025\/05\/bestimage_00708304_000011.jpg\"\/><\/p>\n<p>Claudia Albuquerque \/ Bestimage<\/p>\n<p>3\/6 Grand Prix de F1 de Monaco : Zin\u00e9dine<br \/>\nZidane en famille<\/p>\n<p>Parmi les personnalit\u00e9s pr\u00e9sentes dans les<br \/>\npaddocks au GP de F1 de Monaco le samedi 24 dernier, il y avait la<br \/>\nfamille de Zinedine Zidane.<\/p>\n<p><img decoding=\"async\" class=\"diapo_img img-responsive lazy-load\" loading=\"lazy\" src=\"https:\/\/www.europesays.com\/fr\/wp-content\/uploads\/2025\/05\/bestimage_00708317_000004.jpg\"\/><\/p>\n<p>Jean-Fran\u00e7ois Ottonello \/<br \/>\nBestimage<\/p>\n<p>4\/6 Grand Prix de F1 de Monaco : Zin\u00e9dine<br \/>\nZidane pr\u00e9sents aux essais qualificatifs<\/p>\n<p>En effet, l\u2019ancien footballeur est venu avec sa<br \/>\nFemme, V\u00e9ronique et son fils, Enzo Zidane, assister aux essais<br \/>\nqualificatifs. Le champion du monde 1998 \u00e9tait venu soutenir les<br \/>\npilotes.<\/p>\n<p><img decoding=\"async\" class=\"diapo_img img-responsive lazy-load\" loading=\"lazy\" src=\"https:\/\/www.europesays.com\/fr\/wp-content\/uploads\/2025\/05\/bestimage_00708317_000008.jpg\"\/><\/p>\n<p>Dylan Meiffret \/ Bestimage<\/p>\n<p>5\/6 GP de F1 de Monaco : Patrick Dempsey,<br \/>\nl\u2019habitu\u00e9 du rendez-vous !<\/p>\n<p>Sans surprise, Patrick Dempsey \u00e9tait \u00e9galement<br \/>\nau rendez-vous. Grand habitu\u00e9 du Grand Prix de Monaco, l\u2019acteur de<br \/>\n59 ans \u00e9tait pr\u00e9sent dans les paddocks, le 24 mai<br \/>\ndernier.<\/p>\n<p><img decoding=\"async\" class=\"diapo_img img-responsive lazy-load\" loading=\"lazy\" src=\"https:\/\/www.europesays.com\/fr\/wp-content\/uploads\/2025\/05\/bestimage_00708304_000008.jpg\"\/><\/p>\n<p>Dylan Meiffret \/ Bestimage<\/p>\n<p>6\/6 Patrick Dempsey : en roue libre au GP de<br \/>\nMonaco<\/p>\n<p>L\u2019ann\u00e9e derni\u00e8re, celui qui a pass\u00e9 11 saisons<br \/>\ndans Grey\u2019s Anatomy et qui<br \/>\nposs\u00e8de une \u00e9curie automobile \u00e9tait en roue libre en s\u2019installant<br \/>\ndans les si\u00e8ges baquets de certaines voitures de ma<br \/>\ncomp\u00e9tition.<\/p>\n<p>L\u2019ann\u00e9e derni\u00e8re, celui qui a pass\u00e9 11 saisons<br \/>\ndans Grey\u2019s Anatomy et qui poss\u00e8de une \u00e9curie<br \/>\nautomobile \u00e9tait en roue libre en s\u2019installant dans les si\u00e8ges<br \/>\nbaquets de certaines voitures de ma comp\u00e9tition.<\/p>\n<p><script async src=\"\/\/www.instagram.com\/embed.js\"><\/script><\/p>\n","protected":false},"excerpt":{"rendered":"Le coup d\u2019envoi du tr\u00e8s attendu Grand Prix de Monaco a \u00e9t\u00e9 donn\u00e9, le vendredi 23 mai dernier.&hellip;\n","protected":false},"author":2,"featured_media":127339,"comment_status":"","ping_status":"","sticky":false,"template":"","format":"standard","meta":{"footnotes":""},"categories":[1359],"tags":[6053,58,59,1454,1011,27,1638,973],"class_list":{"0":"post-127338","1":"post","2":"type-post","3":"status-publish","4":"format-standard","5":"has-post-thumbnail","7":"category-people","8":"tag-diapo-infini","9":"tag-divertissement","10":"tag-entertainment","11":"tag-formule-1","12":"tag-fr","13":"tag-france","14":"tag-has_diapo","15":"tag-people"},"share_on_mastodon":{"url":"https:\/\/pubeurope.com\/@fr\/114569436100936834","error":""},"_links":{"self":[{"href":"https:\/\/www.europesays.com\/fr\/wp-json\/wp\/v2\/posts\/127338","targetHints":{"allow":["GET"]}}],"collection":[{"href":"https:\/\/www.europesays.com\/fr\/wp-json\/wp\/v2\/posts"}],"about":[{"href":"https:\/\/www.europesays.com\/fr\/wp-json\/wp\/v2\/types\/post"}],"author":[{"embeddable":true,"href":"https:\/\/www.europesays.com\/fr\/wp-json\/wp\/v2\/users\/2"}],"replies":[{"embeddable":true,"href":"https:\/\/www.europesays.com\/fr\/wp-json\/wp\/v2\/comments?post=127338"}],"version-history":[{"count":0,"href":"https:\/\/www.europesays.com\/fr\/wp-json\/wp\/v2\/posts\/127338\/revisions"}],"wp:featuredmedia":[{"embeddable":true,"href":"https:\/\/www.europesays.com\/fr\/wp-json\/wp\/v2\/media\/127339"}],"wp:attachment":[{"href":"https:\/\/www.europesays.com\/fr\/wp-json\/wp\/v2\/media?parent=127338"}],"wp:term":[{"taxonomy":"category","embeddable":true,"href":"https:\/\/www.europesays.com\/fr\/wp-json\/wp\/v2\/categories?post=127338"},{"taxonomy":"post_tag","embeddable":true,"href":"https:\/\/www.europesays.com\/fr\/wp-json\/wp\/v2\/tags?post=127338"}],"curies":[{"name":"wp","href":"https:\/\/api.w.org\/{rel}","templated":true}]}}